{"id":70995,"date":"2025-07-25T14:23:49","date_gmt":"2025-07-25T17:23:49","guid":{"rendered":"https:\/\/www.paranapraia.com.br\/?p=70995"},"modified":"2025-07-25T14:23:51","modified_gmt":"2025-07-25T17:23:51","slug":"fibromialgia-e-saude-reprodutiva-da-mulher-como-a-doenca-afeta-o-bem-estar-feminino","status":"publish","type":"post","link":"https:\/\/www.paranapraia.com.br\/index.php\/2025\/07\/25\/fibromialgia-e-saude-reprodutiva-da-mulher-como-a-doenca-afeta-o-bem-estar-feminino\/","title":{"rendered":"Fibromialgia e sa\u00fade reprodutiva da mulher: como a doen\u00e7a afeta o bem-estar feminino"},"content":{"rendered":"\n<p>No \u00faltimo dia 2, o Senado aprovou o Projeto de Lei n\u00ba 3.010\/2019, que equipara pessoas com fibromialgia, assim como aquelas com s\u00edndrome da fadiga cr\u00f4nica e s\u00edndrome complexa de dor regional, \u00e0s pessoas com defici\u00eancia (PCD), garantindo acesso a direitos como cotas em concursos e isen\u00e7\u00e3o de IPI. Estima-se que cerca de 6 a 7 milh\u00f5es de brasileiros convivam com a fibromialgia, sendo a maioria mulheres entre 30 e 60 anos. Essa decis\u00e3o refor\u00e7a o quanto tais doen\u00e7as cr\u00f4nicas afetam a vida do cidad\u00e3o, e no caso das mulheres, os danos se entendem at\u00e9 para a sa\u00fade ginecol\u00f3gica.<\/p>\n\n\n\n<p>O Dr. Vamberto Maia Filho, ginecologista, obstetra e especialista em reprodu\u00e7\u00e3o humana, explica que a doen\u00e7a \u00e9 mais prevalente em mulheres entre 30 e 60 anos e n\u00e3o possui uma causa definida. \u201cO diagn\u00f3stico \u00e9 feito aos poucos e por exclus\u00e3o, j\u00e1 que n\u00e3o existe um marcador laboratorial espec\u00edfico\u201d, explica o m\u00e9dico.<\/p>\n\n\n\n<p>Na pr\u00e1tica cl\u00ednica, os efeitos da fibromialgia podem se manifestar de forma bastante significativa no contexto ginecol\u00f3gico. Entre os sintomas mais comuns, est\u00e3o: dores p\u00e9lvicas persistentes, desconforto durante a rela\u00e7\u00e3o sexual (dispareunia), altera\u00e7\u00f5es no ciclo menstrual e aumento da sensibilidade em regi\u00f5es \u00edntimas.<\/p>\n\n\n\n<p>Segundo o Dr. Vamberto, a fibromialgia potencializa dores que j\u00e1 s\u00e3o comuns na vida da mulher, como aquelas relacionadas ao ciclo menstrual ou \u00e0s rela\u00e7\u00f5es sexuais. \u201cEsse aumento da sensibilidade \u00e0 dor faz com que algumas dores naturais fiquem exacerbadas, o que pode gerar muito desconforto e at\u00e9 confus\u00e3o com diagn\u00f3sticos como a endometriose\u201d, alerta.<\/p>\n\n\n\n<p>Al\u00e9m do impacto f\u00edsico, o componente emocional n\u00e3o pode ser ignorado. \u201cNingu\u00e9m gosta de conviver com dor, e isso afeta diretamente o psicol\u00f3gico da paciente\u201d, pontua o ginecologista. Ele lembra que o ciclo hormonal da mulher \u00e9 regulado por estruturas cerebrais ligadas \u00e0s emo\u00e7\u00f5es, como o sistema l\u00edmbico. Assim, o sofrimento emocional causado pela dor cr\u00f4nica pode desencadear altera\u00e7\u00f5es no ciclo menstrual e na libera\u00e7\u00e3o hormonal.<\/p>\n\n\n\n<p>Esse ciclo de dor, impacto psicol\u00f3gico e desregula\u00e7\u00e3o hormonal cria um cen\u00e1rio que afeta significativamente a qualidade de vida da mulher. \u201cA fibromialgia tem um impacto direto na sa\u00fade ginecol\u00f3gica, e o maior deles \u00e9 a dor constante, que tira o conforto e interfere em momentos \u00edntimos, sociais e profissionais\u201d, resume o especialista.<\/p>\n\n\n\n<p>O tratamento da fibromialgia deve ser feito de forma multidisciplinar, com foco na individualidade de cada mulher. \u201c\u00c9 importante combinar medica\u00e7\u00e3o para dor cr\u00f4nica, fisioterapia p\u00e9lvica, psicoterapia, atividade f\u00edsica leve e, em alguns casos, terapia hormonal. Cuidar do corpo e da mente \u00e9 essencial para reduzir o impacto dos sintomas\u201d, afirma. Pr\u00e1ticas como medita\u00e7\u00e3o, acupuntura e t\u00e9cnicas de relaxamento tamb\u00e9m podem ser associadas ao tratamento, ajudando a melhorar o bem-estar e a qualidade de vida.<\/p>\n\n\n\n<p>\u201cEmbora a doen\u00e7a n\u00e3o tenha cura, o diagn\u00f3stico precoce e a abordagem integrada s\u00e3o fundamentais para o controle dos sintomas e para que a paciente retome sua rotina com mais conforto\u201d,&nbsp; finaliza o m\u00e9dico.&nbsp;<\/p>\n\n\n\n<p><a href=\"https:\/\/vambertomaia.com\/\" target=\"_blank\" rel=\"noreferrer noopener\">Sobre o Dr. Vamberto Maia Filho<\/a>\u00a0&#8211; Especialista em reprodu\u00e7\u00e3o humana e oferece um atendimento personalizado e humanizado, que combina expertise m\u00e9dica nos seus 20 anos de pr\u00e1tica dedicada a infertilidade com acolhimento aos casais que realizam tratamentos de fertilidade. Primeiro residente em reprodu\u00e7\u00e3o humana do Brasil, e participou da equipe que gerou o primeiro beb\u00ea por FIV (fertiliza\u00e7\u00e3o in vitro) do SUS, em Recife. Doutor pela UNIFESP e 11 anos dedicados ao ensino em ginecologia end\u00f3crina com \u00eanfase em pesquisa cient\u00edfica pela mesma universidade. Autor do livro\u00a0<a href=\"https:\/\/www.amazon.com.br\/Filhos-hist%C3%B3rias-inspiradoras-Vamberto-Filho\/dp\/655922600X\" target=\"_blank\" rel=\"noreferrer noopener\"><strong>\u201cFilhos, hist\u00f3rias inspiradoras\u201d<\/strong><\/a><strong>,\u00a0<\/strong>que re\u00fane relatos de mulheres na jornada em busca da maternidade.<\/p>\n\n\n\n<p>Assessoria<\/p>\n","protected":false},"excerpt":{"rendered":"<p>No \u00faltimo dia 2, o Senado aprovou o Projeto de Lei n\u00ba 3.010\/2019, que equipara pessoas com fibromialgia, assim como aquelas com s\u00edndrome da fadiga cr\u00f4nica e s\u00edndrome complexa de dor regional, \u00e0s pessoas com defici\u00eancia (PCD), garantindo acesso a direitos como cotas em concursos e isen\u00e7\u00e3o de IPI. Estima-se que cerca de 6 a [&hellip;]<\/p>\n","protected":false},"author":2,"featured_media":70996,"comment_status":"open","ping_status":"open","sticky":false,"template":"","format":"standard","meta":{"advanced_seo_description":"","jetpack_seo_html_title":"","jetpack_seo_noindex":false,"_jetpack_memberships_contains_paid_content":false,"footnotes":""},"categories":[50],"tags":[],"class_list":{"0":"post-70995","1":"post","2":"type-post","3":"status-publish","4":"format-standard","5":"has-post-thumbnail","7":"category-saude"},"jetpack_featured_media_url":"https:\/\/www.paranapraia.com.br\/wp-content\/uploads\/2025\/07\/unnamed.png","jetpack_sharing_enabled":true,"_links":{"self":[{"href":"https:\/\/www.paranapraia.com.br\/index.php\/wp-json\/wp\/v2\/posts\/70995"}],"collection":[{"href":"https:\/\/www.paranapraia.com.br\/index.php\/wp-json\/wp\/v2\/posts"}],"about":[{"href":"https:\/\/www.paranapraia.com.br\/index.php\/wp-json\/wp\/v2\/types\/post"}],"author":[{"embeddable":true,"href":"https:\/\/www.paranapraia.com.br\/index.php\/wp-json\/wp\/v2\/users\/2"}],"replies":[{"embeddable":true,"href":"https:\/\/www.paranapraia.com.br\/index.php\/wp-json\/wp\/v2\/comments?post=70995"}],"version-history":[{"count":1,"href":"https:\/\/www.paranapraia.com.br\/index.php\/wp-json\/wp\/v2\/posts\/70995\/revisions"}],"predecessor-version":[{"id":70997,"href":"https:\/\/www.paranapraia.com.br\/index.php\/wp-json\/wp\/v2\/posts\/70995\/revisions\/70997"}],"wp:featuredmedia":[{"embeddable":true,"href":"https:\/\/www.paranapraia.com.br\/index.php\/wp-json\/wp\/v2\/media\/70996"}],"wp:attachment":[{"href":"https:\/\/www.paranapraia.com.br\/index.php\/wp-json\/wp\/v2\/media?parent=70995"}],"wp:term":[{"taxonomy":"category","embeddable":true,"href":"https:\/\/www.paranapraia.com.br\/index.php\/wp-json\/wp\/v2\/categories?post=70995"},{"taxonomy":"post_tag","embeddable":true,"href":"https:\/\/www.paranapraia.com.br\/index.php\/wp-json\/wp\/v2\/tags?post=70995"}],"curies":[{"name":"wp","href":"https:\/\/api.w.org\/{rel}","templated":true}]}}