{"id":70992,"date":"2025-07-25T13:58:54","date_gmt":"2025-07-25T16:58:54","guid":{"rendered":"https:\/\/www.paranapraia.com.br\/?p=70992"},"modified":"2025-07-25T13:58:56","modified_gmt":"2025-07-25T16:58:56","slug":"com-nova-metodologia-parana-capacita-80-profissionais-para-cuidados-com-a-saude-mental","status":"publish","type":"post","link":"https:\/\/www.paranapraia.com.br\/index.php\/2025\/07\/25\/com-nova-metodologia-parana-capacita-80-profissionais-para-cuidados-com-a-saude-mental\/","title":{"rendered":"Com nova metodologia, Paran\u00e1 capacita 80 profissionais para cuidados com a sa\u00fade mental"},"content":{"rendered":"\n<p>A Secretaria de Estado da Sa\u00fade (Sesa) encerrou nesta sexta-feira (25) o primeiro ciclo de capacita\u00e7\u00e3o do Manual de Interven\u00e7\u00f5es mhGAP (MI-mhGAP), com foco no fortalecimento da linha de cuidado em sa\u00fade mental na Aten\u00e7\u00e3o Prim\u00e1ria \u00e0 Sa\u00fade (APS). A forma\u00e7\u00e3o teve in\u00edcio no final de junho e, nesta etapa, capacitou 80 profissionais da 4\u00aa Regional de Sa\u00fade de Irati, que atuar\u00e3o como multiplicadores da metodologia em seus territ\u00f3rios.<\/p>\n\n\n\n<p>O treinamento integra as a\u00e7\u00f5es do&nbsp;PlanificaSUS Paran\u00e1 \u2013 Sa\u00fade Mental na APS&nbsp;e faz parte de uma estrat\u00e9gia nacional da Organiza\u00e7\u00e3o Mundial da Sa\u00fade (OMS), por meio do Programa de A\u00e7\u00e3o para Reduzir as Lacunas de Cuidado em Sa\u00fade Mental (mhGAP). O objetivo \u00e9 qualificar profissionais n\u00e3o especialistas para o manejo de transtornos mentais, neurol\u00f3gicos e por uso de subst\u00e2ncias (MNS) nos servi\u00e7os de sa\u00fade da aten\u00e7\u00e3o b\u00e1sica.<\/p>\n\n\n\n<p>O&nbsp;MI-mhGAP&nbsp;\u00e9 um manual que orienta profissionais da Aten\u00e7\u00e3o Prim\u00e1ria \u2014 mesmo aqueles que n\u00e3o s\u00e3o especialistas em sa\u00fade mental \u2014 a identificar, acompanhar e cuidar de pessoas com depress\u00e3o, ansiedade, uso problem\u00e1tico de \u00e1lcool, psicose e outras condi\u00e7\u00f5es. A ferramenta foi desenvolvida pela OMS para ampliar o acesso ao cuidado em sa\u00fade mental em todo o mundo, principalmente em locais onde h\u00e1 menos especialistas dispon\u00edveis.<\/p>\n\n\n\n<p>A forma\u00e7\u00e3o teve carga hor\u00e1ria de 40 horas semanais, ao longo de cinco dias, foi desenvolvida em parceria com a Universidade Estadual do Rio de Janeiro (UERJ) e o Hospital Israelita Albert Einstein (HIAE). As turmas foram divididas por tem\u00e1ticas: a \u201cturma A\u201d aborda depress\u00e3o, autoagress\u00e3o e suic\u00eddio; a \u201cturma B\u201d trata do uso problem\u00e1tico de \u00e1lcool e psicose, al\u00e9m de conte\u00fados comuns, como cuidados essenciais e outras queixas emocionais significativas.<\/p>\n\n\n\n<p>A pr\u00f3xima etapa da capacita\u00e7\u00e3o acontecer\u00e1 na 16\u00aa Regional de Sa\u00fade, em Apucarana, entre os dias 4 e 8 de agosto. A expectativa \u00e9 de que, at\u00e9 2026, todas as 22 Regionais de Sa\u00fade do Estado recebam o treinamento, totalizando&nbsp;480 profissionais multiplicadores, que ir\u00e3o replicar os conhecimentos adquiridos em suas regi\u00f5es, ampliando o alcance das pr\u00e1ticas qualificadas em sa\u00fade mental.<\/p>\n\n\n\n<p>\u201cO Paran\u00e1 tem se destacado no compromisso com a sa\u00fade mental. Essa forma\u00e7\u00e3o \u00e9 uma ferramenta fundamental para fortalecer a atua\u00e7\u00e3o dos nossos profissionais da Aten\u00e7\u00e3o Prim\u00e1ria e garantir que cada pessoa, em qualquer munic\u00edpio do Estado, receba cuidado adequado, humanizado e baseado em evid\u00eancias\u201d, afirmou o secret\u00e1rio de Estado da Sa\u00fade, Beto Preto.<\/p>\n\n\n\n<p>A iniciativa tamb\u00e9m busca promover a integra\u00e7\u00e3o entre os servi\u00e7os da APS e os pontos de aten\u00e7\u00e3o psicossocial especializada, melhorando os processos de trabalho e garantindo uma assist\u00eancia mais eficiente e acolhedora para a popula\u00e7\u00e3o com necessidades em sa\u00fade mental.<\/p>\n\n\n\n<p><strong>PLANIFICASUS&nbsp;<\/strong>\u2013&nbsp;O Paran\u00e1 \u00e9 o primeiro do Pa\u00eds a expandir a metodologia do PlanificaSUS para 100% do territ\u00f3rio estadual. A iniciativa \u00e9 conduzida pelo Grupo Condutor Estadual, que re\u00fane representantes da Sesa, do Conselho de Secretarias Municipais de Sa\u00fade do Paran\u00e1 (Cosems\/PR), da Associa\u00e7\u00e3o dos Cons\u00f3rcios e Associa\u00e7\u00f5es Intermunicipais de Sa\u00fade do Paran\u00e1 (Acispar) e do Conselho Estadual de Sa\u00fade (CES\/PR).<\/p>\n\n\n\n<p>AEN\/PR<\/p>\n","protected":false},"excerpt":{"rendered":"<p>A Secretaria de Estado da Sa\u00fade (Sesa) encerrou nesta sexta-feira (25) o primeiro ciclo de capacita\u00e7\u00e3o do Manual de Interven\u00e7\u00f5es mhGAP (MI-mhGAP), com foco no fortalecimento da linha de cuidado em sa\u00fade mental na Aten\u00e7\u00e3o Prim\u00e1ria \u00e0 Sa\u00fade (APS). A forma\u00e7\u00e3o teve in\u00edcio no final de junho e, nesta etapa, capacitou 80 profissionais da 4\u00aa [&hellip;]<\/p>\n","protected":false},"author":2,"featured_media":70993,"comment_status":"open","ping_status":"open","sticky":false,"template":"","format":"standard","meta":{"advanced_seo_description":"","jetpack_seo_html_title":"","jetpack_seo_noindex":false,"_jetpack_memberships_contains_paid_content":false,"footnotes":""},"categories":[50],"tags":[],"class_list":{"0":"post-70992","1":"post","2":"type-post","3":"status-publish","4":"format-standard","5":"has-post-thumbnail","7":"category-saude"},"jetpack_featured_media_url":"https:\/\/www.paranapraia.com.br\/wp-content\/uploads\/2025\/07\/0d69901d-d5be-4747-b2ee-152187f8194d.jpg","jetpack_sharing_enabled":true,"_links":{"self":[{"href":"https:\/\/www.paranapraia.com.br\/index.php\/wp-json\/wp\/v2\/posts\/70992"}],"collection":[{"href":"https:\/\/www.paranapraia.com.br\/index.php\/wp-json\/wp\/v2\/posts"}],"about":[{"href":"https:\/\/www.paranapraia.com.br\/index.php\/wp-json\/wp\/v2\/types\/post"}],"author":[{"embeddable":true,"href":"https:\/\/www.paranapraia.com.br\/index.php\/wp-json\/wp\/v2\/users\/2"}],"replies":[{"embeddable":true,"href":"https:\/\/www.paranapraia.com.br\/index.php\/wp-json\/wp\/v2\/comments?post=70992"}],"version-history":[{"count":1,"href":"https:\/\/www.paranapraia.com.br\/index.php\/wp-json\/wp\/v2\/posts\/70992\/revisions"}],"predecessor-version":[{"id":70994,"href":"https:\/\/www.paranapraia.com.br\/index.php\/wp-json\/wp\/v2\/posts\/70992\/revisions\/70994"}],"wp:featuredmedia":[{"embeddable":true,"href":"https:\/\/www.paranapraia.com.br\/index.php\/wp-json\/wp\/v2\/media\/70993"}],"wp:attachment":[{"href":"https:\/\/www.paranapraia.com.br\/index.php\/wp-json\/wp\/v2\/media?parent=70992"}],"wp:term":[{"taxonomy":"category","embeddable":true,"href":"https:\/\/www.paranapraia.com.br\/index.php\/wp-json\/wp\/v2\/categories?post=70992"},{"taxonomy":"post_tag","embeddable":true,"href":"https:\/\/www.paranapraia.com.br\/index.php\/wp-json\/wp\/v2\/tags?post=70992"}],"curies":[{"name":"wp","href":"https:\/\/api.w.org\/{rel}","templated":true}]}}