{"id":70989,"date":"2025-07-25T12:13:38","date_gmt":"2025-07-25T15:13:38","guid":{"rendered":"https:\/\/www.paranapraia.com.br\/?p=70989"},"modified":"2025-07-25T12:13:40","modified_gmt":"2025-07-25T15:13:40","slug":"nova-edicao-do-ilha-do-mel-jazz-festival-leva-musica-cultura-e-atividades-artisticas-e-de-bem-estar-para-toda-a-familia-na-paradisiaca-ilha-do-mel","status":"publish","type":"post","link":"https:\/\/www.paranapraia.com.br\/index.php\/2025\/07\/25\/nova-edicao-do-ilha-do-mel-jazz-festival-leva-musica-cultura-e-atividades-artisticas-e-de-bem-estar-para-toda-a-familia-na-paradisiaca-ilha-do-mel\/","title":{"rendered":"Nova edi\u00e7\u00e3o do Ilha do Mel Jazz Festival leva m\u00fasica, cultura e atividades art\u00edsticas e de bem-estar para toda a fam\u00edlia na paradis\u00edaca Ilha do Mel"},"content":{"rendered":"\n<p>Durante os fins de semana do m\u00eas de agosto (sexta\u2013feira a domingo), a Ilha do Mel, em Nova Bras\u00edlia, recebe a nova edi\u00e7\u00e3o do&nbsp;<strong>Ilha do Mel Jazz Festival.&nbsp;<\/strong><\/p>\n\n\n\n<p>Com uma programa\u00e7\u00e3o repleta de atra\u00e7\u00f5es para toda a fam\u00edlia, o evento contar\u00e1 com apresenta\u00e7\u00f5es de jazz music, atividades de pintura ao vivo, aulas de ioga na praia, exposi\u00e7\u00e3o de quadros e obras de arte de artistas locais, oficina de pintura para as crian\u00e7as, educa\u00e7\u00e3o ambiental, entre outros. Toda a programa\u00e7\u00e3o \u00e9 gratuita.&nbsp;<\/p>\n\n\n\n<figure class=\"wp-block-image\"><img decoding=\"async\" src=\"https:\/\/files.pressmanager.net\/clientes\/54d7080528507ba9bf1c4497b09a5ab9\/imagens\/2025\/07\/25\/131dc046f8e97a716af061e14b6b917a_medium.jpg\" alt=\"\"\/><\/figure>\n\n\n\n<p><em>No \u00faltimo ano, a cantora e compositora Let\u00edcia Sabatella fez parte da programa\u00e7\u00e3o &#8211; Cred Paola Koenig<\/em><\/p>\n\n\n\n<p><em>\u201cEstamos muito felizes em poder proporcionar esse grande evento cultural para os moradores e turistas na Ilha do Mel. Temos a expectativa de receber um p\u00fablico de cerca de 40 mil pessoas, oferecendo atividades culturais, consci\u00eancia ambiental e muita divers\u00e3o para toda a fam\u00edlia\u201d<\/em>, comenta Giselle Furtado, uma das organizadoras do&nbsp;<strong>Ilha do Mel Jazz Festival.&nbsp;<\/strong><\/p>\n\n\n\n<p>Ser\u00e3o mais de 90 atra\u00e7\u00f5es musicais, entre cantores e bandas, que passar\u00e3o pelo festival, entre eles, o cantor e compositor&nbsp;<strong>Wes Ventura<\/strong>, o m\u00fasico&nbsp;<strong>Derico<\/strong>, o cantor e m\u00fasico&nbsp;<strong>Nego Blue da Ilha do Mel<\/strong>, entre outros. A programa\u00e7\u00e3o completa ser\u00e1 disponibilizada no perfil oficial no instagram:&nbsp;<a href=\"https:\/\/www.instagram.com\/p\/DLioiRyxxrp\/\" target=\"_blank\" rel=\"noreferrer noopener\">@ilhadomeljazz.&nbsp;<\/a><\/p>\n\n\n\n<figure class=\"wp-block-image\"><img decoding=\"async\" src=\"https:\/\/files.pressmanager.net\/clientes\/54d7080528507ba9bf1c4497b09a5ab9\/imagens\/2025\/07\/25\/4d9f10211044e38298ab3d698568e42c_medium.jpg\" alt=\"\"\/><\/figure>\n\n\n\n<p><em>Nego Blue da Ilha do Mel \u00e9 atra\u00e7\u00e3o confirmada no Ilha do Mel Jazz Festival &#8211; Cred Paola Koenig<\/em><\/p>\n\n\n\n<p>O&nbsp;<strong>Ilha do Mel Jazz Festival&nbsp;<\/strong>tem produ\u00e7\u00e3o da Loba do Mar Eventos, com patroc\u00ednio da Heineken e apoio da Fecom\u00e9rcio, Sesc, Senac, Secretaria do Turismo do Paran\u00e1 e R\u00e1dio Transam\u00e9rica<\/p>\n\n\n\n<p><strong>Servi\u00e7o:<\/strong><br><strong>Ilha do Mel Jazz Festival<br><\/strong><strong>Data<\/strong>: Fins de semana de agosto (sexta-feira a domingo)<br><strong>Programa\u00e7\u00e3o gratuita<br><\/strong><strong>Rede social oficial<\/strong>: instagram:&nbsp;<a href=\"https:\/\/www.instagram.com\/p\/DLioiRyxxrp\/\" target=\"_blank\" rel=\"noreferrer noopener\">@ilhadomeljazz.&nbsp;<\/a><br><strong>Produ\u00e7\u00e3o<\/strong>: Loba do Mar Eventos<br><strong>Patroc\u00ednio<\/strong>: Heineken<br><strong>Apoio<\/strong>: Fecom\u00e9rcio, Sesc, Senac e Secretaria do Turismo do Paran\u00e1, R\u00e1dio Transam\u00e9rica<\/p>\n\n\n\n<p>Assessoria<\/p>\n","protected":false},"excerpt":{"rendered":"<p>Durante os fins de semana do m\u00eas de agosto (sexta\u2013feira a domingo), a Ilha do Mel, em Nova Bras\u00edlia, recebe a nova edi\u00e7\u00e3o do&nbsp;Ilha do Mel Jazz Festival.&nbsp; Com uma programa\u00e7\u00e3o repleta de atra\u00e7\u00f5es para toda a fam\u00edlia, o evento contar\u00e1 com apresenta\u00e7\u00f5es de jazz music, atividades de pintura ao vivo, aulas de ioga na [&hellip;]<\/p>\n","protected":false},"author":2,"featured_media":70990,"comment_status":"open","ping_status":"open","sticky":false,"template":"","format":"standard","meta":{"advanced_seo_description":"","jetpack_seo_html_title":"","jetpack_seo_noindex":false,"_jetpack_memberships_contains_paid_content":false,"footnotes":""},"categories":[76],"tags":[],"class_list":{"0":"post-70989","1":"post","2":"type-post","3":"status-publish","4":"format-standard","5":"has-post-thumbnail","7":"category-ilha-do-mel"},"jetpack_featured_media_url":"https:\/\/www.paranapraia.com.br\/wp-content\/uploads\/2025\/07\/Nova-edicao-do-Ilha-do-Mel-Jazz-Festival-reune-mais-de-90-atraoes-musicais-durante-todo-o-mes-de-agosto-Cred-Durigan-Agencia.jpg","jetpack_sharing_enabled":true,"_links":{"self":[{"href":"https:\/\/www.paranapraia.com.br\/index.php\/wp-json\/wp\/v2\/posts\/70989"}],"collection":[{"href":"https:\/\/www.paranapraia.com.br\/index.php\/wp-json\/wp\/v2\/posts"}],"about":[{"href":"https:\/\/www.paranapraia.com.br\/index.php\/wp-json\/wp\/v2\/types\/post"}],"author":[{"embeddable":true,"href":"https:\/\/www.paranapraia.com.br\/index.php\/wp-json\/wp\/v2\/users\/2"}],"replies":[{"embeddable":true,"href":"https:\/\/www.paranapraia.com.br\/index.php\/wp-json\/wp\/v2\/comments?post=70989"}],"version-history":[{"count":1,"href":"https:\/\/www.paranapraia.com.br\/index.php\/wp-json\/wp\/v2\/posts\/70989\/revisions"}],"predecessor-version":[{"id":70991,"href":"https:\/\/www.paranapraia.com.br\/index.php\/wp-json\/wp\/v2\/posts\/70989\/revisions\/70991"}],"wp:featuredmedia":[{"embeddable":true,"href":"https:\/\/www.paranapraia.com.br\/index.php\/wp-json\/wp\/v2\/media\/70990"}],"wp:attachment":[{"href":"https:\/\/www.paranapraia.com.br\/index.php\/wp-json\/wp\/v2\/media?parent=70989"}],"wp:term":[{"taxonomy":"category","embeddable":true,"href":"https:\/\/www.paranapraia.com.br\/index.php\/wp-json\/wp\/v2\/categories?post=70989"},{"taxonomy":"post_tag","embeddable":true,"href":"https:\/\/www.paranapraia.com.br\/index.php\/wp-json\/wp\/v2\/tags?post=70989"}],"curies":[{"name":"wp","href":"https:\/\/api.w.org\/{rel}","templated":true}]}}