{"id":70986,"date":"2025-07-25T11:59:42","date_gmt":"2025-07-25T14:59:42","guid":{"rendered":"https:\/\/www.paranapraia.com.br\/?p=70986"},"modified":"2025-07-25T11:59:45","modified_gmt":"2025-07-25T14:59:45","slug":"paranagua-celebra-377-anos-com-avancos-na-habitacao-e-saude","status":"publish","type":"post","link":"https:\/\/www.paranapraia.com.br\/index.php\/2025\/07\/25\/paranagua-celebra-377-anos-com-avancos-na-habitacao-e-saude\/","title":{"rendered":"Paranagu\u00e1 celebra 377 anos com avan\u00e7os na habita\u00e7\u00e3o e sa\u00fade"},"content":{"rendered":"\n<p>No pr\u00f3ximo dia 29 de julho a cidade de Paranagu\u00e1 comemora seus 377 anos de funda\u00e7\u00e3o com importantes avan\u00e7os no setor de habita\u00e7\u00e3o, melhorias na sa\u00fade e a valoriza\u00e7\u00e3o de suas tradi\u00e7\u00f5es. As celebra\u00e7\u00f5es marcam um per\u00edodo de progresso e cidadania para os moradores.<\/p>\n\n\n\n<p>Um dos grandes destaques das comemora\u00e7\u00f5es \u00e9 a entrega de 284 t\u00edtulos de propriedade a fam\u00edlias das regi\u00f5es da Ilha dos Valadares, Nilson Neves (CAIC) e Jardim Esperan\u00e7a. Esta iniciativa representa um marco significativo para os cidad\u00e3os que aguardavam a regulariza\u00e7\u00e3o de suas moradias h\u00e1 muitos anos.<\/p>\n\n\n\n<p>O trabalho da Comiss\u00e3o de Regulariza\u00e7\u00e3o Fundi\u00e1ria foi fundamental para possibilitar a entrega aos moradores destas tr\u00eas regi\u00f5es de Paranagu\u00e1, consolidando um importante passo em dire\u00e7\u00e3o \u00e0 justi\u00e7a social e cidadania na cidade. S\u00e3o 133 t\u00edtulos para moradores da regi\u00e3o do Nilson Neves, mais 83 para a Ilha dos Valadares e 58 para moradores do Jardim Esperan\u00e7a.<\/p>\n\n\n\n<p>A secret\u00e1ria de Desenvolvimento Econ\u00f4mico, Habita\u00e7\u00e3o e Regulariza\u00e7\u00e3o Fundi\u00e1ria (Sedehab), Leonice Lara Lacerda, confirmou que a entrega dos t\u00edtulos acontecer\u00e1 no dia 29 de julho, a partir das 13h, no Gin\u00e1sio de Esportes Dr. Joaquim Tramujas, no centro de Paranagu\u00e1.<\/p>\n\n\n\n<p><strong>Sa\u00fade<\/strong><\/p>\n\n\n\n<p>Fazendo parte das comemora\u00e7\u00f5es de anivers\u00e1rio, ser\u00e1 iniciado o atendimento de odontologia para emerg\u00eancias odontol\u00f3gicas na Unidade de Pronto Atendimento (UPA) de Paranagu\u00e1.<\/p>\n\n\n\n<p>O atendimento ser\u00e1 ofertado dentro do odontom\u00f3vel aos finais de semana e feriados. De acordo com a secret\u00e1ria Municipal de Sa\u00fade, Patr\u00edcia Vianna Scacalossi, este servi\u00e7o ser\u00e1 oferecido para aquelas pessoas que tem dor de dente e n\u00e3o podem esperar at\u00e9 o in\u00edcio da semana. Ela tamb\u00e9m lembra que o atendimento de segunda a sexta-feira continuar\u00e1 sendo realizado na Unidade B\u00e1sica de Sa\u00fade (UBS) de Paranagu\u00e1.<\/p>\n\n\n\n<p>E no dia 01 de agosto, come\u00e7am os atendimentos da nova sala de vacinas instalada no Complexo Nazir Chemure Borba (antiga Copel) com hor\u00e1rio estendido. A sala funcionar\u00e1 de segunda a sexta-feira, das 7h \u00e0s 19h, garantindo mais comodidade e conforto para a popula\u00e7\u00e3o, principalmente para aqueles que tem dificuldade de se dirigir \u00e0s unidades b\u00e1sicas em hor\u00e1rio comercial.<\/p>\n\n\n\n<p><strong>Entretenimento<\/strong><\/p>\n\n\n\n<p>Um dos destaques do anivers\u00e1rio ser\u00e3o as onze barracas de gastronomia, cada uma oferecendo um prato especial que mostra a diversidade e a riqueza da culin\u00e1ria local e regional.<\/p>\n\n\n\n<p>O final de semana ser\u00e1 de shows de n\u00edvel local e nacional. Para celebrar as festividades, a cidade recebe, na noite desta sexta-feira (25), shows com Igor Brenaz, a partir das 19h30 e, na sequ\u00eancia, \u00e0s 22h, com a banda S\u00f3 Pra Contrariar.<\/p>\n\n\n\n<p>No s\u00e1bado, dia 26, tem apresenta\u00e7\u00f5es com artistas locais desde \u00e0s 11h at\u00e9 o show principal, \u00e0 noite, com a dupla nacional Humberto e Ronaldo. E no domingo, dia 27, come\u00e7a com Aroldo Amer ao meio-dia e Banda P\u00f3lvora \u00e0s 15h.<\/p>\n\n\n\n<p>Ainda no domingo, \u00e0s 19h, o palco instalado na Pra\u00e7a de Eventos recebe toda a beleza e emo\u00e7\u00e3o da Escola do Teatro Bolshoi no Brasil, com o patroc\u00ednio da Cattalini Terminais Mar\u00edtimos, apresentando o bal\u00e9 cl\u00e1ssico Sonho de uma Noite de Ver\u00e3o. O espet\u00e1culo, gratuito e com classifica\u00e7\u00e3o livre, conta com um elenco de 20 bailarinos da Cia. Jovem da Escola. O bal\u00e9 tem dura\u00e7\u00e3o de aproximadamente uma hora e \u00e9 um verdadeiro conto de fadas ganhando vida no palco.<\/p>\n\n\n\n<p>J\u00e1 na segunda-feira, dia 28, v\u00e9spera do anivers\u00e1rio, a cidade recebe a banda Ra\u00e7a Negra que cantar\u00e1 os parab\u00e9ns na virada da madrugada para o dia 29.<\/p>\n\n\n\n<p><strong>Dia D<\/strong><\/p>\n\n\n\n<p>E o dia do anivers\u00e1rio come\u00e7a com o tradicional hasteamento da bandeira, \u00e0s 8h, na Pra\u00e7a da Marinha (conhecida como Pra\u00e7a Almirante Tamandar\u00e9), na sequ\u00eancia, a partir das 9h, acontece o desfile c\u00edvico e alusivo aos 377 anos de Paranagu\u00e1 na avenida Maximiano da Fonseca.<\/p>\n\n\n\n<p>Escolas municipais, secretarias, col\u00e9gios estaduais, Centros Municipais de Educa\u00e7\u00e3o Infantil e entidades da sociedade civil fazem parte das 180 organiza\u00e7\u00f5es que far\u00e3o parte do desfile. Corpora\u00e7\u00f5es de seguran\u00e7a, clubes de escoteiros e motoclubes, assim como Associa\u00e7\u00e3o de Pais e Amigos dos Excepcionais (Apae), Escola Bil\u00edngue para Surdos &#8220;Nydia Moreira Garc\u00eaz&#8221;, Universidade Aberta \u00e0 Terceira Idade (Unati), representantes do grupo EnvelheSer, da Rede de Combate ao C\u00e2ncer e do Instituto Peito Aberto tamb\u00e9m desfilar\u00e3o pela avenida em comemora\u00e7\u00e3o \u00e0 tricenten\u00e1ria Paranagu\u00e1.<\/p>\n\n\n\n<p>\u00c0s 16h, do dia 29, come\u00e7a a Marcha para Jesus, organizada pela Associa\u00e7\u00e3o de Ministros Evang\u00e9licos de Paranagu\u00e1 (Amep) com sa\u00edda do Aeroparque, seguindo at\u00e9 o Centro Hist\u00f3rico onde, na Pra\u00e7a de Eventos, acontecer\u00e1 o show gospel da cantora Eyshila.<\/p>\n\n\n\n<p>E as festividades continuam com a Camerata Antiqua de Curitiba que tamb\u00e9m se apresentar\u00e1 em Paranagu\u00e1, no dia 31 de julho, \u00e0s 20h, com um concerto em homenagem aos 377 anos da cidade mais antiga do estado. A apresenta\u00e7\u00e3o ser\u00e1 realizada na Catedral de Nossa Senhora do Sant\u00edssimo Ros\u00e1rio, localizada na Rua Prof. Cleto, 26, Centro Hist\u00f3rico, um dos principais cart\u00f5es postais do munic\u00edpio. A entrada \u00e9 gratuita e a Par\u00f3quia sugere a doa\u00e7\u00e3o de 1 kg de alimento n\u00e3o-perec\u00edvel.<\/p>\n\n\n\n<p>Prefeitura de Paranagu\u00e1<\/p>\n","protected":false},"excerpt":{"rendered":"<p>No pr\u00f3ximo dia 29 de julho a cidade de Paranagu\u00e1 comemora seus 377 anos de funda\u00e7\u00e3o com importantes avan\u00e7os no setor de habita\u00e7\u00e3o, melhorias na sa\u00fade e a valoriza\u00e7\u00e3o de suas tradi\u00e7\u00f5es. As celebra\u00e7\u00f5es marcam um per\u00edodo de progresso e cidadania para os moradores. Um dos grandes destaques das comemora\u00e7\u00f5es \u00e9 a entrega de 284 [&hellip;]<\/p>\n","protected":false},"author":2,"featured_media":70987,"comment_status":"open","ping_status":"open","sticky":false,"template":"","format":"standard","meta":{"advanced_seo_description":"","jetpack_seo_html_title":"","jetpack_seo_noindex":false,"_jetpack_memberships_contains_paid_content":false,"footnotes":""},"categories":[77],"tags":[],"class_list":{"0":"post-70986","1":"post","2":"type-post","3":"status-publish","4":"format-standard","5":"has-post-thumbnail","7":"category-paranagua"},"jetpack_featured_media_url":"https:\/\/www.paranapraia.com.br\/wp-content\/uploads\/2025\/07\/17317-scaled.jpg","jetpack_sharing_enabled":true,"_links":{"self":[{"href":"https:\/\/www.paranapraia.com.br\/index.php\/wp-json\/wp\/v2\/posts\/70986"}],"collection":[{"href":"https:\/\/www.paranapraia.com.br\/index.php\/wp-json\/wp\/v2\/posts"}],"about":[{"href":"https:\/\/www.paranapraia.com.br\/index.php\/wp-json\/wp\/v2\/types\/post"}],"author":[{"embeddable":true,"href":"https:\/\/www.paranapraia.com.br\/index.php\/wp-json\/wp\/v2\/users\/2"}],"replies":[{"embeddable":true,"href":"https:\/\/www.paranapraia.com.br\/index.php\/wp-json\/wp\/v2\/comments?post=70986"}],"version-history":[{"count":1,"href":"https:\/\/www.paranapraia.com.br\/index.php\/wp-json\/wp\/v2\/posts\/70986\/revisions"}],"predecessor-version":[{"id":70988,"href":"https:\/\/www.paranapraia.com.br\/index.php\/wp-json\/wp\/v2\/posts\/70986\/revisions\/70988"}],"wp:featuredmedia":[{"embeddable":true,"href":"https:\/\/www.paranapraia.com.br\/index.php\/wp-json\/wp\/v2\/media\/70987"}],"wp:attachment":[{"href":"https:\/\/www.paranapraia.com.br\/index.php\/wp-json\/wp\/v2\/media?parent=70986"}],"wp:term":[{"taxonomy":"category","embeddable":true,"href":"https:\/\/www.paranapraia.com.br\/index.php\/wp-json\/wp\/v2\/categories?post=70986"},{"taxonomy":"post_tag","embeddable":true,"href":"https:\/\/www.paranapraia.com.br\/index.php\/wp-json\/wp\/v2\/tags?post=70986"}],"curies":[{"name":"wp","href":"https:\/\/api.w.org\/{rel}","templated":true}]}}