{"id":70983,"date":"2025-07-25T11:57:52","date_gmt":"2025-07-25T14:57:52","guid":{"rendered":"https:\/\/www.paranapraia.com.br\/?p=70983"},"modified":"2025-07-25T11:57:55","modified_gmt":"2025-07-25T14:57:55","slug":"paranagua-ganha-nova-emissora-educativa-radio-fm-106-3-entra-no-ar-com-foco-em-educacao-cultura-e-integracao-regional-2","status":"publish","type":"post","link":"https:\/\/www.paranapraia.com.br\/index.php\/2025\/07\/25\/paranagua-ganha-nova-emissora-educativa-radio-fm-106-3-entra-no-ar-com-foco-em-educacao-cultura-e-integracao-regional-2\/","title":{"rendered":"Paranagu\u00e1 ganha nova emissora educativa: R\u00e1dio FM 106.3 entra no ar com foco em educa\u00e7\u00e3o, cultura e integra\u00e7\u00e3o regional"},"content":{"rendered":"\n<p>A comunidade do litoral paranaense passou a contar, desde a \u00faltima segunda-feira (21), com uma nova ferramenta de promo\u00e7\u00e3o da educa\u00e7\u00e3o, cultura e cidadania: a R\u00e1dio Educativa 106.3 FM. A solenidade de inaugura\u00e7\u00e3o da emissora foi realizada no audit\u00f3rio do Instituto Federal do Paran\u00e1 (IFPR \u2013 Campus Paranagu\u00e1), localizado no bairro Porto Seguro, e contou com a presen\u00e7a da secret\u00e1ria municipal de Educa\u00e7\u00e3o e Ensino Integral (Semedi), Fab\u00edola Soares Arcega, al\u00e9m de diversas autoridades locais, estaduais e federais.<\/p>\n\n\n\n<p>A emissora entra no ar com a retransmiss\u00e3o da programa\u00e7\u00e3o da R\u00e1dio Nacional, da Empresa Brasil de Comunica\u00e7\u00e3o (EBC), e deve ampliar gradualmente sua grade com conte\u00fados produzidos localmente por alunos e professores do IFPR, al\u00e9m de parcerias com prefeituras e institui\u00e7\u00f5es da regi\u00e3o. A antena da r\u00e1dio foi instalada no Edif\u00edcio Nossa Senhora do Rocio, no Centro Hist\u00f3rico, e o est\u00fadio funciona dentro do campus do IFPR.<\/p>\n\n\n\n<p>A secret\u00e1ria de Educa\u00e7\u00e3o de Paranagu\u00e1, Fab\u00edola Soares Arcega, representou o prefeito Adriano Ramos e a vice-prefeita Fabiana Parro no evento de inaugura\u00e7\u00e3o. Em sua fala, destacou a import\u00e2ncia da parceria com o IFPR e o papel da r\u00e1dio no fortalecimento da educa\u00e7\u00e3o p\u00fablica.<\/p>\n\n\n\n<p>\u201cEstou muito feliz e emocionada em representar o prefeito Adriano Ramos neste ato. Temos mestres formados pelo IFPR atuando na nossa secretaria, temos mestres e doutores formados aqui na nossa rede municipal e em setores da prefeitura. O IFPR \u00e9 nosso parceiro desde que assumimos a nova gest\u00e3o da cidade com a determina\u00e7\u00e3o do prefeito de avan\u00e7ar e inovar na educa\u00e7\u00e3o. A r\u00e1dio certamente deve contribuir para propagar atividades educativas e culturais e ter\u00e1 todo o nosso apoio\u201d, afirmou Fab\u00edola.<\/p>\n\n\n\n<p>Al\u00e9m da Prefeitura de Paranagu\u00e1, a gest\u00e3o municipal de Pontal do Paran\u00e1 tamb\u00e9m sinalizou a inten\u00e7\u00e3o de integrar a iniciativa, com a veicula\u00e7\u00e3o de campanhas educativas voltadas \u00e0s \u00e1reas de sa\u00fade, educa\u00e7\u00e3o, meio ambiente, esporte e cidadania.<\/p>\n\n\n\n<p><strong>Primeira r\u00e1dio educativa do IFPR<\/strong><\/p>\n\n\n\n<p>O reitor do IFPR, Adriano Willian da Silva Viana Pereira, ressaltou o car\u00e1ter hist\u00f3rico da inaugura\u00e7\u00e3o da emissora. \u201cEsse \u00e9 um sonho que vem sendo constru\u00eddo desde 2011. Ao longo deste um ano e meio de gest\u00e3o, acompanhamos de perto a evolu\u00e7\u00e3o do projeto, que agora se torna realidade com a r\u00e1dio levando ao ar conte\u00fados voltados \u00e0 educa\u00e7\u00e3o profissional e \u00e0 cultura brasileira\u201d, afirmou.<\/p>\n\n\n\n<p>Adriano Willian tamb\u00e9m destacou que esta \u00e9 a primeira r\u00e1dio FM educativa operada por um campus do IFPR e uma das poucas mantidas por institutos federais em todo o pa\u00eds. \u201cSomos pioneiros no Sul do Brasil com uma emissora FM voltada \u00e0 forma\u00e7\u00e3o, \u00e0 informa\u00e7\u00e3o e ao fortalecimento da educa\u00e7\u00e3o p\u00fablica\u201d, completou.<\/p>\n\n\n\n<p>J\u00e1 o diretor-geral do campus Paranagu\u00e1, Hugo Alberto Perlim, refor\u00e7ou a proposta de regionaliza\u00e7\u00e3o da emissora. \u201cEstamos transmitindo em car\u00e1ter cont\u00ednuo e, em breve, vamos iniciar a produ\u00e7\u00e3o de conte\u00fados locais, desenvolvidos por alunos e professores do campus, al\u00e9m de abrir espa\u00e7o para parcerias com prefeituras e outras institui\u00e7\u00f5es da regi\u00e3o\u201d, explicou.<\/p>\n\n\n\n<p>Com opera\u00e7\u00e3o ininterrupta 24 horas por dia, a R\u00e1dio Educativa 106.3 FM j\u00e1 tem sua cobertura testada e confirmada nas cidades de Paranagu\u00e1, Pontal do Paran\u00e1, Guaraque\u00e7aba, Antonina, Morretes e outras \u00e1reas do Litoral do Paran\u00e1.<\/p>\n\n\n\n<p>Tamb\u00e9m estiveram presentes na inaugura\u00e7\u00e3o o vereador Wellington Frandji; a deputada estadual Ana J\u00falia; Davi Moraes, gerente executivo da EBC; Martin Henrique Steche, diretor da Secretaria de Rela\u00e7\u00f5es Institucionais da Presid\u00eancia da Rep\u00fablica; Jorge Luiz de S\u00e1 Rieche, da Funda\u00e7\u00e3o de Apoio \u00e0 Educa\u00e7\u00e3o e Pesquisa da UTFPR; o prefeito de Pontal do Paran\u00e1, Rud\u00e3o Gimenes; a secret\u00e1ria municipal de Sa\u00fade de Pontal do Paran\u00e1, Michele Straub; e o superintendente municipal de Comunica\u00e7\u00e3o e Imprensa de Pontal do Paran\u00e1, Marcelo El\u00edsio Ribeiro Santin.<\/p>\n\n\n\n<p>Prefeitura de Paranagu\u00e1<\/p>\n","protected":false},"excerpt":{"rendered":"<p>A comunidade do litoral paranaense passou a contar, desde a \u00faltima segunda-feira (21), com uma nova ferramenta de promo\u00e7\u00e3o da educa\u00e7\u00e3o, cultura e cidadania: a R\u00e1dio Educativa 106.3 FM. A solenidade de inaugura\u00e7\u00e3o da emissora foi realizada no audit\u00f3rio do Instituto Federal do Paran\u00e1 (IFPR \u2013 Campus Paranagu\u00e1), localizado no bairro Porto Seguro, e contou [&hellip;]<\/p>\n","protected":false},"author":2,"featured_media":70984,"comment_status":"open","ping_status":"open","sticky":false,"template":"","format":"standard","meta":{"advanced_seo_description":"","jetpack_seo_html_title":"","jetpack_seo_noindex":false,"_jetpack_memberships_contains_paid_content":false,"footnotes":""},"categories":[77],"tags":[],"class_list":{"0":"post-70983","1":"post","2":"type-post","3":"status-publish","4":"format-standard","5":"has-post-thumbnail","7":"category-paranagua"},"jetpack_featured_media_url":"https:\/\/www.paranapraia.com.br\/wp-content\/uploads\/2025\/07\/17311.jpg","jetpack_sharing_enabled":true,"_links":{"self":[{"href":"https:\/\/www.paranapraia.com.br\/index.php\/wp-json\/wp\/v2\/posts\/70983"}],"collection":[{"href":"https:\/\/www.paranapraia.com.br\/index.php\/wp-json\/wp\/v2\/posts"}],"about":[{"href":"https:\/\/www.paranapraia.com.br\/index.php\/wp-json\/wp\/v2\/types\/post"}],"author":[{"embeddable":true,"href":"https:\/\/www.paranapraia.com.br\/index.php\/wp-json\/wp\/v2\/users\/2"}],"replies":[{"embeddable":true,"href":"https:\/\/www.paranapraia.com.br\/index.php\/wp-json\/wp\/v2\/comments?post=70983"}],"version-history":[{"count":1,"href":"https:\/\/www.paranapraia.com.br\/index.php\/wp-json\/wp\/v2\/posts\/70983\/revisions"}],"predecessor-version":[{"id":70985,"href":"https:\/\/www.paranapraia.com.br\/index.php\/wp-json\/wp\/v2\/posts\/70983\/revisions\/70985"}],"wp:featuredmedia":[{"embeddable":true,"href":"https:\/\/www.paranapraia.com.br\/index.php\/wp-json\/wp\/v2\/media\/70984"}],"wp:attachment":[{"href":"https:\/\/www.paranapraia.com.br\/index.php\/wp-json\/wp\/v2\/media?parent=70983"}],"wp:term":[{"taxonomy":"category","embeddable":true,"href":"https:\/\/www.paranapraia.com.br\/index.php\/wp-json\/wp\/v2\/categories?post=70983"},{"taxonomy":"post_tag","embeddable":true,"href":"https:\/\/www.paranapraia.com.br\/index.php\/wp-json\/wp\/v2\/tags?post=70983"}],"curies":[{"name":"wp","href":"https:\/\/api.w.org\/{rel}","templated":true}]}}