{"id":70977,"date":"2025-07-25T11:40:34","date_gmt":"2025-07-25T14:40:34","guid":{"rendered":"https:\/\/www.paranapraia.com.br\/?p=70977"},"modified":"2025-07-25T11:40:36","modified_gmt":"2025-07-25T14:40:36","slug":"sabado-com-sol-domingo-com-chuva-fim-de-semana-tera-dois-momentos-climaticos-no-parana","status":"publish","type":"post","link":"https:\/\/www.paranapraia.com.br\/index.php\/2025\/07\/25\/sabado-com-sol-domingo-com-chuva-fim-de-semana-tera-dois-momentos-climaticos-no-parana\/","title":{"rendered":"S\u00e1bado com sol, domingo com chuva: fim de semana ter\u00e1 dois momentos clim\u00e1ticos no Paran\u00e1"},"content":{"rendered":"\n<p>Instabilidades causaram chuva entre quinta-feira (24) e o amanhecer desta sexta-feira (25) no Paran\u00e1, depois de mais de 20 dias de predom\u00ednio de sol em quase todo o Estado. De acordo com o Sistema de Tecnologia e Monitoramento Ambiental do Paran\u00e1 (Simepar), o tempo volta a ficar seco no s\u00e1bado, mas uma nova frente fria trar\u00e1 chuva outra vez no domingo.<\/p>\n\n\n\n<p>Os maiores acumulados de chuva nesta quinta-feira (24) foram em Foz do Igua\u00e7u (68,4 mm), Santa Helena (51,8 mm), Toledo (50,2 mm) e S\u00e3o Miguel do Igua\u00e7u (50 mm). Em Santa Helena a chuva seguiu at\u00e9 as 2h desta sexta-feira (25), acumulando mais 4,8 mm. Entre a madrugada e o in\u00edcio da manh\u00e3, mais pancadas de chuva foram registradas entre as regi\u00f5es Noroeste, Central e Norte Pioneiro.&nbsp;<\/p>\n\n\n\n<p>\u201cEssas chuvas vieram acompanhadas de trovoadas em alguns momentos e, ao longo do dia, deveremos ter ainda algumas chuvas isoladas nesses setores e tamb\u00e9m nas regi\u00f5es Oeste e Sudoeste, principalmente nas \u00e1reas pr\u00f3ximas \u00e0 fronteira com a Argentina, e tamb\u00e9m na divisa com Santa Catarina\u201d, explica Paulo Barbieri, meteorologista do Simepar.&nbsp;<\/p>\n\n\n\n<p>Nas outras regi\u00f5es, no decorrer do dia, o sol predomina entre nuvens. As temperaturas se elevar\u00e3o, chegando aos 26\u00b0C na regi\u00e3o Norte. No Centro-Sul, Campos Gerais e na regi\u00e3o Leste, as m\u00e1ximas n\u00e3o devem passar de 18\u00b0C devido \u00e0 nebulosidade.<\/p>\n\n\n\n<p>Para o s\u00e1bado (26), a previs\u00e3o \u00e9 de tempo est\u00e1vel. Os ventos passam a soprar de norte, trazendo ar quente e seco do Sudeste e Centro Oeste do Pa\u00eds para o Paran\u00e1. Isso far\u00e1 com que as temperaturas se elevem rapidamente durante o dia. Chuva localizada poder\u00e1 ocorrer nas regi\u00f5es pr\u00f3ximas \u00e0 divisa com Santa Catarina, mas o sol predomina nas demais regi\u00f5es. No Norte, os term\u00f4metros devem chegar a casa dos 28\u00b0C, enquanto no Leste n\u00e3o ultrapassar\u00e3o os 20\u00b0C.<\/p>\n\n\n\n<p><strong>MUDAN\u00c7A&nbsp;<\/strong>\u2013&nbsp;J\u00e1 o domingo (27) ser\u00e1 de mudan\u00e7as nas condi\u00e7\u00f5es do tempo no Paran\u00e1. O deslocamento de uma frente fria pelo oceano na altura do Rio Grande do Sul provoca um aumento da instabilidade em todas as regi\u00f5es.<\/p>\n\n\n\n<p>\u201cEntre as regi\u00f5es Oeste e Sudoeste, as pancadas de chuva j\u00e1 chegam entre o final da madrugada e come\u00e7o da manh\u00e3. Essa instabilidade avan\u00e7a para as demais regi\u00f5es, com pancadas de chuva acompanhadas de trovoadas, e tamb\u00e9m n\u00e3o se descarta a ocorr\u00eancia de ventos fortes, entre 50 e 60 km\/h em algumas localidades\u201d, alerta Barbieri.<\/p>\n\n\n\n<p>Antes da chegada da chuva no domingo (27) nos Campos Gerais, Norte, Norte Pioneiro e Leste o sol predominar\u00e1, mas ter\u00e1 aumento na intensidade dos ventos, inclusive com rajadas fortes a partir do final da manh\u00e3.&nbsp;<\/p>\n\n\n\n<p>A chuva continua entre a madrugada e a manh\u00e3 de segunda-feira (28) e come\u00e7a a diminuir a intensidade a partir da tarde. At\u00e9 a ter\u00e7a-feira (29) ainda s\u00e3o previstos nebulosidade e chuviscos ocasionais, e ap\u00f3s a passagem da frente fria uma massa de ar frio se aproxima, causando decl\u00ednio das temperaturas no estado.<\/p>\n\n\n\n<p>Em Curitiba, que tem m\u00ednimas previstas na faixa dos 13\u00b0C na segunda-feira (28), o dia deve amanhecer com 9\u00b0C na ter\u00e7a (29) e 8\u00b0C na quarta (30). A temperatura m\u00e1xima na capital no domingo (27) \u00e9 de 25\u00b0C, cai para 21\u00b0C na segunda (28) e para apenas 15\u00b0C entre ter\u00e7a e quarta (30).<\/p>\n\n\n\n<p>Palmas passa o s\u00e1bado (26) entre 10\u00b0C e 23\u00b0C, o domingo (27) entre 13\u00b0C e 19\u00b0C, a segunda-feira (28) entre 9\u00b0C e 16\u00b0C, e ter\u00e7a e quarta (30) fica com as temperaturas entre 7\u00b0C e 18\u00b0C. J\u00e1 em Umuarama a diferen\u00e7a ser\u00e1 de dez graus na temperatura: domingo (27) a cidade permanecer\u00e1 entre 18\u00b0C e 31\u00b0C, e na segunda-feira (28) j\u00e1 ter\u00e1 temperaturas entre 14\u00b0C e 21\u00b0C.&nbsp;<\/p>\n\n\n\n<p><strong>SIMEPAR&nbsp;<\/strong>\u2013 Com uma estrutura de 120 esta\u00e7\u00f5es meteorol\u00f3gicas telem\u00e9tricas autom\u00e1ticas, tr\u00eas radares meteorol\u00f3gicos e cinco sensores de descargas atmosf\u00e9ricas, o Simepar \u00e9 respons\u00e1vel por fornecer dados meteorol\u00f3gicos para \u00f3rg\u00e3os como a Coordenadoria da Defesa Civil e a Secretaria do Desenvolvimento Sustent\u00e1vel, de modo a facilitar a\u00e7\u00f5es de resposta a situa\u00e7\u00f5es extremas. S\u00e3o monitoradas desde situa\u00e7\u00f5es causadas por chuvas extremas, como enxurradas, deslizamentos e alagamentos, at\u00e9 situa\u00e7\u00f5es como inc\u00eandios e secas.<\/p>\n\n\n\n<p>Dados mais detalhados da previs\u00e3o do tempo para os 399 munic\u00edpios paranaenses est\u00e3o dispon\u00edveis no site&nbsp;<a href=\"https:\/\/www.simepar.br\/\" target=\"_blank\" rel=\"noreferrer noopener\">www.simepar.br<\/a>. A previs\u00e3o tem duas atualiza\u00e7\u00f5es di\u00e1rias. Para cada cidade \u00e9 poss\u00edvel saber o quanto deve chover, temperaturas m\u00ednimas e m\u00e1ximas previstas, umidade relativa do ar e vento, com detalhamento por hora para a data e o dia seguinte.<\/p>\n\n\n\n<p>AEN\/PR<\/p>\n","protected":false},"excerpt":{"rendered":"<p>Instabilidades causaram chuva entre quinta-feira (24) e o amanhecer desta sexta-feira (25) no Paran\u00e1, depois de mais de 20 dias de predom\u00ednio de sol em quase todo o Estado. De acordo com o Sistema de Tecnologia e Monitoramento Ambiental do Paran\u00e1 (Simepar), o tempo volta a ficar seco no s\u00e1bado, mas uma nova frente fria [&hellip;]<\/p>\n","protected":false},"author":2,"featured_media":70978,"comment_status":"open","ping_status":"open","sticky":false,"template":"","format":"standard","meta":{"advanced_seo_description":"","jetpack_seo_html_title":"","jetpack_seo_noindex":false,"_jetpack_memberships_contains_paid_content":false,"footnotes":""},"categories":[84],"tags":[],"class_list":{"0":"post-70977","1":"post","2":"type-post","3":"status-publish","4":"format-standard","5":"has-post-thumbnail","7":"category-clima"},"jetpack_featured_media_url":"https:\/\/www.paranapraia.com.br\/wp-content\/uploads\/2025\/07\/gabriel_rosa_9-scaled.jpg","jetpack_sharing_enabled":true,"_links":{"self":[{"href":"https:\/\/www.paranapraia.com.br\/index.php\/wp-json\/wp\/v2\/posts\/70977"}],"collection":[{"href":"https:\/\/www.paranapraia.com.br\/index.php\/wp-json\/wp\/v2\/posts"}],"about":[{"href":"https:\/\/www.paranapraia.com.br\/index.php\/wp-json\/wp\/v2\/types\/post"}],"author":[{"embeddable":true,"href":"https:\/\/www.paranapraia.com.br\/index.php\/wp-json\/wp\/v2\/users\/2"}],"replies":[{"embeddable":true,"href":"https:\/\/www.paranapraia.com.br\/index.php\/wp-json\/wp\/v2\/comments?post=70977"}],"version-history":[{"count":1,"href":"https:\/\/www.paranapraia.com.br\/index.php\/wp-json\/wp\/v2\/posts\/70977\/revisions"}],"predecessor-version":[{"id":70979,"href":"https:\/\/www.paranapraia.com.br\/index.php\/wp-json\/wp\/v2\/posts\/70977\/revisions\/70979"}],"wp:featuredmedia":[{"embeddable":true,"href":"https:\/\/www.paranapraia.com.br\/index.php\/wp-json\/wp\/v2\/media\/70978"}],"wp:attachment":[{"href":"https:\/\/www.paranapraia.com.br\/index.php\/wp-json\/wp\/v2\/media?parent=70977"}],"wp:term":[{"taxonomy":"category","embeddable":true,"href":"https:\/\/www.paranapraia.com.br\/index.php\/wp-json\/wp\/v2\/categories?post=70977"},{"taxonomy":"post_tag","embeddable":true,"href":"https:\/\/www.paranapraia.com.br\/index.php\/wp-json\/wp\/v2\/tags?post=70977"}],"curies":[{"name":"wp","href":"https:\/\/api.w.org\/{rel}","templated":true}]}}