{"id":70965,"date":"2025-07-25T11:29:53","date_gmt":"2025-07-25T14:29:53","guid":{"rendered":"https:\/\/www.paranapraia.com.br\/?p=70965"},"modified":"2025-07-25T11:29:55","modified_gmt":"2025-07-25T14:29:55","slug":"reuniao-de-planejamento-marca-o-retorno-as-aulas-na-rede-municipal-de-ensino-de-antonina","status":"publish","type":"post","link":"https:\/\/www.paranapraia.com.br\/index.php\/2025\/07\/25\/reuniao-de-planejamento-marca-o-retorno-as-aulas-na-rede-municipal-de-ensino-de-antonina\/","title":{"rendered":"Reuni\u00e3o de planejamento marca o retorno \u00e0s aulas na Rede Municipal de ensino de Antonina"},"content":{"rendered":"\n<p>Nesta semana, a Prefeitura de Antonina, atrav\u00e9s da Secretaria Municipal de Educa\u00e7\u00e3o e Esportes, promoveu uma reuni\u00e3o de planejamento com os professores da rede municipal de ensino.<\/p>\n\n\n\n<p>O encontro teve como objetivo alinhar as a\u00e7\u00f5es pedag\u00f3gicas e administrativas para o retorno \u00e0s aulas no segundo semestre letivo, refor\u00e7ando o compromisso com a qualidade da educa\u00e7\u00e3o p\u00fablica no munic\u00edpio.<\/p>\n\n\n\n<p>Durante a reuni\u00e3o, os profissionais da Educa\u00e7\u00e3o Infantil participaram de uma forma\u00e7\u00e3o com a t\u00e9cnica pedag\u00f3gica do NRE, Janete Lode. J\u00e1 os professores do Ensino Fundamental participaram de uma roda de conversa com a equipe multifuncional da SEMED.<\/p>\n\n\n\n<p>A reuni\u00e3o contou com a presen\u00e7a da prefeita&nbsp;<strong>Rozane Osaki<\/strong>, que destacou a import\u00e2ncia do trabalho em equipe e do planejamento cont\u00ednuo para garantir uma educa\u00e7\u00e3o cada vez melhor para nossas crian\u00e7as e jovens.<\/p>\n\n\n\n<p>Prefeitura de Antonina<\/p>\n","protected":false},"excerpt":{"rendered":"<p>Nesta semana, a Prefeitura de Antonina, atrav\u00e9s da Secretaria Municipal de Educa\u00e7\u00e3o e Esportes, promoveu uma reuni\u00e3o de planejamento com os professores da rede municipal de ensino. O encontro teve como objetivo alinhar as a\u00e7\u00f5es pedag\u00f3gicas e administrativas para o retorno \u00e0s aulas no segundo semestre letivo, refor\u00e7ando o compromisso com a qualidade da educa\u00e7\u00e3o [&hellip;]<\/p>\n","protected":false},"author":2,"featured_media":70966,"comment_status":"open","ping_status":"open","sticky":false,"template":"","format":"standard","meta":{"advanced_seo_description":"","jetpack_seo_html_title":"","jetpack_seo_noindex":false,"_jetpack_memberships_contains_paid_content":false,"footnotes":""},"categories":[132],"tags":[],"class_list":{"0":"post-70965","1":"post","2":"type-post","3":"status-publish","4":"format-standard","5":"has-post-thumbnail","7":"category-antonina"},"jetpack_featured_media_url":"https:\/\/www.paranapraia.com.br\/wp-content\/uploads\/2025\/07\/whatsapp-image-2025-07-25-at-084223.jpeg","jetpack_sharing_enabled":true,"_links":{"self":[{"href":"https:\/\/www.paranapraia.com.br\/index.php\/wp-json\/wp\/v2\/posts\/70965"}],"collection":[{"href":"https:\/\/www.paranapraia.com.br\/index.php\/wp-json\/wp\/v2\/posts"}],"about":[{"href":"https:\/\/www.paranapraia.com.br\/index.php\/wp-json\/wp\/v2\/types\/post"}],"author":[{"embeddable":true,"href":"https:\/\/www.paranapraia.com.br\/index.php\/wp-json\/wp\/v2\/users\/2"}],"replies":[{"embeddable":true,"href":"https:\/\/www.paranapraia.com.br\/index.php\/wp-json\/wp\/v2\/comments?post=70965"}],"version-history":[{"count":1,"href":"https:\/\/www.paranapraia.com.br\/index.php\/wp-json\/wp\/v2\/posts\/70965\/revisions"}],"predecessor-version":[{"id":70967,"href":"https:\/\/www.paranapraia.com.br\/index.php\/wp-json\/wp\/v2\/posts\/70965\/revisions\/70967"}],"wp:featuredmedia":[{"embeddable":true,"href":"https:\/\/www.paranapraia.com.br\/index.php\/wp-json\/wp\/v2\/media\/70966"}],"wp:attachment":[{"href":"https:\/\/www.paranapraia.com.br\/index.php\/wp-json\/wp\/v2\/media?parent=70965"}],"wp:term":[{"taxonomy":"category","embeddable":true,"href":"https:\/\/www.paranapraia.com.br\/index.php\/wp-json\/wp\/v2\/categories?post=70965"},{"taxonomy":"post_tag","embeddable":true,"href":"https:\/\/www.paranapraia.com.br\/index.php\/wp-json\/wp\/v2\/tags?post=70965"}],"curies":[{"name":"wp","href":"https:\/\/api.w.org\/{rel}","templated":true}]}}