{"id":70950,"date":"2025-07-25T10:11:37","date_gmt":"2025-07-25T13:11:37","guid":{"rendered":"https:\/\/www.paranapraia.com.br\/?p=70950"},"modified":"2025-07-25T10:11:39","modified_gmt":"2025-07-25T13:11:39","slug":"confira-programacao-de-shows-dos-377-anos-de-paranagua-2","status":"publish","type":"post","link":"https:\/\/www.paranapraia.com.br\/index.php\/2025\/07\/25\/confira-programacao-de-shows-dos-377-anos-de-paranagua-2\/","title":{"rendered":"Confira programa\u00e7\u00e3o de shows dos 377 anos de Paranagu\u00e1"},"content":{"rendered":"\n<p>A programa\u00e7\u00e3o de anivers\u00e1rio, organizada pela Prefeitura, promete uma mistura vibrante de shows, m\u00fasica e gastronomia. Um dos destaques ser\u00e3o as onze barracas de comida, cada uma oferecendo um prato especial que mostra a diversidade e a riqueza da culin\u00e1ria local e regional.<\/p>\n\n\n\n<p>Al\u00e9m das del\u00edcias culin\u00e1rias, as festividades contar\u00e3o com uma s\u00e9rie de apresenta\u00e7\u00f5es musicais e shows, celebrando talentos locais e nacionais.<\/p>\n\n\n\n<p>A festa n\u00e3o se limita \u00e0 gastronomia. Ao longo dos dias, uma s\u00e9rie de shows e apresenta\u00e7\u00f5es musicais promete agitar a cidade como uma celebra\u00e7\u00e3o da cultura e do talento local e nacional.<\/p>\n\n\n\n<p>Nesta quinta-feira (24), o Trof\u00e9u Litoral Music d\u00e1 continuidade \u00e0 programa\u00e7\u00e3o de anivers\u00e1rio \u00e0s 19h. Nos dias seguintes, nomes conhecidos nacionalmente, como S\u00f3 Pra Contrariar, Humberto e Ronaldo, Ra\u00e7a Negra e Eyshila, al\u00e9m de artistas locais, como Igor Brenaz, Gabi Saeko, Rafael Palotino, Magnifique Jah, Jo\u00e3o Marcos e Thiago, Aroldo Amer, Beijo na Boca, Banda P\u00f3lvora, Rhuan Rodrigues, prometem levar alegria e energia \u00e0s ruas de Paranagu\u00e1.<\/p>\n\n\n\n<p><strong>CONFIRA A PROGRAMA\u00c7\u00c3O DOS SHOWS MUSICAIS:<\/strong><\/p>\n\n\n\n<p>QUINTA-FEIRA<\/p>\n\n\n\n<p>24\/07 TROF\u00c9U LITORAL MUSIC \u2013 19H<\/p>\n\n\n\n<p>SEXTA-FEIRA<\/p>\n\n\n\n<p>25\/07 IGOR BRENAZ \u2013 19H30<\/p>\n\n\n\n<p>25\/07 S\u00d3 PRA CONTRARIAR \u2013 22H<\/p>\n\n\n\n<p>S\u00c1BADO<\/p>\n\n\n\n<p>26\/07 GABI SAEKO &#8211; 11H<\/p>\n\n\n\n<p>26\/07 RAFAEL PALOTINO &#8211; 12H30<\/p>\n\n\n\n<p>26\/07 MAGNIFIC JAH &#8211; 15H<\/p>\n\n\n\n<p>26\/07 JO\u00c3O MARCOS E THIAGO &#8211; 19H30<\/p>\n\n\n\n<p>26\/07 HUMBERTO E RONALDO \u2013 22H<\/p>\n\n\n\n<p>DOMINGO<\/p>\n\n\n\n<p>27\/07 AROLDO AMER \u2013 12H<\/p>\n\n\n\n<p>27\/07 BANDA RITALINA &#8211; 13H30<\/p>\n\n\n\n<p>27\/07 BANDA P\u00d3LVORA \u2013 15H<\/p>\n\n\n\n<p>SEGUNDA-FEIRA<\/p>\n\n\n\n<p>28\/07 FRENESI \u2013 19H30<\/p>\n\n\n\n<p>28\/07 RA\u00c7A NEGRA \u2013 22H<\/p>\n\n\n\n<p>TER\u00c7A-FEIRA<\/p>\n\n\n\n<p>29\/07 RHUAN RODRIGUES &#8211; 17H30<\/p>\n\n\n\n<p>29\/07 EYSHILA &#8211; 21H<\/p>\n\n\n\n<p>(Programa\u00e7\u00e3o sujeita a altera\u00e7\u00f5es)<\/p>\n\n\n\n<p style=\"margin-bottom:481px\">Assessoria<\/p>\n","protected":false},"excerpt":{"rendered":"<p>A programa\u00e7\u00e3o de anivers\u00e1rio, organizada pela Prefeitura, promete uma mistura vibrante de shows, m\u00fasica e gastronomia. Um dos destaques ser\u00e3o as onze barracas de comida, cada uma oferecendo um prato especial que mostra a diversidade e a riqueza da culin\u00e1ria local e regional. Al\u00e9m das del\u00edcias culin\u00e1rias, as festividades contar\u00e3o com uma s\u00e9rie de apresenta\u00e7\u00f5es [&hellip;]<\/p>\n","protected":false},"author":2,"featured_media":70951,"comment_status":"open","ping_status":"open","sticky":false,"template":"","format":"standard","meta":{"advanced_seo_description":"","jetpack_seo_html_title":"","jetpack_seo_noindex":false,"_jetpack_memberships_contains_paid_content":false,"footnotes":""},"categories":[40,77],"tags":[1328,321,560,695],"class_list":{"0":"post-70950","1":"post","2":"type-post","3":"status-publish","4":"format-standard","5":"has-post-thumbnail","7":"category-destaques","8":"category-paranagua","9":"tag-377-anos","10":"tag-paranagua","11":"tag-programacao","12":"tag-shows"},"jetpack_featured_media_url":"https:\/\/www.paranapraia.com.br\/wp-content\/uploads\/2025\/07\/thumb-2025-07-25T100905.399.jpeg","jetpack_sharing_enabled":true,"_links":{"self":[{"href":"https:\/\/www.paranapraia.com.br\/index.php\/wp-json\/wp\/v2\/posts\/70950"}],"collection":[{"href":"https:\/\/www.paranapraia.com.br\/index.php\/wp-json\/wp\/v2\/posts"}],"about":[{"href":"https:\/\/www.paranapraia.com.br\/index.php\/wp-json\/wp\/v2\/types\/post"}],"author":[{"embeddable":true,"href":"https:\/\/www.paranapraia.com.br\/index.php\/wp-json\/wp\/v2\/users\/2"}],"replies":[{"embeddable":true,"href":"https:\/\/www.paranapraia.com.br\/index.php\/wp-json\/wp\/v2\/comments?post=70950"}],"version-history":[{"count":1,"href":"https:\/\/www.paranapraia.com.br\/index.php\/wp-json\/wp\/v2\/posts\/70950\/revisions"}],"predecessor-version":[{"id":70952,"href":"https:\/\/www.paranapraia.com.br\/index.php\/wp-json\/wp\/v2\/posts\/70950\/revisions\/70952"}],"wp:featuredmedia":[{"embeddable":true,"href":"https:\/\/www.paranapraia.com.br\/index.php\/wp-json\/wp\/v2\/media\/70951"}],"wp:attachment":[{"href":"https:\/\/www.paranapraia.com.br\/index.php\/wp-json\/wp\/v2\/media?parent=70950"}],"wp:term":[{"taxonomy":"category","embeddable":true,"href":"https:\/\/www.paranapraia.com.br\/index.php\/wp-json\/wp\/v2\/categories?post=70950"},{"taxonomy":"post_tag","embeddable":true,"href":"https:\/\/www.paranapraia.com.br\/index.php\/wp-json\/wp\/v2\/tags?post=70950"}],"curies":[{"name":"wp","href":"https:\/\/api.w.org\/{rel}","templated":true}]}}