{"id":70944,"date":"2025-07-25T09:17:02","date_gmt":"2025-07-25T12:17:02","guid":{"rendered":"https:\/\/www.paranapraia.com.br\/?p=70944"},"modified":"2025-07-25T09:17:05","modified_gmt":"2025-07-25T12:17:05","slug":"dia-mundial-de-prevencao-de-afogamentos-veja-como-evitar-riscos-no-mar","status":"publish","type":"post","link":"https:\/\/www.paranapraia.com.br\/index.php\/2025\/07\/25\/dia-mundial-de-prevencao-de-afogamentos-veja-como-evitar-riscos-no-mar\/","title":{"rendered":"Dia Mundial de Preven\u00e7\u00e3o de Afogamentos: veja como evitar riscos no mar"},"content":{"rendered":"\n<p>Nesta sexta-feira, 25 de julho, \u00e9 celebrado o Dia Mundial de Preven\u00e7\u00e3o de Afogamentos, institu\u00eddo pela Assembleia Geral das Na\u00e7\u00f5es Unidas (ONU) para alertar a popula\u00e7\u00e3o sobre os riscos em ambientes com \u00e1gua, inclusive dentro das resid\u00eancias. No Brasil, 16 pessoas morrem afogadas por dia, segundo a Sociedade Brasileira de Salvamento Aqu\u00e1tico (Sobrasa). Quatro dessas v\u00edtimas s\u00e3o crian\u00e7as, e mais da metade dos casos (54%) ocorrem dentro de casa.<\/p>\n\n\n\n<p>Ap\u00f3s divulgar informa\u00e7\u00f5es sobre afogamentos em\u00a0rios,\u00a0ambientes dom\u00e9sticos\u00a0e\u00a0piscinas, o Corpo de Bombeiros Militar do Paran\u00e1 (CBMPR) refor\u00e7a a import\u00e2ncia da preven\u00e7\u00e3o nas praias e no Litoral, onde o trabalho de salvamento acontece durante todo o ano, n\u00e3o apenas no ver\u00e3o.<\/p>\n\n\n\n<p>No \u00faltimo Ver\u00e3o Maior Paran\u00e1, os guarda-vidas precisaram entrar em a\u00e7\u00e3o para ajudar mais de mil banhistas que passavam por dificuldades dentro do mar, correndo risco de afogamento.&nbsp;A atua\u00e7\u00e3o dos bombeiros para ampliar cada vez mais as medidas preventivas tamb\u00e9m inclui advert\u00eancias a banhistas que estavam em locais perigosos ou adotando comportamento que colocava a si ou a terceiros em risco, inclusive com drones.<\/p>\n\n\n\n<p>O pacote de a\u00e7\u00f5es preventivas tamb\u00e9m inclui o trabalho de sinaliza\u00e7\u00e3o das praias, distribui\u00e7\u00e3o de pulseirinhas e abertura e fechamento dos postos de guarda-vidas, garantindo que o p\u00fablico tenha informa\u00e7\u00f5es atualizadas sobre os melhores pontos para se refrescar no mar.<\/p>\n\n\n\n<p><strong>Cuidados indispens\u00e1veis para prevenir afogamentos no mar:<\/strong><\/p>\n\n\n\n<p>&#8211; Crian\u00e7as no mar devem estar sempre a no m\u00e1ximo um bra\u00e7o de dist\u00e2ncia do adulto respons\u00e1vel<\/p>\n\n\n\n<p>&#8211; Respeite as bandeiras de sinaliza\u00e7\u00e3o dos guarda-vidas: Vermelha: perigo extremo, n\u00e3o entre no mar<\/p>\n\n\n\n<p>&#8211; Nunca tente resgatar algu\u00e9m em afogamento se n\u00e3o tiver treinamento. Chame imediatamente um guarda-vidas ou disque 193<\/p>\n\n\n\n<p>&#8211; Evite nadar em \u00e1reas com pedras, estacas ou p\u00eders. O risco de les\u00f5es ou correntes trai\u00e7oeiras \u00e9 maior<\/p>\n\n\n\n<p>&#8211; Cuidado com correntes de retorno: se for pego por uma, mantenha a calma, flutue e sinalize por ajuda<\/p>\n\n\n\n<p>&#8211; Aten\u00e7\u00e3o a \u00e1guas-vivas e caravelas. Em caso de queimadura, nunca esfregue o local, lave com \u00e1gua do mar e procure o posto dos bombeiros na praia<\/p>\n\n\n\n<p>&#8211; S\u00f3 entre na \u00e1gua em locais monitorados por guarda-vidas. Eles est\u00e3o preparados para orientar e agir em caso de emerg\u00eancia<\/p>\n\n\n\n<p>&#8211; Crian\u00e7a perdida? Leve-a imediatamente ao posto dos guarda-vidas<\/p>\n\n\n\n<p>A preven\u00e7\u00e3o \u00e9 o melhor caminho. Prevenir \u00e9 salvar vidas. Em caso de emerg\u00eancia, ligue 193, Corpo de Bombeiros.<\/p>\n\n\n\n<p>AEN<\/p>\n","protected":false},"excerpt":{"rendered":"<p>Nesta sexta-feira, 25 de julho, \u00e9 celebrado o Dia Mundial de Preven\u00e7\u00e3o de Afogamentos, institu\u00eddo pela Assembleia Geral das Na\u00e7\u00f5es Unidas (ONU) para alertar a popula\u00e7\u00e3o sobre os riscos em ambientes com \u00e1gua, inclusive dentro das resid\u00eancias. No Brasil, 16 pessoas morrem afogadas por dia, segundo a Sociedade Brasileira de Salvamento Aqu\u00e1tico (Sobrasa). Quatro dessas [&hellip;]<\/p>\n","protected":false},"author":2,"featured_media":70945,"comment_status":"open","ping_status":"open","sticky":false,"template":"","format":"standard","meta":{"advanced_seo_description":"","jetpack_seo_html_title":"","jetpack_seo_noindex":false,"_jetpack_memberships_contains_paid_content":false,"footnotes":""},"categories":[40,91],"tags":[1327,1326],"class_list":{"0":"post-70944","1":"post","2":"type-post","3":"status-publish","4":"format-standard","5":"has-post-thumbnail","7":"category-destaques","8":"category-litoral","9":"tag-evitar-riscos-no-mar","10":"tag-prevencao-de-afogamentos"},"jetpack_featured_media_url":"https:\/\/www.paranapraia.com.br\/wp-content\/uploads\/2025\/07\/salva_vidas_foto_rdziura-5664-scaled.jpg","jetpack_sharing_enabled":true,"_links":{"self":[{"href":"https:\/\/www.paranapraia.com.br\/index.php\/wp-json\/wp\/v2\/posts\/70944"}],"collection":[{"href":"https:\/\/www.paranapraia.com.br\/index.php\/wp-json\/wp\/v2\/posts"}],"about":[{"href":"https:\/\/www.paranapraia.com.br\/index.php\/wp-json\/wp\/v2\/types\/post"}],"author":[{"embeddable":true,"href":"https:\/\/www.paranapraia.com.br\/index.php\/wp-json\/wp\/v2\/users\/2"}],"replies":[{"embeddable":true,"href":"https:\/\/www.paranapraia.com.br\/index.php\/wp-json\/wp\/v2\/comments?post=70944"}],"version-history":[{"count":1,"href":"https:\/\/www.paranapraia.com.br\/index.php\/wp-json\/wp\/v2\/posts\/70944\/revisions"}],"predecessor-version":[{"id":70946,"href":"https:\/\/www.paranapraia.com.br\/index.php\/wp-json\/wp\/v2\/posts\/70944\/revisions\/70946"}],"wp:featuredmedia":[{"embeddable":true,"href":"https:\/\/www.paranapraia.com.br\/index.php\/wp-json\/wp\/v2\/media\/70945"}],"wp:attachment":[{"href":"https:\/\/www.paranapraia.com.br\/index.php\/wp-json\/wp\/v2\/media?parent=70944"}],"wp:term":[{"taxonomy":"category","embeddable":true,"href":"https:\/\/www.paranapraia.com.br\/index.php\/wp-json\/wp\/v2\/categories?post=70944"},{"taxonomy":"post_tag","embeddable":true,"href":"https:\/\/www.paranapraia.com.br\/index.php\/wp-json\/wp\/v2\/tags?post=70944"}],"curies":[{"name":"wp","href":"https:\/\/api.w.org\/{rel}","templated":true}]}}