{"id":70931,"date":"2025-07-24T19:05:02","date_gmt":"2025-07-24T22:05:02","guid":{"rendered":"https:\/\/www.paranapraia.com.br\/?p=70931"},"modified":"2025-07-24T19:05:14","modified_gmt":"2025-07-24T22:05:14","slug":"natal-da-disney-vai-fomentar-o-turismo-de-curitiba-e-do-parana-em-dezembro","status":"publish","type":"post","link":"https:\/\/www.paranapraia.com.br\/index.php\/2025\/07\/24\/natal-da-disney-vai-fomentar-o-turismo-de-curitiba-e-do-parana-em-dezembro\/","title":{"rendered":"Natal da Disney vai fomentar o turismo de Curitiba e do Paran\u00e1 em dezembro"},"content":{"rendered":"\n<p>O Paran\u00e1 receber\u00e1 mais um espet\u00e1culo com grande potencial tur\u00edstico ainda neste ano. Curitiba ser\u00e1 a primeira cidade brasileira a sediar o Natal da Disney, com o espet\u00e1culo \u201cDisney Celebra: Um Natal Inesquec\u00edvel\u201d. O evento vai integrar o calend\u00e1rio oficial do Natal da Capital em 2025 e movimentar o setor tur\u00edstico tamb\u00e9m das regi\u00f5es pr\u00f3ximas, como Litoral e os Campos Gerais.<\/p>\n\n\n\n<p>As atra\u00e7\u00f5es da Disney ir\u00e3o acontecer no Centro de Eventos Positivo, dentro do Parque Barigui, em uma arena especialmente preparada para receber o p\u00fablico. No espet\u00e1culo principal, mais de 30 artistas apresentam uma hist\u00f3ria original com cen\u00e1rios grandiosos, figurinos especiais e trilha sonora pr\u00f3pria.<\/p>\n\n\n\n<p>Al\u00e9m deste show, o p\u00fablico poder\u00e1 aproveitar outras duas atra\u00e7\u00f5es gratuitas: Cinema Disney ao ar livre, com sess\u00f5es especiais do Disney+ na Pen\u00ednsula do Lago; e ativa\u00e7\u00f5es tem\u00e1ticas com espa\u00e7os interativos, sensoriais e instagram\u00e1veis abertos \u00e0 popula\u00e7\u00e3o local e turistas. A proposta \u00e9 emocionar crian\u00e7as e adultos com uma mensagem de esperan\u00e7a e uni\u00e3o, marcas registradas do universo Disney.<\/p>\n\n\n\n<p>Para consolidar as atra\u00e7\u00f5es e shows in\u00e9ditos no Paran\u00e1, a Disney abriu nesta semana a sele\u00e7\u00e3o de cantores e bailarinos que participar\u00e3o do espet\u00e1culo. As audi\u00e7\u00f5es do elenco ser\u00e3o realizadas entre os dias 4 e 6 de agosto em Curitiba e de 12 a 15 de agosto em S\u00e3o Paulo. Ao todo, ser\u00e3o selecionados 10 cantores e 26 bailarinos com experi\u00eancia em teatro musical, shows e concertos. Os interessados devem ter mais de 18 anos e disponibilidade integral para os ensaios e apresenta\u00e7\u00f5es. As inscri\u00e7\u00f5es podem ser feitas&nbsp;<strong><a href=\"https:\/\/www.disneycelebrabr.com.br\/audicoes\" target=\"_blank\" rel=\"noreferrer noopener\">AQUI<\/a><\/strong>.<\/p>\n\n\n\n<p><strong>ESTADO SE PREPARA<\/strong>&nbsp;\u2013 O espet\u00e1culo da Disney se soma a um robusto calend\u00e1rio oficial do Natal, que tem transformado Curitiba em um dos principais destinos tur\u00edsticos brasileiros nos finais de ano. Em 2025, a previs\u00e3o \u00e9 de uma programa\u00e7\u00e3o intensa com mais de 150 atra\u00e7\u00f5es, de 25 de novembro at\u00e9 23 de dezembro. J\u00e1 as decora\u00e7\u00f5es natalinas na cidade permanecem expostas at\u00e9 6 de janeiro de 2026.<\/p>\n\n\n\n<p>Irapuan Cortes, diretor-presidente do Viaje Paran\u00e1, \u00f3rg\u00e3o de promo\u00e7\u00e3o do turismo, afirma que todo o Estado deve se preparar para receber os turistas que vir\u00e3o \u00e0 Capital em busca das atra\u00e7\u00f5es natalinas. \u201cCom mais esse espet\u00e1culo internacional da Disney, Curitiba se consolida na posi\u00e7\u00e3o de destino principal das celebra\u00e7\u00f5es natalinas no Brasil. E os turistas ainda podem aproveitar para conhecer as belezas de outros destinos pr\u00f3ximos \u00e0 Capital\u201d, destacou.<\/p>\n\n\n\n<p>Cortes lembra que ao redor de Curitiba existem atrativos importantes nos Campos Gerais, como Vila Velha em Ponta Grossa; as comunidades holandesa e alem\u00e3 em Castro e Witmarsum; o Caminho do Vinho em S\u00e3o Jos\u00e9 dos Pinhais; atrativos naturais como cachoeiras e cidades hist\u00f3ricas no Litoral.<\/p>\n\n\n\n<p>Outro destaque \u00e9 o mundialmente conhecido passeio de trem da Serra do Mar, pelo meio da Mata Atl\u00e2ntica intocada. \u201cTudo isso pode ser acessado facilmente pelos turistas que vir\u00e3o a Curitiba para prestigiar as festas natalinas\u201d, finalizou Irapuan.<\/p>\n\n\n\n<p><strong>Para saber mais sobre o Natal de Curitiba&nbsp;<a href=\"https:\/\/natal.curitiba.pr.gov.br\/\" target=\"_blank\" rel=\"noreferrer noopener\">clique aqui<\/a>.<\/strong><\/p>\n\n\n\n<p>AEN\/PR<\/p>\n","protected":false},"excerpt":{"rendered":"<p>O Paran\u00e1 receber\u00e1 mais um espet\u00e1culo com grande potencial tur\u00edstico ainda neste ano. Curitiba ser\u00e1 a primeira cidade brasileira a sediar o Natal da Disney, com o espet\u00e1culo \u201cDisney Celebra: Um Natal Inesquec\u00edvel\u201d. O evento vai integrar o calend\u00e1rio oficial do Natal da Capital em 2025 e movimentar o setor tur\u00edstico tamb\u00e9m das regi\u00f5es pr\u00f3ximas, [&hellip;]<\/p>\n","protected":false},"author":2,"featured_media":70932,"comment_status":"open","ping_status":"open","sticky":false,"template":"","format":"standard","meta":{"advanced_seo_description":"","jetpack_seo_html_title":"","jetpack_seo_noindex":false,"_jetpack_memberships_contains_paid_content":false,"footnotes":""},"categories":[40],"tags":[],"class_list":{"0":"post-70931","1":"post","2":"type-post","3":"status-publish","4":"format-standard","5":"has-post-thumbnail","7":"category-destaques"},"jetpack_featured_media_url":"https:\/\/www.paranapraia.com.br\/wp-content\/uploads\/2025\/07\/valquir_kiu_aureliano_-_secom_prefeitura_curitiba_3-scaled.jpg","jetpack_sharing_enabled":true,"_links":{"self":[{"href":"https:\/\/www.paranapraia.com.br\/index.php\/wp-json\/wp\/v2\/posts\/70931"}],"collection":[{"href":"https:\/\/www.paranapraia.com.br\/index.php\/wp-json\/wp\/v2\/posts"}],"about":[{"href":"https:\/\/www.paranapraia.com.br\/index.php\/wp-json\/wp\/v2\/types\/post"}],"author":[{"embeddable":true,"href":"https:\/\/www.paranapraia.com.br\/index.php\/wp-json\/wp\/v2\/users\/2"}],"replies":[{"embeddable":true,"href":"https:\/\/www.paranapraia.com.br\/index.php\/wp-json\/wp\/v2\/comments?post=70931"}],"version-history":[{"count":1,"href":"https:\/\/www.paranapraia.com.br\/index.php\/wp-json\/wp\/v2\/posts\/70931\/revisions"}],"predecessor-version":[{"id":70933,"href":"https:\/\/www.paranapraia.com.br\/index.php\/wp-json\/wp\/v2\/posts\/70931\/revisions\/70933"}],"wp:featuredmedia":[{"embeddable":true,"href":"https:\/\/www.paranapraia.com.br\/index.php\/wp-json\/wp\/v2\/media\/70932"}],"wp:attachment":[{"href":"https:\/\/www.paranapraia.com.br\/index.php\/wp-json\/wp\/v2\/media?parent=70931"}],"wp:term":[{"taxonomy":"category","embeddable":true,"href":"https:\/\/www.paranapraia.com.br\/index.php\/wp-json\/wp\/v2\/categories?post=70931"},{"taxonomy":"post_tag","embeddable":true,"href":"https:\/\/www.paranapraia.com.br\/index.php\/wp-json\/wp\/v2\/tags?post=70931"}],"curies":[{"name":"wp","href":"https:\/\/api.w.org\/{rel}","templated":true}]}}