{"id":70927,"date":"2025-07-24T19:02:42","date_gmt":"2025-07-24T22:02:42","guid":{"rendered":"https:\/\/www.paranapraia.com.br\/?p=70927"},"modified":"2025-07-24T19:02:43","modified_gmt":"2025-07-24T22:02:43","slug":"transito-sofre-alteracoes-temporarias-no-centro-historico-para-as-festividades-dos-377-anos-de-paranagua","status":"publish","type":"post","link":"https:\/\/www.paranapraia.com.br\/index.php\/2025\/07\/24\/transito-sofre-alteracoes-temporarias-no-centro-historico-para-as-festividades-dos-377-anos-de-paranagua\/","title":{"rendered":"Tr\u00e2nsito sofre altera\u00e7\u00f5es tempor\u00e1rias no Centro Hist\u00f3rico para as festividades dos 377 anos de Paranagu\u00e1"},"content":{"rendered":"\n<p>A Prefeitura de Paranagu\u00e1, por meio da Superintend\u00eancia Municipal de Tr\u00e2nsito (Sumtran), informa que haver\u00e1 interfer\u00eancias tempor\u00e1rias no tr\u00e1fego de ve\u00edculos na regi\u00e3o central da cidade, devido \u00e0 programa\u00e7\u00e3o especial do anivers\u00e1rio de 377 anos do munic\u00edpio. As medidas visam garantir a seguran\u00e7a e o bom andamento das festividades na Pra\u00e7a de Eventos, bem como do tradicional desfile c\u00edvico, que ocorrer\u00e1 na manh\u00e3 de ter\u00e7a-feira (29), na Rua Maximiliano da Fonseca, em frente \u00e0 Esta\u00e7\u00e3o Ferrovi\u00e1ria, no Centro Hist\u00f3rico.<\/p>\n\n\n\n<p>A partir desta sexta-feira (25), a Rua Maximiliano da Fonseca ser\u00e1 temporariamente bloqueada para montagem da estrutura do evento, com restri\u00e7\u00f5es tamb\u00e9m no dia 26. O bloqueio total da via ocorrer\u00e1 a partir da meia-noite do dia 28 para o dia 29, abrangendo todo o entorno da regi\u00e3o.<\/p>\n\n\n\n<p>Outro ponto de interdi\u00e7\u00e3o ser\u00e1 a Rua XV de Novembro, com bloqueio total a partir do meio-dia desta sexta-feira (25), permanecendo fechada at\u00e9 o dia 29, no trecho entre a Mohamed Mansur e a Pra\u00e7a de Eventos.<\/p>\n\n\n\n<p>Durante todo o per\u00edodo, agentes da Guarda Civil Municipal (GCM) estar\u00e3o nas ruas para orientar motoristas e pedestres quanto aos desvios e rotas alternativas.<\/p>\n\n\n\n<p>A superintendente da Sumtran, Gisele Miranda, refor\u00e7a a import\u00e2ncia da colabora\u00e7\u00e3o de todos. \u201cContamos com o apoio e a compreens\u00e3o da popula\u00e7\u00e3o. Com organiza\u00e7\u00e3o e respeito \u00e0s orienta\u00e7\u00f5es, todos poder\u00e3o participar das comemora\u00e7\u00f5es com seguran\u00e7a e tranquilidade\u201d, destacou\u201d, disse.<\/p>\n\n\n\n<p>A Prefeitura agradece a colabora\u00e7\u00e3o dos cidad\u00e3os e convida a todos para prestigiar as atra\u00e7\u00f5es culturais e o desfile c\u00edvico, celebrando com orgulho o anivers\u00e1rio de 377 anos do munic\u00edpio.<\/p>\n\n\n\n<figure class=\"wp-block-image size-large\"><img loading=\"lazy\" decoding=\"async\" width=\"1024\" height=\"576\" src=\"https:\/\/www.paranapraia.com.br\/wp-content\/uploads\/2025\/07\/17310-1024x576.jpg\" alt=\"\" class=\"wp-image-70928\" srcset=\"https:\/\/www.paranapraia.com.br\/wp-content\/uploads\/2025\/07\/17310-1024x576.jpg 1024w, https:\/\/www.paranapraia.com.br\/wp-content\/uploads\/2025\/07\/17310-300x169.jpg 300w, https:\/\/www.paranapraia.com.br\/wp-content\/uploads\/2025\/07\/17310-768x432.jpg 768w, https:\/\/www.paranapraia.com.br\/wp-content\/uploads\/2025\/07\/17310-1536x864.jpg 1536w, https:\/\/www.paranapraia.com.br\/wp-content\/uploads\/2025\/07\/17310-2048x1152.jpg 2048w, https:\/\/www.paranapraia.com.br\/wp-content\/uploads\/2025\/07\/17310-696x392.jpg 696w, https:\/\/www.paranapraia.com.br\/wp-content\/uploads\/2025\/07\/17310-1068x601.jpg 1068w, https:\/\/www.paranapraia.com.br\/wp-content\/uploads\/2025\/07\/17310-1920x1080.jpg 1920w\" sizes=\"(max-width: 1024px) 100vw, 1024px\" \/><\/figure>\n\n\n\n<p>Prefeitura de Paranagu\u00e1<\/p>\n","protected":false},"excerpt":{"rendered":"<p>A Prefeitura de Paranagu\u00e1, por meio da Superintend\u00eancia Municipal de Tr\u00e2nsito (Sumtran), informa que haver\u00e1 interfer\u00eancias tempor\u00e1rias no tr\u00e1fego de ve\u00edculos na regi\u00e3o central da cidade, devido \u00e0 programa\u00e7\u00e3o especial do anivers\u00e1rio de 377 anos do munic\u00edpio. As medidas visam garantir a seguran\u00e7a e o bom andamento das festividades na Pra\u00e7a de Eventos, bem como [&hellip;]<\/p>\n","protected":false},"author":2,"featured_media":70929,"comment_status":"open","ping_status":"open","sticky":false,"template":"","format":"standard","meta":{"advanced_seo_description":"","jetpack_seo_html_title":"","jetpack_seo_noindex":false,"_jetpack_memberships_contains_paid_content":false,"footnotes":""},"categories":[77],"tags":[],"class_list":{"0":"post-70927","1":"post","2":"type-post","3":"status-publish","4":"format-standard","5":"has-post-thumbnail","7":"category-paranagua"},"jetpack_featured_media_url":"https:\/\/www.paranapraia.com.br\/wp-content\/uploads\/2025\/07\/17309.jpg","jetpack_sharing_enabled":true,"_links":{"self":[{"href":"https:\/\/www.paranapraia.com.br\/index.php\/wp-json\/wp\/v2\/posts\/70927"}],"collection":[{"href":"https:\/\/www.paranapraia.com.br\/index.php\/wp-json\/wp\/v2\/posts"}],"about":[{"href":"https:\/\/www.paranapraia.com.br\/index.php\/wp-json\/wp\/v2\/types\/post"}],"author":[{"embeddable":true,"href":"https:\/\/www.paranapraia.com.br\/index.php\/wp-json\/wp\/v2\/users\/2"}],"replies":[{"embeddable":true,"href":"https:\/\/www.paranapraia.com.br\/index.php\/wp-json\/wp\/v2\/comments?post=70927"}],"version-history":[{"count":1,"href":"https:\/\/www.paranapraia.com.br\/index.php\/wp-json\/wp\/v2\/posts\/70927\/revisions"}],"predecessor-version":[{"id":70930,"href":"https:\/\/www.paranapraia.com.br\/index.php\/wp-json\/wp\/v2\/posts\/70927\/revisions\/70930"}],"wp:featuredmedia":[{"embeddable":true,"href":"https:\/\/www.paranapraia.com.br\/index.php\/wp-json\/wp\/v2\/media\/70929"}],"wp:attachment":[{"href":"https:\/\/www.paranapraia.com.br\/index.php\/wp-json\/wp\/v2\/media?parent=70927"}],"wp:term":[{"taxonomy":"category","embeddable":true,"href":"https:\/\/www.paranapraia.com.br\/index.php\/wp-json\/wp\/v2\/categories?post=70927"},{"taxonomy":"post_tag","embeddable":true,"href":"https:\/\/www.paranapraia.com.br\/index.php\/wp-json\/wp\/v2\/tags?post=70927"}],"curies":[{"name":"wp","href":"https:\/\/api.w.org\/{rel}","templated":true}]}}