{"id":70682,"date":"2025-07-22T08:46:48","date_gmt":"2025-07-22T11:46:48","guid":{"rendered":"https:\/\/www.paranapraia.com.br\/?p=70682"},"modified":"2025-07-22T08:46:51","modified_gmt":"2025-07-22T11:46:51","slug":"9a-caminhada-da-natureza-celebra-recorde-de-publico-e-fortalecimento-do-turismo-rural-em-paranagua","status":"publish","type":"post","link":"https:\/\/www.paranapraia.com.br\/index.php\/2025\/07\/22\/9a-caminhada-da-natureza-celebra-recorde-de-publico-e-fortalecimento-do-turismo-rural-em-paranagua\/","title":{"rendered":"9\u00aa Caminhada da Natureza celebra recorde de p\u00fablico e fortalecimento do turismo rural em Paranagu\u00e1"},"content":{"rendered":"\n<p>Em meio \u00e0s celebra\u00e7\u00f5es dos 377 anos de Paranagu\u00e1, a cidade portu\u00e1ria foi palco de um evento que uniu esporte, turismo e valoriza\u00e7\u00e3o da \u00e1rea rural: a 9\u00aa Caminhada da Natureza \u2013 Circuito Serra da Prata. Com quase 500 inscri\u00e7\u00f5es, a iniciativa se consolidou como um sucesso, atraindo participantes de diversas regi\u00f5es do estado e impulsionando a economia das col\u00f4nias locais.<\/p>\n\n\n\n<p>O secret\u00e1rio de Desenvolvimento Rural e Ilhas, Pesca, Abastecimento e Aquicultura (Semdesp), M\u00e1rcio Vega, expressou seu entusiasmo com a grande ades\u00e3o, destacando o impacto positivo da caminhada. &#8220;\u00c9 muito bom poder contemplar este n\u00famero de pessoas que v\u00e3o caminhar na natureza, desfrutar de tudo que as col\u00f4nias de Paranagu\u00e1 e a regi\u00e3o de nossas col\u00f4nias t\u00eam para oferecer&#8221;, afirmou.<\/p>\n\n\n\n<p>Os participantes percorreram 11 quil\u00f4metros, imersos em um roteiro que contemplou as belezas naturais e o patrim\u00f4nio hist\u00f3rico das col\u00f4nias. O trajeto incluiu cachoeiras, uma charmosa ponte molhada e uma igrejinha constru\u00edda em 1932, proporcionando uma experi\u00eancia \u00fanica aos caminhantes destacando a diversidade do percurso.<\/p>\n\n\n\n<p><strong>Fortalecimento da agricultura familiar<\/strong><\/p>\n\n\n\n<p>Um dos grandes pilares da Caminhada da Natureza \u00e9 o apoio \u00e0 economia local, com destaque para o desenvolvimento das \u00e1reas rurais. Logo no in\u00edcio do evento, os participantes foram recebidos com caf\u00e9 da manh\u00e3, integralmente produzido pela agricultura familiar da regi\u00e3o, em parceria com a APRUMPAR (Associa\u00e7\u00e3o de Produtores de Paranagu\u00e1).<\/p>\n\n\n\n<p>Al\u00e9m do caf\u00e9, uma feirinha com produtos artesanais e coloniais, diretamente das m\u00e3os dos produtores locais, esteve \u00e0 disposi\u00e7\u00e3o dos caminhantes, incentivando a compra e valorizando o trabalho de quem vive da terra. \u201cEventos como essa caminhada s\u00e3o promovidos para mostrar o que \u00e9 produzido e principalmente para que os visitantes de outras regi\u00f5es de Paranagu\u00e1 e de outras cidades possam tamb\u00e9m adquirir os produtos&#8221;, disse M\u00e1rcio Vega.<\/p>\n\n\n\n<p>Pensando em valorizar os comerciantes locais, o almo\u00e7o, que em edi\u00e7\u00f5es anteriores era servido pela APRUMPAR, foi direcionado para os restaurantes ao longo do circuito. A parceria com esses estabelecimentos, que tamb\u00e9m se estendeu \u00e0 13\u00aa Festa da Tainha, ofereceu aos participantes a oportunidade de desfrutar da rica gastronomia caseira das col\u00f4nias.<\/p>\n\n\n\n<p>Os organizadores acreditam que esta nova edi\u00e7\u00e3o valorizou os comerciantes da regi\u00e3o do Circuito Serra da Prata. Todos os restaurantes foram indicados para que os participantes pudessem degustar de uma comida caseira diretamente das col\u00f4nias.<\/p>\n\n\n\n<p><strong>Estrutura<\/strong><\/p>\n\n\n\n<p>A organiza\u00e7\u00e3o da caminhada priorizou o conforto e a seguran\u00e7a dos participantes. Ao longo dos 11 km de percurso, foram instalados pontos de apoio com abastecimento de \u00e1gua e banheiros. Equipes da Semdesp, Guarda Municipal e do Turismo estiveram envolvidas para garantir o bom andamento do evento. &#8220;O circuito foi todo pensado gerando conforto para quem vem para a caminhada&#8221;, assegurou o secret\u00e1rio.<\/p>\n\n\n\n<p>A 9\u00aa edi\u00e7\u00e3o da Caminhada da Natureza atraiu caminhantes de Curitiba, Morretes, do litoral paranaense e de outras regi\u00f5es do estado, evidenciando o potencial tur\u00edstico de Paranagu\u00e1, especialmente em seu m\u00eas de anivers\u00e1rio.<\/p>\n\n\n\n<p>Prefeitura de Paranagu\u00e1<\/p>\n","protected":false},"excerpt":{"rendered":"<p>Em meio \u00e0s celebra\u00e7\u00f5es dos 377 anos de Paranagu\u00e1, a cidade portu\u00e1ria foi palco de um evento que uniu esporte, turismo e valoriza\u00e7\u00e3o da \u00e1rea rural: a 9\u00aa Caminhada da Natureza \u2013 Circuito Serra da Prata. Com quase 500 inscri\u00e7\u00f5es, a iniciativa se consolidou como um sucesso, atraindo participantes de diversas regi\u00f5es do estado e [&hellip;]<\/p>\n","protected":false},"author":2,"featured_media":70683,"comment_status":"open","ping_status":"open","sticky":false,"template":"","format":"standard","meta":{"advanced_seo_description":"","jetpack_seo_html_title":"","jetpack_seo_noindex":false,"_jetpack_memberships_contains_paid_content":false,"footnotes":""},"categories":[77],"tags":[],"class_list":{"0":"post-70682","1":"post","2":"type-post","3":"status-publish","4":"format-standard","5":"has-post-thumbnail","7":"category-paranagua"},"jetpack_featured_media_url":"https:\/\/www.paranapraia.com.br\/wp-content\/uploads\/2025\/07\/thumb-18.jpeg","jetpack_sharing_enabled":true,"_links":{"self":[{"href":"https:\/\/www.paranapraia.com.br\/index.php\/wp-json\/wp\/v2\/posts\/70682"}],"collection":[{"href":"https:\/\/www.paranapraia.com.br\/index.php\/wp-json\/wp\/v2\/posts"}],"about":[{"href":"https:\/\/www.paranapraia.com.br\/index.php\/wp-json\/wp\/v2\/types\/post"}],"author":[{"embeddable":true,"href":"https:\/\/www.paranapraia.com.br\/index.php\/wp-json\/wp\/v2\/users\/2"}],"replies":[{"embeddable":true,"href":"https:\/\/www.paranapraia.com.br\/index.php\/wp-json\/wp\/v2\/comments?post=70682"}],"version-history":[{"count":1,"href":"https:\/\/www.paranapraia.com.br\/index.php\/wp-json\/wp\/v2\/posts\/70682\/revisions"}],"predecessor-version":[{"id":70684,"href":"https:\/\/www.paranapraia.com.br\/index.php\/wp-json\/wp\/v2\/posts\/70682\/revisions\/70684"}],"wp:featuredmedia":[{"embeddable":true,"href":"https:\/\/www.paranapraia.com.br\/index.php\/wp-json\/wp\/v2\/media\/70683"}],"wp:attachment":[{"href":"https:\/\/www.paranapraia.com.br\/index.php\/wp-json\/wp\/v2\/media?parent=70682"}],"wp:term":[{"taxonomy":"category","embeddable":true,"href":"https:\/\/www.paranapraia.com.br\/index.php\/wp-json\/wp\/v2\/categories?post=70682"},{"taxonomy":"post_tag","embeddable":true,"href":"https:\/\/www.paranapraia.com.br\/index.php\/wp-json\/wp\/v2\/tags?post=70682"}],"curies":[{"name":"wp","href":"https:\/\/api.w.org\/{rel}","templated":true}]}}