{"id":70666,"date":"2025-07-21T15:23:03","date_gmt":"2025-07-21T18:23:03","guid":{"rendered":"https:\/\/www.paranapraia.com.br\/?p=70666"},"modified":"2025-07-21T15:23:06","modified_gmt":"2025-07-21T18:23:06","slug":"marjorie-estiano-e-luiza-brunet-convocam-para-caminhada-em-combate-ao-feminicidio","status":"publish","type":"post","link":"https:\/\/www.paranapraia.com.br\/index.php\/2025\/07\/21\/marjorie-estiano-e-luiza-brunet-convocam-para-caminhada-em-combate-ao-feminicidio\/","title":{"rendered":"Marjorie Estiano e Luiza Brunet convocam para caminhada em combate ao feminic\u00eddio"},"content":{"rendered":"\n<p>As atrizes Marjorie Estiano e Luiza Brunet emprestam o rosto para uma campanha extremamente necess\u00e1ria: o combate ao feminic\u00eddio e \u00e0 viol\u00eancia contra as mulheres. Elas est\u00e3o convocando os paranaenses para participarem da 3\u00aa Caminhada do Meio-Dia pelo Dia Estadual de Combate ao Feminic\u00eddio, que acontece nesta ter\u00e7a-feira (22) de forma simult\u00e2nea em 181 cidades.<\/p>\n\n\n\n<p>Em Curitiba, a concentra\u00e7\u00e3o ser\u00e1 \u00e0s 11h na Pra\u00e7a Santos Andrade, com sa\u00edda ao meio-dia rumo \u00e0 Boca Maldita (Pra\u00e7a Os\u00f3rio), no Centro da cidade. A lista dos demais munic\u00edpios participantes, assim como o local da concentra\u00e7\u00e3o, pode ser conferida&nbsp;<a href=\"https:\/\/www.parana.pr.gov.br\/sites\/default\/arquivos_restritos\/files\/documento\/2025-07\/2107_cidades_caminhada_.pdf\" target=\"_blank\" rel=\"noreferrer noopener\">AQUI<\/a>&nbsp;. O objetivo da mobiliza\u00e7\u00e3o \u00e9 sensibilizar a sociedade em rela\u00e7\u00e3o \u00e0 viol\u00eancia contra as mulheres, al\u00e9m de reunir a popula\u00e7\u00e3o em mem\u00f3ria das v\u00edtimas de feminic\u00eddio em todo o Paran\u00e1.<\/p>\n\n\n\n<p>Este \u00e9 o terceiro ano consecutivo que o Governo do Estado promove a mobiliza\u00e7\u00e3o a a\u00e7\u00e3o, que \u00e9 organizada pela Secretaria de Estado da Mulher, Igualdade Racial e Pessoa Idosa (Semipi), com apoio da Casa Civil, Defensoria P\u00fablica do Estado e outros \u00f3rg\u00e3os parceiros. A mobiliza\u00e7\u00e3o deste ano conta com 80% mais ades\u00e3o do que no ano passado, quando 100 cidades participaram da a\u00e7\u00e3o.<\/p>\n\n\n\n<p>\u201cA caminhada vai acontecer em diversas cidades do Paran\u00e1, incluindo a Capital, para lembrar das v\u00edtimas de feminic\u00eddio e pedir a conscientiza\u00e7\u00e3o da popula\u00e7\u00e3o na luta contra esse crime\u201d, diz Marjorie no v\u00eddeo de convoca\u00e7\u00e3o. \u201cEu j\u00e1 participei duas vezes da caminhada junto com milhares de mulheres. A gente quer contar com a presen\u00e7a de todas as mulheres, de prefer\u00eancia vestidas de branco\u201d, complementa Luiza Brunet.<\/p>\n\n\n\n<p><strong>DIA ESTADUAL<\/strong>&nbsp;\u2013 O Dia Estadual de Combate ao Feminic\u00eddio foi estabelecido pela lei 19.873\/2019, sancionada pelo governador Carlos Massa Ratinho Junior em junho de 2019. A data de 22 de julho foi escolhida em refer\u00eancia \u00e0 morte da advogada Tatiane Spitzner, assassinada pelo marido em 2018, em Guarapuava.<\/p>\n\n\n\n<p>AEN\/PR<\/p>\n","protected":false},"excerpt":{"rendered":"<p>As atrizes Marjorie Estiano e Luiza Brunet emprestam o rosto para uma campanha extremamente necess\u00e1ria: o combate ao feminic\u00eddio e \u00e0 viol\u00eancia contra as mulheres. Elas est\u00e3o convocando os paranaenses para participarem da 3\u00aa Caminhada do Meio-Dia pelo Dia Estadual de Combate ao Feminic\u00eddio, que acontece nesta ter\u00e7a-feira (22) de forma simult\u00e2nea em 181 cidades. [&hellip;]<\/p>\n","protected":false},"author":2,"featured_media":70667,"comment_status":"open","ping_status":"open","sticky":false,"template":"","format":"standard","meta":{"advanced_seo_description":"","jetpack_seo_html_title":"","jetpack_seo_noindex":false,"_jetpack_memberships_contains_paid_content":false,"footnotes":""},"categories":[40],"tags":[],"class_list":{"0":"post-70666","1":"post","2":"type-post","3":"status-publish","4":"format-standard","5":"has-post-thumbnail","7":"category-destaques"},"jetpack_featured_media_url":"https:\/\/www.paranapraia.com.br\/wp-content\/uploads\/2025\/07\/whatsapp_image_2025-07-21_at_14.30.jpg","jetpack_sharing_enabled":true,"_links":{"self":[{"href":"https:\/\/www.paranapraia.com.br\/index.php\/wp-json\/wp\/v2\/posts\/70666"}],"collection":[{"href":"https:\/\/www.paranapraia.com.br\/index.php\/wp-json\/wp\/v2\/posts"}],"about":[{"href":"https:\/\/www.paranapraia.com.br\/index.php\/wp-json\/wp\/v2\/types\/post"}],"author":[{"embeddable":true,"href":"https:\/\/www.paranapraia.com.br\/index.php\/wp-json\/wp\/v2\/users\/2"}],"replies":[{"embeddable":true,"href":"https:\/\/www.paranapraia.com.br\/index.php\/wp-json\/wp\/v2\/comments?post=70666"}],"version-history":[{"count":1,"href":"https:\/\/www.paranapraia.com.br\/index.php\/wp-json\/wp\/v2\/posts\/70666\/revisions"}],"predecessor-version":[{"id":70668,"href":"https:\/\/www.paranapraia.com.br\/index.php\/wp-json\/wp\/v2\/posts\/70666\/revisions\/70668"}],"wp:featuredmedia":[{"embeddable":true,"href":"https:\/\/www.paranapraia.com.br\/index.php\/wp-json\/wp\/v2\/media\/70667"}],"wp:attachment":[{"href":"https:\/\/www.paranapraia.com.br\/index.php\/wp-json\/wp\/v2\/media?parent=70666"}],"wp:term":[{"taxonomy":"category","embeddable":true,"href":"https:\/\/www.paranapraia.com.br\/index.php\/wp-json\/wp\/v2\/categories?post=70666"},{"taxonomy":"post_tag","embeddable":true,"href":"https:\/\/www.paranapraia.com.br\/index.php\/wp-json\/wp\/v2\/tags?post=70666"}],"curies":[{"name":"wp","href":"https:\/\/api.w.org\/{rel}","templated":true}]}}