{"id":70663,"date":"2025-07-21T15:19:09","date_gmt":"2025-07-21T18:19:09","guid":{"rendered":"https:\/\/www.paranapraia.com.br\/?p=70663"},"modified":"2025-07-21T15:19:12","modified_gmt":"2025-07-21T18:19:12","slug":"shows-de-thaeme-thiago-e-banda-da-massa-encerram-com-sucesso-a-13a-festa-da-tainha-em-paranagua","status":"publish","type":"post","link":"https:\/\/www.paranapraia.com.br\/index.php\/2025\/07\/21\/shows-de-thaeme-thiago-e-banda-da-massa-encerram-com-sucesso-a-13a-festa-da-tainha-em-paranagua\/","title":{"rendered":"Shows de Thaeme &amp; Thiago e Banda da Massa encerram com sucesso a 13\u00aa Festa da Tainha em Paranagu\u00e1"},"content":{"rendered":"\n<p>Paranagu\u00e1 encerrou no domingo (20) a 13\u00aa edi\u00e7\u00e3o da Festa Nacional da Tainha, um dos eventos mais tradicionais do calend\u00e1rio cultural e tur\u00edstico do litoral paranaense. Realizada entre os dias 11 e 20 de julho na Pra\u00e7a de Eventos do Centro Hist\u00f3rico, a festa atraiu cerca de 50 mil pessoas ao longo de dez dias de programa\u00e7\u00e3o. O evento foi marcado por shows nacionais, valoriza\u00e7\u00e3o da cultura local, incentivo ao artesanato e ao empreendedorismo, al\u00e9m de um esquema de seguran\u00e7a elogiado por autoridades e pela popula\u00e7\u00e3o.<\/p>\n\n\n\n<p>O prefeito Adriano Ramos destacou o sucesso do evento como resultado de uma gest\u00e3o comprometida com a valoriza\u00e7\u00e3o da cultura local e o fortalecimento do turismo em Paranagu\u00e1. \u201cTivemos um evento que uniu tradi\u00e7\u00e3o, seguran\u00e7a, gera\u00e7\u00e3o de renda e lazer para toda a fam\u00edlia. Agrade\u00e7o a todos os servidores, artistas, empreendedores, for\u00e7as de seguran\u00e7a e, principalmente, \u00e0 popula\u00e7\u00e3o e aos visitantes que prestigiaram a festa com alegria e respeito\u201d, afirmou.<\/p>\n\n\n\n<p>No \u00faltimo fim de semana de festividade, o ponto alto foi no s\u00e1bado (19), quando a dupla sertaneja Thaeme e Thiago subiu ao palco principal e arrastou uma multid\u00e3o. \u201cA gente veio para Paranagu\u00e1 outras vezes, mas sempre \u00e9 especial. A cidade acolhe com tanto carinho que a gente se sente em casa. Aproveitamos para comer bem e rever amigos. Paranagu\u00e1 faz parte da nossa hist\u00f3ria\u201d, declarou Thiago.<\/p>\n\n\n\n<p>Thaeme tamb\u00e9m aproveitou para mandar um recado aos parnanguaras. \u201cParab\u00e9ns pelos 377 anos. Que a cidade continue sendo esse lugar maravilhoso e receptivo. Esperamos estar aqui nos pr\u00f3ximos anivers\u00e1rios tamb\u00e9m!\u201d<\/p>\n\n\n\n<p>No encerramento, no domingo (20), foi a vez da irreverente Banda da Massa, do Programa do Ratinho, animar o p\u00fablico com hits populares e muita intera\u00e7\u00e3o. O grupo destacou a receptividade de Paranagu\u00e1. \u201cQue cidade maravilhosa! Fomos muito bem recebidos. Viemos aqui para fazer festa com voc\u00eas e celebrar essa cidade linda com muita m\u00fasica\u201d.<\/p>\n\n\n\n<p><strong>Valoriza\u00e7\u00e3o dos artistas e empreendedores locais<\/strong><\/p>\n\n\n\n<p>Al\u00e9m das atra\u00e7\u00f5es nacionais, a Festa da Tainha valorizou os artistas locais, que se apresentaram diariamente no palco principal e em outras estruturas de apoio. Para os trabalhadores informais e artes\u00e3os da cidade, a festa foi tamb\u00e9m uma oportunidade de gera\u00e7\u00e3o de renda. Cinquenta ambulantes participaram da feira de alimenta\u00e7\u00e3o e com\u00e9rcio durante todos os dias do evento, e aos fins de semana a Vila do Artesanato reuniu 16 expositores com produtos autorais.<\/p>\n\n\n\n<p>Willian Lopes Albino, microempreendedor, destacou o saldo positivo. \u201cA gente n\u00e3o tem do que reclamar. Foi uma festa com bons retornos. Pequenos detalhes sempre podem melhorar, mas o mais importante \u00e9 agradecer. Quero parabenizar especialmente o secret\u00e1rio Marcio Vega, que todos os dias esteve aqui, barraca por barraca, perguntando se precis\u00e1vamos de algo. Essa humildade e cuidado com a gente foi demais&#8221;, disse.<\/p>\n\n\n\n<p>Entre o p\u00fablico, o sentimento predominante foi de encantamento. Jussara Silva, moradora de Curitiba, veio pela primeira vez ao evento e elogiou. \u201cViemos s\u00f3 para conhecer e superou todas as expectativas. Est\u00e1 tudo muito bem organizado&#8221;.<\/p>\n\n\n\n<p><strong>Seguran\u00e7a integrada<\/strong><\/p>\n\n\n\n<p>A seguran\u00e7a do evento tamb\u00e9m foi motivo de elogios. Segundo o secret\u00e1rio municipal de Seguran\u00e7a, Francisco Leudomar N\u00f3brega dos Santos, a parceria entre a Guarda Civil Municipal, Pol\u00edcia Militar e Pol\u00edcia Civil foi essencial para garantir a tranquilidade do p\u00fablico. \u201cO balan\u00e7o geral foi muito positivo. N\u00e3o tivemos roubos, furtos ou ocorr\u00eancias graves. At\u00e9 mesmo o epis\u00f3dio isolado de vandalismo em barracas, no pen\u00faltimo dia do evento, n\u00e3o comprometeu o brilho da festa. Atuamos com inova\u00e7\u00e3o, refor\u00e7ando as rondas com motociclistas e integra\u00e7\u00e3o entre for\u00e7as\u201d, afirmou.<\/p>\n\n\n\n<p>O secret\u00e1rio ainda adiantou que a estrat\u00e9gia de seguran\u00e7a ser\u00e1 mantida nos pr\u00f3ximos grandes eventos da cidade. \u201cEstamos nos reunindo com as pol\u00edcias e o prefeito para continuar alinhando a\u00e7\u00f5es preventivas. Essa foi uma experi\u00eancia que queremos repetir&#8221;, informou.<\/p>\n\n\n\n<p>Com o encerramento da Festa da Tainha, t\u00eam in\u00edcio agora as comemora\u00e7\u00f5es pelos 377 anos de Paranagu\u00e1, que seguem at\u00e9 o dia 29 de julho com uma programa\u00e7\u00e3o repleta de atra\u00e7\u00f5es culturais e shows gratuitos na Pra\u00e7a de Eventos. Entre os destaques est\u00e3o as apresenta\u00e7\u00f5es das bandas S\u00f3 Pra Contrariar e Ra\u00e7a Negra, que devem atrair grande p\u00fablico.<\/p>\n\n\n\n<p>E a celebra\u00e7\u00e3o continua logo em seguida: de 1\u00ba a 3 de agosto, o munic\u00edpio recebe o tradicional Paranagu\u00e1 Motos, evento que re\u00fane motociclistas de v\u00e1rias regi\u00f5es do pa\u00eds e tamb\u00e9m conta com shows nacionais, incluindo a apresenta\u00e7\u00e3o da banda Tihuana, al\u00e9m de artistas locais.<\/p>\n\n\n\n<p>Prefeitura de Paranagu\u00e1<\/p>\n","protected":false},"excerpt":{"rendered":"<p>Paranagu\u00e1 encerrou no domingo (20) a 13\u00aa edi\u00e7\u00e3o da Festa Nacional da Tainha, um dos eventos mais tradicionais do calend\u00e1rio cultural e tur\u00edstico do litoral paranaense. Realizada entre os dias 11 e 20 de julho na Pra\u00e7a de Eventos do Centro Hist\u00f3rico, a festa atraiu cerca de 50 mil pessoas ao longo de dez dias [&hellip;]<\/p>\n","protected":false},"author":2,"featured_media":70664,"comment_status":"open","ping_status":"open","sticky":false,"template":"","format":"standard","meta":{"advanced_seo_description":"","jetpack_seo_html_title":"","jetpack_seo_noindex":false,"_jetpack_memberships_contains_paid_content":false,"footnotes":""},"categories":[77],"tags":[],"class_list":{"0":"post-70663","1":"post","2":"type-post","3":"status-publish","4":"format-standard","5":"has-post-thumbnail","7":"category-paranagua"},"jetpack_featured_media_url":"https:\/\/www.paranapraia.com.br\/wp-content\/uploads\/2025\/07\/17188-scaled.jpg","jetpack_sharing_enabled":true,"_links":{"self":[{"href":"https:\/\/www.paranapraia.com.br\/index.php\/wp-json\/wp\/v2\/posts\/70663"}],"collection":[{"href":"https:\/\/www.paranapraia.com.br\/index.php\/wp-json\/wp\/v2\/posts"}],"about":[{"href":"https:\/\/www.paranapraia.com.br\/index.php\/wp-json\/wp\/v2\/types\/post"}],"author":[{"embeddable":true,"href":"https:\/\/www.paranapraia.com.br\/index.php\/wp-json\/wp\/v2\/users\/2"}],"replies":[{"embeddable":true,"href":"https:\/\/www.paranapraia.com.br\/index.php\/wp-json\/wp\/v2\/comments?post=70663"}],"version-history":[{"count":1,"href":"https:\/\/www.paranapraia.com.br\/index.php\/wp-json\/wp\/v2\/posts\/70663\/revisions"}],"predecessor-version":[{"id":70665,"href":"https:\/\/www.paranapraia.com.br\/index.php\/wp-json\/wp\/v2\/posts\/70663\/revisions\/70665"}],"wp:featuredmedia":[{"embeddable":true,"href":"https:\/\/www.paranapraia.com.br\/index.php\/wp-json\/wp\/v2\/media\/70664"}],"wp:attachment":[{"href":"https:\/\/www.paranapraia.com.br\/index.php\/wp-json\/wp\/v2\/media?parent=70663"}],"wp:term":[{"taxonomy":"category","embeddable":true,"href":"https:\/\/www.paranapraia.com.br\/index.php\/wp-json\/wp\/v2\/categories?post=70663"},{"taxonomy":"post_tag","embeddable":true,"href":"https:\/\/www.paranapraia.com.br\/index.php\/wp-json\/wp\/v2\/tags?post=70663"}],"curies":[{"name":"wp","href":"https:\/\/api.w.org\/{rel}","templated":true}]}}