{"id":70660,"date":"2025-07-21T15:16:15","date_gmt":"2025-07-21T18:16:15","guid":{"rendered":"https:\/\/www.paranapraia.com.br\/?p=70660"},"modified":"2025-07-21T15:16:18","modified_gmt":"2025-07-21T18:16:18","slug":"saude-no-parque-leva-atendimento-gratuito-a-populacao-no-aeroparque-de-paranagua","status":"publish","type":"post","link":"https:\/\/www.paranapraia.com.br\/index.php\/2025\/07\/21\/saude-no-parque-leva-atendimento-gratuito-a-populacao-no-aeroparque-de-paranagua\/","title":{"rendered":"Sa\u00fade no Parque leva atendimento gratuito \u00e0 popula\u00e7\u00e3o no Aeroparque de Paranagu\u00e1"},"content":{"rendered":"\n<p>No \u00faltimo domingo (20), o Aeroparque de Paranagu\u00e1 se transformou em um grande centro de atendimento \u00e0 sa\u00fade e bem-estar com a primeira edi\u00e7\u00e3o do projeto Sa\u00fade no Parque, promovido pela Prefeitura de Paranagu\u00e1, por meio da Secretaria Municipal de Sa\u00fade (Semsa). A a\u00e7\u00e3o, que visa facilitar o acesso da popula\u00e7\u00e3o aos servi\u00e7os oferecidos pelo Sistema \u00danico de Sa\u00fade (SUS), tamb\u00e9m teve como foco a preven\u00e7\u00e3o de doen\u00e7as e a promo\u00e7\u00e3o de h\u00e1bitos saud\u00e1veis.<\/p>\n\n\n\n<p>Durante toda a tarde, frequentadores do local puderam participar gratuitamente de uma s\u00e9rie de atendimentos e atividades educativas. Foram disponibilizados servi\u00e7os como testes r\u00e1pidos para detec\u00e7\u00e3o de hepatites virais, testes de glicemia, aferi\u00e7\u00e3o de press\u00e3o arterial, vacina\u00e7\u00e3o, distribui\u00e7\u00e3o de preservativos, entre outros. Tamb\u00e9m foram realizadas a\u00e7\u00f5es educativas, como escova\u00e7\u00e3o supervisionada com entrega de kits dent\u00e1rios, pesagem do Bolsa Fam\u00edlia, orienta\u00e7\u00f5es sobre uso correto de medicamentos e atividades f\u00edsicas, como alongamento, caminhada orientada e gin\u00e1stica para todas as idades.<\/p>\n\n\n\n<p>Ao avaliar a primeira edi\u00e7\u00e3o do projeto, o prefeito Adriano Ramos destacou o impacto positivo da a\u00e7\u00e3o e o papel da gest\u00e3o em promover pol\u00edticas p\u00fablicas mais pr\u00f3ximas e efetiva. \u201cO Sa\u00fade no Parque \u00e9 um exemplo claro de como queremos que a gest\u00e3o municipal funcione: pr\u00f3xima das pessoas, com a\u00e7\u00f5es pr\u00e1ticas, integradas e voltadas para o bem-estar da popula\u00e7\u00e3o. Mais de 300 pessoas foram atendidas em uma \u00fanica tarde, entre vacinas, exames, orienta\u00e7\u00f5es e atividades f\u00edsicas. A presen\u00e7a das secretarias parceiras, o engajamento dos profissionais e, principalmente, a participa\u00e7\u00e3o da comunidade refor\u00e7am que estamos no caminho certo, levando servi\u00e7os essenciais para onde o povo est\u00e1. Essa \u00e9 a cidade que queremos construir: com mais qualidade de vida, inclus\u00e3o e cuidado com todos\u201d, disse.<\/p>\n\n\n\n<p>A secret\u00e1ria municipal de Sa\u00fade, Patricia Scacalossi, tamb\u00e9m considerou a primeira edi\u00e7\u00e3o do evento bastante positiva e ressaltou o trabalho integrado com outras pastas da administra\u00e7\u00e3o municipal. \u201cA participa\u00e7\u00e3o das demais secretarias como Servi\u00e7os Urbanos, Cultura, Educa\u00e7\u00e3o e Esporte foram fundamentais. Foi um momento de descontra\u00e7\u00e3o e cuidados. A\u00e7\u00f5es como essa aproximam a popula\u00e7\u00e3o dos servi\u00e7os de sa\u00fade\u201d, afirmou a secret\u00e1ria.<\/p>\n\n\n\n<p>A proposta \u00e9 seguir levando o projeto para diferentes regi\u00f5es da cidade descentralizando os servi\u00e7os e garantindo que mais pessoas tenham acesso \u00e0s a\u00e7\u00f5es de sa\u00fade preventiva e qualidade de vida.<\/p>\n\n\n\n<p><strong>Balan\u00e7o dos Atendimentos:<\/strong><\/p>\n\n\n\n<p>&#8211; Pessoas vacinadas: 43 (Gripe: 41; Febre Amarela: 2; Sarampo: 2)<br>&#8211; Testes r\u00e1pidos para hepatites virais: 72<br>&#8211; Testes de glicemia: 68<br>&#8211; Aferi\u00e7\u00e3o de press\u00e3o arterial: 32<br>&#8211; Pesagem do Bolsa Fam\u00edlia: 5<br>&#8211; Escova\u00e7\u00e3o supervisionada + entrega de kits dent\u00e1rios: 43<br>&#8211; Cadastro no CadSUS: 3<br>&#8211; Orienta\u00e7\u00f5es da Ouvidoria: 2<br>&#8211; Orienta\u00e7\u00f5es sobre a dengue: 30<br>&#8211; Orienta\u00e7\u00f5es da Pastoral da Aids: 4<\/p>\n\n\n\n<p>Prefeitura de Paranagu\u00e1<\/p>\n","protected":false},"excerpt":{"rendered":"<p>No \u00faltimo domingo (20), o Aeroparque de Paranagu\u00e1 se transformou em um grande centro de atendimento \u00e0 sa\u00fade e bem-estar com a primeira edi\u00e7\u00e3o do projeto Sa\u00fade no Parque, promovido pela Prefeitura de Paranagu\u00e1, por meio da Secretaria Municipal de Sa\u00fade (Semsa). A a\u00e7\u00e3o, que visa facilitar o acesso da popula\u00e7\u00e3o aos servi\u00e7os oferecidos pelo [&hellip;]<\/p>\n","protected":false},"author":2,"featured_media":70661,"comment_status":"open","ping_status":"open","sticky":false,"template":"","format":"standard","meta":{"advanced_seo_description":"","jetpack_seo_html_title":"","jetpack_seo_noindex":false,"_jetpack_memberships_contains_paid_content":false,"footnotes":""},"categories":[77],"tags":[],"class_list":{"0":"post-70660","1":"post","2":"type-post","3":"status-publish","4":"format-standard","5":"has-post-thumbnail","7":"category-paranagua"},"jetpack_featured_media_url":"https:\/\/www.paranapraia.com.br\/wp-content\/uploads\/2025\/07\/17164-scaled.jpg","jetpack_sharing_enabled":true,"_links":{"self":[{"href":"https:\/\/www.paranapraia.com.br\/index.php\/wp-json\/wp\/v2\/posts\/70660"}],"collection":[{"href":"https:\/\/www.paranapraia.com.br\/index.php\/wp-json\/wp\/v2\/posts"}],"about":[{"href":"https:\/\/www.paranapraia.com.br\/index.php\/wp-json\/wp\/v2\/types\/post"}],"author":[{"embeddable":true,"href":"https:\/\/www.paranapraia.com.br\/index.php\/wp-json\/wp\/v2\/users\/2"}],"replies":[{"embeddable":true,"href":"https:\/\/www.paranapraia.com.br\/index.php\/wp-json\/wp\/v2\/comments?post=70660"}],"version-history":[{"count":1,"href":"https:\/\/www.paranapraia.com.br\/index.php\/wp-json\/wp\/v2\/posts\/70660\/revisions"}],"predecessor-version":[{"id":70662,"href":"https:\/\/www.paranapraia.com.br\/index.php\/wp-json\/wp\/v2\/posts\/70660\/revisions\/70662"}],"wp:featuredmedia":[{"embeddable":true,"href":"https:\/\/www.paranapraia.com.br\/index.php\/wp-json\/wp\/v2\/media\/70661"}],"wp:attachment":[{"href":"https:\/\/www.paranapraia.com.br\/index.php\/wp-json\/wp\/v2\/media?parent=70660"}],"wp:term":[{"taxonomy":"category","embeddable":true,"href":"https:\/\/www.paranapraia.com.br\/index.php\/wp-json\/wp\/v2\/categories?post=70660"},{"taxonomy":"post_tag","embeddable":true,"href":"https:\/\/www.paranapraia.com.br\/index.php\/wp-json\/wp\/v2\/tags?post=70660"}],"curies":[{"name":"wp","href":"https:\/\/api.w.org\/{rel}","templated":true}]}}