{"id":70654,"date":"2025-07-21T15:07:23","date_gmt":"2025-07-21T18:07:23","guid":{"rendered":"https:\/\/www.paranapraia.com.br\/?p=70654"},"modified":"2025-07-21T15:07:28","modified_gmt":"2025-07-21T18:07:28","slug":"seguranca-reforcada-garante-tranquilidade-na-festa-do-divino-2025-em-guaratuba","status":"publish","type":"post","link":"https:\/\/www.paranapraia.com.br\/index.php\/2025\/07\/21\/seguranca-reforcada-garante-tranquilidade-na-festa-do-divino-2025-em-guaratuba\/","title":{"rendered":"Seguran\u00e7a refor\u00e7ada garante tranquilidade na Festa do Divino 2025 em Guaratuba"},"content":{"rendered":"\n<p>A Festa do Divino Esp\u00edrito Santo, realizada entre 9 e 20 de julho em Guaratuba, contou com uma opera\u00e7\u00e3o integrada de seguran\u00e7a p\u00fablica que garantiu tranquilidade a moradores e visitantes.<\/p>\n\n\n\n<p>A atua\u00e7\u00e3o foi coordenada entre for\u00e7as estaduais e municipais, com efetivo 24 horas por dia no entorno das pra\u00e7as Coronel Alexandre Mafra e dos Namorados. Participaram da a\u00e7\u00e3o a Pol\u00edcia Militar, Pol\u00edcia Civil, Corpo de Bombeiros, Pol\u00edcia Penal, Defesa Civil do Paran\u00e1 e a Secretaria Municipal de Seguran\u00e7a P\u00fablica e Tr\u00e2nsito, com apoio da Guarda Municipal, Departamento de Tr\u00e2nsito, Defesa Civil Municipal, videomonitoramento e log\u00edstica.<\/p>\n\n\n\n<p>Foram realizadas a\u00e7\u00f5es preventivas, patrulhamento, controle de tr\u00e2nsito, videomonitoramento e apoio ao embarque das caravanas da Melhor Idade. O Centro Integrado de Comando e Controle M\u00f3vel (CICCM) foi instalado como base estrat\u00e9gica.<\/p>\n\n\n\n<p>Durante os 12 dias de evento, n\u00e3o houve registro de ocorr\u00eancias graves, resultado do planejamento e da atua\u00e7\u00e3o conjunta das for\u00e7as de seguran\u00e7a. A Prefeitura agradece o empenho de todos os profissionais envolvidos e reafirma seu compromisso com a realiza\u00e7\u00e3o de eventos seguros e bem organizados.<\/p>\n\n\n\n<p>Prefeitura de Guaratuba<\/p>\n","protected":false},"excerpt":{"rendered":"<p>A Festa do Divino Esp\u00edrito Santo, realizada entre 9 e 20 de julho em Guaratuba, contou com uma opera\u00e7\u00e3o integrada de seguran\u00e7a p\u00fablica que garantiu tranquilidade a moradores e visitantes. A atua\u00e7\u00e3o foi coordenada entre for\u00e7as estaduais e municipais, com efetivo 24 horas por dia no entorno das pra\u00e7as Coronel Alexandre Mafra e dos Namorados. [&hellip;]<\/p>\n","protected":false},"author":2,"featured_media":70655,"comment_status":"open","ping_status":"open","sticky":false,"template":"","format":"standard","meta":{"advanced_seo_description":"","jetpack_seo_html_title":"","jetpack_seo_noindex":false,"_jetpack_memberships_contains_paid_content":false,"footnotes":""},"categories":[99],"tags":[],"class_list":{"0":"post-70654","1":"post","2":"type-post","3":"status-publish","4":"format-standard","5":"has-post-thumbnail","7":"category-guaratuba"},"jetpack_featured_media_url":"https:\/\/www.paranapraia.com.br\/wp-content\/uploads\/2025\/07\/Imagem-do-WhatsApp-de-2025-07-21-as-13.12.51_ccc2fe41.jpg","jetpack_sharing_enabled":true,"_links":{"self":[{"href":"https:\/\/www.paranapraia.com.br\/index.php\/wp-json\/wp\/v2\/posts\/70654"}],"collection":[{"href":"https:\/\/www.paranapraia.com.br\/index.php\/wp-json\/wp\/v2\/posts"}],"about":[{"href":"https:\/\/www.paranapraia.com.br\/index.php\/wp-json\/wp\/v2\/types\/post"}],"author":[{"embeddable":true,"href":"https:\/\/www.paranapraia.com.br\/index.php\/wp-json\/wp\/v2\/users\/2"}],"replies":[{"embeddable":true,"href":"https:\/\/www.paranapraia.com.br\/index.php\/wp-json\/wp\/v2\/comments?post=70654"}],"version-history":[{"count":1,"href":"https:\/\/www.paranapraia.com.br\/index.php\/wp-json\/wp\/v2\/posts\/70654\/revisions"}],"predecessor-version":[{"id":70656,"href":"https:\/\/www.paranapraia.com.br\/index.php\/wp-json\/wp\/v2\/posts\/70654\/revisions\/70656"}],"wp:featuredmedia":[{"embeddable":true,"href":"https:\/\/www.paranapraia.com.br\/index.php\/wp-json\/wp\/v2\/media\/70655"}],"wp:attachment":[{"href":"https:\/\/www.paranapraia.com.br\/index.php\/wp-json\/wp\/v2\/media?parent=70654"}],"wp:term":[{"taxonomy":"category","embeddable":true,"href":"https:\/\/www.paranapraia.com.br\/index.php\/wp-json\/wp\/v2\/categories?post=70654"},{"taxonomy":"post_tag","embeddable":true,"href":"https:\/\/www.paranapraia.com.br\/index.php\/wp-json\/wp\/v2\/tags?post=70654"}],"curies":[{"name":"wp","href":"https:\/\/api.w.org\/{rel}","templated":true}]}}