{"id":70648,"date":"2025-07-21T11:59:46","date_gmt":"2025-07-21T14:59:46","guid":{"rendered":"https:\/\/www.paranapraia.com.br\/?p=70648"},"modified":"2025-07-21T11:59:48","modified_gmt":"2025-07-21T14:59:48","slug":"ultimo-dia-do-festival-de-inverno-movimenta-o-calcadao-cultural-com-arte-encanto-e-alegria-para-as-familias-antoninense","status":"publish","type":"post","link":"https:\/\/www.paranapraia.com.br\/index.php\/2025\/07\/21\/ultimo-dia-do-festival-de-inverno-movimenta-o-calcadao-cultural-com-arte-encanto-e-alegria-para-as-familias-antoninense\/","title":{"rendered":"\u00daltimo dia do Festival de Inverno movimenta o Cal\u00e7ad\u00e3o Cultural com arte, encanto e alegria para as fam\u00edlias antoninense"},"content":{"rendered":"\n<p>O encerramento do Festival de Inverno de Antonina foi simplesmente sensacional, o domingo (20) foi marcado por uma programa\u00e7\u00e3o especial no Cal\u00e7ad\u00e3o Cultural, que reuniu fam\u00edlias inteiras para celebrar a cultura, a arte e a alegria que tomaram conta da cidade ao longo dos \u00faltimos dias.<\/p>\n\n\n\n<p>Durante a tarde, as crian\u00e7as se encantaram com a conta\u00e7\u00e3o da cl\u00e1ssica hist\u00f3ria dos Tr\u00eas Porquinhos, em uma apresenta\u00e7\u00e3o l\u00fadica e interativa, cheia de divers\u00e3o e aprendizado. Logo depois, o p\u00fablico se emocionou com o sens\u00edvel e criativo espet\u00e1culo &#8220;Quarto de Beb\u00ea na Varanda&#8221;, que trouxe poesia e reflex\u00e3o \u00e0 cena.<\/p>\n\n\n\n<p>O clima foi de leveza e festa, com muitas fam\u00edlias aproveitando as atra\u00e7\u00f5es, o conv\u00edvio e o ambiente acolhedor que se formou no cora\u00e7\u00e3o da cidade. Risos, m\u00fasica e express\u00f5es art\u00edsticas deram o tom do dia, fechando com chave de ouro uma edi\u00e7\u00e3o hist\u00f3rica do nosso Festival.<\/p>\n\n\n\n<p>Outro destaque especial foi o espa\u00e7o no Armaz\u00e9m Macedo, onde uma exibi\u00e7\u00e3o audiovisual apresentou fotos antigas de Antonina, despertando mem\u00f3rias e encantando o p\u00fablico com belas imagens do passado da nossa cidade.<\/p>\n\n\n\n<p>Foi um domingo para celebrar tudo aquilo que nos une: a cultura, a hist\u00f3ria e o orgulho de ser antoninense.&nbsp;<\/p>\n\n\n\n<p>Prefeitura de Antonina<\/p>\n","protected":false},"excerpt":{"rendered":"<p>O encerramento do Festival de Inverno de Antonina foi simplesmente sensacional, o domingo (20) foi marcado por uma programa\u00e7\u00e3o especial no Cal\u00e7ad\u00e3o Cultural, que reuniu fam\u00edlias inteiras para celebrar a cultura, a arte e a alegria que tomaram conta da cidade ao longo dos \u00faltimos dias. Durante a tarde, as crian\u00e7as se encantaram com a [&hellip;]<\/p>\n","protected":false},"author":2,"featured_media":70649,"comment_status":"open","ping_status":"open","sticky":false,"template":"","format":"standard","meta":{"advanced_seo_description":"","jetpack_seo_html_title":"","jetpack_seo_noindex":false,"_jetpack_memberships_contains_paid_content":false,"footnotes":""},"categories":[132],"tags":[],"class_list":{"0":"post-70648","1":"post","2":"type-post","3":"status-publish","4":"format-standard","5":"has-post-thumbnail","7":"category-antonina"},"jetpack_featured_media_url":"https:\/\/www.paranapraia.com.br\/wp-content\/uploads\/2025\/07\/whatsapp-image-2025-07-20-at-183859.jpg","jetpack_sharing_enabled":true,"_links":{"self":[{"href":"https:\/\/www.paranapraia.com.br\/index.php\/wp-json\/wp\/v2\/posts\/70648"}],"collection":[{"href":"https:\/\/www.paranapraia.com.br\/index.php\/wp-json\/wp\/v2\/posts"}],"about":[{"href":"https:\/\/www.paranapraia.com.br\/index.php\/wp-json\/wp\/v2\/types\/post"}],"author":[{"embeddable":true,"href":"https:\/\/www.paranapraia.com.br\/index.php\/wp-json\/wp\/v2\/users\/2"}],"replies":[{"embeddable":true,"href":"https:\/\/www.paranapraia.com.br\/index.php\/wp-json\/wp\/v2\/comments?post=70648"}],"version-history":[{"count":1,"href":"https:\/\/www.paranapraia.com.br\/index.php\/wp-json\/wp\/v2\/posts\/70648\/revisions"}],"predecessor-version":[{"id":70650,"href":"https:\/\/www.paranapraia.com.br\/index.php\/wp-json\/wp\/v2\/posts\/70648\/revisions\/70650"}],"wp:featuredmedia":[{"embeddable":true,"href":"https:\/\/www.paranapraia.com.br\/index.php\/wp-json\/wp\/v2\/media\/70649"}],"wp:attachment":[{"href":"https:\/\/www.paranapraia.com.br\/index.php\/wp-json\/wp\/v2\/media?parent=70648"}],"wp:term":[{"taxonomy":"category","embeddable":true,"href":"https:\/\/www.paranapraia.com.br\/index.php\/wp-json\/wp\/v2\/categories?post=70648"},{"taxonomy":"post_tag","embeddable":true,"href":"https:\/\/www.paranapraia.com.br\/index.php\/wp-json\/wp\/v2\/tags?post=70648"}],"curies":[{"name":"wp","href":"https:\/\/api.w.org\/{rel}","templated":true}]}}