{"id":70645,"date":"2025-07-21T11:55:51","date_gmt":"2025-07-21T14:55:51","guid":{"rendered":"https:\/\/www.paranapraia.com.br\/?p=70645"},"modified":"2025-07-21T11:57:02","modified_gmt":"2025-07-21T14:57:02","slug":"festival-de-inverno-encerra-com-musica-teatro-e-celebracao-em-antonina","status":"publish","type":"post","link":"https:\/\/www.paranapraia.com.br\/index.php\/2025\/07\/21\/festival-de-inverno-encerra-com-musica-teatro-e-celebracao-em-antonina\/","title":{"rendered":"Festival de Inverno encerra com m\u00fasica, teatro e celebra\u00e7\u00e3o em Antonina"},"content":{"rendered":"\n<p>A \u00faltima noite do Festival de Inverno de Antonina foi marcada por momentos de emo\u00e7\u00e3o, arte e celebra\u00e7\u00e3o da cultura local. A programa\u00e7\u00e3o iniciou no Theatro Municipal com o espet\u00e1culo \u201cJornada das Almas\u201d, apresentado pelo Grupo Sinapse, que encantou o p\u00fablico com uma obra sens\u00edvel e po\u00e9tica, refor\u00e7ando o papel do teatro na valoriza\u00e7\u00e3o das express\u00f5es art\u00edsticas profundas e contempor\u00e2neas.<\/p>\n\n\n\n<p>Na sequ\u00eancia, o Palco SESI recebeu a querida dupla antoninense Cachoeira &amp; Beira Rio, que alegrou o p\u00fablico com um repert\u00f3rio carregado de ra\u00edzes sertanejas e tradi\u00e7\u00e3o local. Encerrando a noite, o grupo Choro \u00c9 Isto subiu ao palco com uma apresenta\u00e7\u00e3o vibrante do grupo e resgatando cl\u00e1ssicos do choro e da seresta com maestria.<\/p>\n\n\n\n<p>O Festival de Inverno movimentou Antonina ao longo da semana com espet\u00e1culos, oficinas, exposi\u00e7\u00f5es, mostras paralelas e muitos shows, consolidando-se mais uma vez como o maior evento cultural do litoral paranaense. A cidade recebeu um grande n\u00famero de turistas e contou com a presen\u00e7a calorosa das fam\u00edlias antoninenses, que prestigiaram e lotaram os espa\u00e7os culturais.<\/p>\n\n\n\n<p>O retorno do Festival de Inverno representa n\u00e3o apenas a retomada de um evento tradicional, mas o reencontro da cidade com sua voca\u00e7\u00e3o art\u00edstica, sua hospitalidade e sua riqueza cultural.<\/p>\n\n\n\n<p>A Prefeitura de Antonina agradece a todos os artistas, produtores, parceiros, visitantes e moradores que contribu\u00edram para o sucesso desta edi\u00e7\u00e3o.&nbsp;<\/p>\n\n\n\n<p>Que venha o pr\u00f3ximo Festival de Inverno!<\/p>\n\n\n\n<p>Prefeitura de Antonina<\/p>\n","protected":false},"excerpt":{"rendered":"<p>A \u00faltima noite do Festival de Inverno de Antonina foi marcada por momentos de emo\u00e7\u00e3o, arte e celebra\u00e7\u00e3o da cultura local. A programa\u00e7\u00e3o iniciou no Theatro Municipal com o espet\u00e1culo \u201cJornada das Almas\u201d, apresentado pelo Grupo Sinapse, que encantou o p\u00fablico com uma obra sens\u00edvel e po\u00e9tica, refor\u00e7ando o papel do teatro na valoriza\u00e7\u00e3o das [&hellip;]<\/p>\n","protected":false},"author":2,"featured_media":70646,"comment_status":"open","ping_status":"open","sticky":false,"template":"","format":"standard","meta":{"advanced_seo_description":"","jetpack_seo_html_title":"","jetpack_seo_noindex":false,"_jetpack_memberships_contains_paid_content":false,"footnotes":""},"categories":[132],"tags":[],"class_list":{"0":"post-70645","1":"post","2":"type-post","3":"status-publish","4":"format-standard","5":"has-post-thumbnail","7":"category-antonina"},"jetpack_featured_media_url":"https:\/\/www.paranapraia.com.br\/wp-content\/uploads\/2025\/07\/whatsapp-image-2025-07-21-at-105734.jpg","jetpack_sharing_enabled":true,"_links":{"self":[{"href":"https:\/\/www.paranapraia.com.br\/index.php\/wp-json\/wp\/v2\/posts\/70645"}],"collection":[{"href":"https:\/\/www.paranapraia.com.br\/index.php\/wp-json\/wp\/v2\/posts"}],"about":[{"href":"https:\/\/www.paranapraia.com.br\/index.php\/wp-json\/wp\/v2\/types\/post"}],"author":[{"embeddable":true,"href":"https:\/\/www.paranapraia.com.br\/index.php\/wp-json\/wp\/v2\/users\/2"}],"replies":[{"embeddable":true,"href":"https:\/\/www.paranapraia.com.br\/index.php\/wp-json\/wp\/v2\/comments?post=70645"}],"version-history":[{"count":1,"href":"https:\/\/www.paranapraia.com.br\/index.php\/wp-json\/wp\/v2\/posts\/70645\/revisions"}],"predecessor-version":[{"id":70647,"href":"https:\/\/www.paranapraia.com.br\/index.php\/wp-json\/wp\/v2\/posts\/70645\/revisions\/70647"}],"wp:featuredmedia":[{"embeddable":true,"href":"https:\/\/www.paranapraia.com.br\/index.php\/wp-json\/wp\/v2\/media\/70646"}],"wp:attachment":[{"href":"https:\/\/www.paranapraia.com.br\/index.php\/wp-json\/wp\/v2\/media?parent=70645"}],"wp:term":[{"taxonomy":"category","embeddable":true,"href":"https:\/\/www.paranapraia.com.br\/index.php\/wp-json\/wp\/v2\/categories?post=70645"},{"taxonomy":"post_tag","embeddable":true,"href":"https:\/\/www.paranapraia.com.br\/index.php\/wp-json\/wp\/v2\/tags?post=70645"}],"curies":[{"name":"wp","href":"https:\/\/api.w.org\/{rel}","templated":true}]}}