{"id":70639,"date":"2025-07-21T11:50:04","date_gmt":"2025-07-21T14:50:04","guid":{"rendered":"https:\/\/www.paranapraia.com.br\/?p=70639"},"modified":"2025-07-21T11:50:06","modified_gmt":"2025-07-21T14:50:06","slug":"castrapet-vai-estrear-em-84-municipios-do-parana-durante-o-5o-ciclo","status":"publish","type":"post","link":"https:\/\/www.paranapraia.com.br\/index.php\/2025\/07\/21\/castrapet-vai-estrear-em-84-municipios-do-parana-durante-o-5o-ciclo\/","title":{"rendered":"CastraPet vai estrear em 84 munic\u00edpios do Paran\u00e1 durante o 5\u00ba ciclo"},"content":{"rendered":"\n<p>Dos 318 munic\u00edpios que ser\u00e3o beneficiados pelo 5\u00ba ciclo do Programa Permanente de Esteriliza\u00e7\u00e3o de C\u00e3es e Gatos (CastraPet Paran\u00e1), previsto para come\u00e7ar neste segundo semestre, 84 receber\u00e3o o projeto pela primeira vez (26,4%). S\u00e3o cidades como Guaraque\u00e7aba, Joaquim T\u00e1vora, Doutor Ulysses e Francisco Beltr\u00e3o, entre outras, que passar\u00e3o a integrar uma das mais efetivas a\u00e7\u00f5es de cuidado com animais do Pa\u00eds.<\/p>\n\n\n\n<p>Ao final desta etapa, em 2026, a proposta voltada para a Sa\u00fade \u00danica ter\u00e1 alcan\u00e7ado todas as 399 cidades paranaenses, cobrindo 100% do territ\u00f3rio. O investimento nesta fase ser\u00e1 de R$ 19.790.000,00, totalizando R$ 45,2 milh\u00f5es em pouco mais de cinco anos de programa.<\/p>\n\n\n\n<p>\u201cO Paran\u00e1 sustent\u00e1vel cresce com mais esse investimento, de quase R$ 20 milh\u00f5es, nesse importante programa de prote\u00e7\u00e3o animal, o CastraPet Paran\u00e1. Um projeto com o ideal de bem servir a popula\u00e7\u00e3o, evitando o abandono dos nossos pets\u201d, destacou o secret\u00e1rio estadual do Desenvolvimento Sustent\u00e1vel, Rafael Greca.<\/p>\n\n\n\n<p>Inserido no Plano Paran\u00e1 Mais Cidades (PPMC), estabelecido pelo Governo do Paran\u00e1 para apoiar o desenvolvimento dos munic\u00edpios paranaenses, o programa teve in\u00edcio em 2020 e atendeu 104.378 pets desde ent\u00e3o. A proposta contempla exclusivamente pets da popula\u00e7\u00e3o de baixa renda, de organiza\u00e7\u00f5es da sociedade civil ou de protetores independentes. Relaciona a sa\u00fade ambiental, animal e humana por meio do controle populacional de c\u00e3es e gatos atrav\u00e9s da esteriliza\u00e7\u00e3o, preven\u00e7\u00e3o de zoonoses e a\u00e7\u00f5es de educa\u00e7\u00e3o ambiental.<\/p>\n\n\n\n<p>\u201cBuscamos promover a sa\u00fade p\u00fablica por meio de um esfor\u00e7o cont\u00ednuo direcionado \u00e0 educa\u00e7\u00e3o sobre a tutela respons\u00e1vel de c\u00e3es e gatos. A iniciativa n\u00e3o se limita apenas a controlar a reprodu\u00e7\u00e3o de animais, mas almeja promover uma comunidade mais compassiva, desempenhando um papel crucial na sensibiliza\u00e7\u00e3o sobre a import\u00e2ncia da esteriliza\u00e7\u00e3o e da pr\u00e1tica da tutela respons\u00e1vel, que est\u00e1 diretamente ligada \u00e0 vacina\u00e7\u00e3o peri\u00f3dica\u201d, explica Girlene Jacob, m\u00e9dica veterin\u00e1ria e chefe do N\u00facleo de Educa\u00e7\u00e3o Ambiental e Bem-Estar Animal (NEA) do Instituto \u00c1gua e Terra (IAT) \u2013 autarquia vinculada \u00e0 Sedest.<\/p>\n\n\n\n<p>O NEA oferece tamb\u00e9m palestras sobre zoonoses e orienta\u00e7\u00f5es sobre a vacina\u00e7\u00e3o e desvermifuga\u00e7\u00e3o de animais. A colabora\u00e7\u00e3o se estende a uma rede que une diversas ONGs e milhares de protetores independentes, todos compartilhando o objetivo comum de elevar a conscientiza\u00e7\u00e3o da sociedade em rela\u00e7\u00e3o aos animais.<\/p>\n\n\n\n<p>\u201cO CastraPet Paran\u00e1 assumiu um papel crucial na conscientiza\u00e7\u00e3o ambiental, especialmente entre crian\u00e7as e adolescentes. Por isso, dentre as condi\u00e7\u00f5es para que os munic\u00edpios sejam integrados \u00e0 proposta, est\u00e1 tamb\u00e9m o monitoramento das atividades de educa\u00e7\u00e3o ambiental organizadas pelas cidades parceiras. Queremos conscientizar as pessoas cada vez mais cedo\u201d, afirma a veterin\u00e1ria.<\/p>\n\n\n\n<p><strong>MUNIC\u00cdPIOS&nbsp;<\/strong>\u2013<strong>&nbsp;<\/strong>Confira as cidades que ser\u00e3o contempladas pela primeira vez pelo CastraPet Paran\u00e1: Agudos do Sul, Altamira do Paran\u00e1, Arauc\u00e1ria, Barrac\u00e3o, Bela Vista da Caroba, Boa Esperan\u00e7a do Igua\u00e7u, Boa Vista da Aparecida, Bom Jesus do Sul, Braganey, Cafel\u00e2ndia, Cafezal do Sul, Campina do Sim\u00e3o, Campo Magro, Castro, Cerro Azul, Chopinzinho, Congonhinhas, Coronel Domingos Soares, Cruz Machado, Cruzeiro do Igua\u00e7u, Diamante d\u2019Oeste, Diamante do Sul, Doutor Ulysses, Espig\u00e3o Alto do Igua\u00e7u, Fernandes Pinheiro, Florest\u00f3polis, Francisco Beltr\u00e3o, Guamiranga, Guaraque\u00e7aba, Guaratuba, Ibaiti, Iguatu, Iracema do Oeste, Iva\u00ed, Ivat\u00e9, Jaguaria\u00edva, Jataizinho, Joaquim T\u00e1vora, Kalor\u00e9, Lidian\u00f3polis, Mallet, Mandirituba, Manfrin\u00f3polis, Mangueirinha, Marmeleiro, Mato Rico, Morretes, Nova Aurora, Nova Esperan\u00e7a do Sudoeste, Nova Laranjeiras, Nova Santa Rosa, Ortigueira, Palmeira, Paulo Frontin, Pi\u00ean, Pinhal de S\u00e3o Bento, Pinhal\u00e3o, Pinh\u00e3o, Pira\u00ed do Sul, Pitanga, Planaltina do Paran\u00e1, Porto Amazonas, Porto Barreiro, Porto Rico, Porto Vit\u00f3ria, Pranchita, Reserva do Igua\u00e7u, Rio Branco do Iva\u00ed, Rio Branco do Sul, Salgado Filho, Santa L\u00facia, Santo Ant\u00f4nio do Caiu\u00e1, Santo Ant\u00f4nio do Para\u00edso, S\u00e3o Jos\u00e9 da Boa Vista, S\u00e3o Jos\u00e9 das Palmeiras, S\u00e3o Pedro do Iva\u00ed, Saudade do Igua\u00e7u, Serran\u00f3polis do Igua\u00e7u, Teixeira Soares, Tel\u00eamaco Borba, Terra Roxa, Tunas do Paran\u00e1, Tup\u00e3ssi e Vitorino.<\/p>\n\n\n\n<p>AEN\/PR<\/p>\n","protected":false},"excerpt":{"rendered":"<p>Dos 318 munic\u00edpios que ser\u00e3o beneficiados pelo 5\u00ba ciclo do Programa Permanente de Esteriliza\u00e7\u00e3o de C\u00e3es e Gatos (CastraPet Paran\u00e1), previsto para come\u00e7ar neste segundo semestre, 84 receber\u00e3o o projeto pela primeira vez (26,4%). S\u00e3o cidades como Guaraque\u00e7aba, Joaquim T\u00e1vora, Doutor Ulysses e Francisco Beltr\u00e3o, entre outras, que passar\u00e3o a integrar uma das mais efetivas [&hellip;]<\/p>\n","protected":false},"author":2,"featured_media":70640,"comment_status":"open","ping_status":"open","sticky":false,"template":"","format":"standard","meta":{"advanced_seo_description":"","jetpack_seo_html_title":"","jetpack_seo_noindex":false,"_jetpack_memberships_contains_paid_content":false,"footnotes":""},"categories":[40],"tags":[],"class_list":{"0":"post-70639","1":"post","2":"type-post","3":"status-publish","4":"format-standard","5":"has-post-thumbnail","7":"category-destaques"},"jetpack_featured_media_url":"https:\/\/www.paranapraia.com.br\/wp-content\/uploads\/2025\/07\/castrapet_01112024_foto-_patryck_madeira-54_0-scaled.jpg","jetpack_sharing_enabled":true,"_links":{"self":[{"href":"https:\/\/www.paranapraia.com.br\/index.php\/wp-json\/wp\/v2\/posts\/70639"}],"collection":[{"href":"https:\/\/www.paranapraia.com.br\/index.php\/wp-json\/wp\/v2\/posts"}],"about":[{"href":"https:\/\/www.paranapraia.com.br\/index.php\/wp-json\/wp\/v2\/types\/post"}],"author":[{"embeddable":true,"href":"https:\/\/www.paranapraia.com.br\/index.php\/wp-json\/wp\/v2\/users\/2"}],"replies":[{"embeddable":true,"href":"https:\/\/www.paranapraia.com.br\/index.php\/wp-json\/wp\/v2\/comments?post=70639"}],"version-history":[{"count":1,"href":"https:\/\/www.paranapraia.com.br\/index.php\/wp-json\/wp\/v2\/posts\/70639\/revisions"}],"predecessor-version":[{"id":70641,"href":"https:\/\/www.paranapraia.com.br\/index.php\/wp-json\/wp\/v2\/posts\/70639\/revisions\/70641"}],"wp:featuredmedia":[{"embeddable":true,"href":"https:\/\/www.paranapraia.com.br\/index.php\/wp-json\/wp\/v2\/media\/70640"}],"wp:attachment":[{"href":"https:\/\/www.paranapraia.com.br\/index.php\/wp-json\/wp\/v2\/media?parent=70639"}],"wp:term":[{"taxonomy":"category","embeddable":true,"href":"https:\/\/www.paranapraia.com.br\/index.php\/wp-json\/wp\/v2\/categories?post=70639"},{"taxonomy":"post_tag","embeddable":true,"href":"https:\/\/www.paranapraia.com.br\/index.php\/wp-json\/wp\/v2\/tags?post=70639"}],"curies":[{"name":"wp","href":"https:\/\/api.w.org\/{rel}","templated":true}]}}