{"id":70636,"date":"2025-07-21T11:32:45","date_gmt":"2025-07-21T14:32:45","guid":{"rendered":"https:\/\/www.paranapraia.com.br\/?p=70636"},"modified":"2025-07-21T11:32:47","modified_gmt":"2025-07-21T14:32:47","slug":"morretes-realiza-caminhada-pelo-fim-da-violencia-contra-a-mulher-no-dia-22-de-julho-2","status":"publish","type":"post","link":"https:\/\/www.paranapraia.com.br\/index.php\/2025\/07\/21\/morretes-realiza-caminhada-pelo-fim-da-violencia-contra-a-mulher-no-dia-22-de-julho-2\/","title":{"rendered":"Morretes realiza Caminhada pelo Fim da Viol\u00eancia Contra a Mulher no dia 22 de julho"},"content":{"rendered":"\n<p>A Prefeitura de Morretes, por meio da Secretaria Municipal de Assist\u00eancia Social e do Conselho Municipal dos Direitos da Mulher (CMDM), convida toda a popula\u00e7\u00e3o para participar da\u00a0Caminhada pelo Fim da Viol\u00eancia Contra a Mulher, que acontecer\u00e1 no dia\u00a022 de julho de 2025, com sa\u00edda \u00e0s 12h.<\/p>\n\n\n\n<p>A concentra\u00e7\u00e3o ser\u00e1 na\u00a0rotat\u00f3ria de entrada da cidade \u00e0s 11h45, e o percurso seguir\u00e1 pela\u00a0Rua XV de Novembro, com encerramento na\u00a0escadaria da esta\u00e7\u00e3o ferrovi\u00e1ria. A mobiliza\u00e7\u00e3o, que acontecer\u00e1 ao meio-dia, busca chamar aten\u00e7\u00e3o para a urg\u00eancia no enfrentamento da viol\u00eancia contra a mulher e refor\u00e7ar o compromisso da sociedade com o respeito e a igualdade de direitos.<\/p>\n\n\n\n<p>A a\u00e7\u00e3o integra as atividades de conscientiza\u00e7\u00e3o e visibilidade sobre o enfrentamento da viol\u00eancia de g\u00eanero em Morretes e marca uma importante iniciativa de participa\u00e7\u00e3o social, engajamento comunit\u00e1rio e defesa dos direitos das mulheres.<\/p>\n\n\n\n<p>A\u00a0Secret\u00e1ria Municipal de Assist\u00eancia Social,\u00a0Maria Cristina Moraes da Costa Pinto, fez um convite \u00e0 popula\u00e7\u00e3o:<\/p>\n\n\n\n<p><em>\u201cEssa caminhada representa um momento simb\u00f3lico, mas tamb\u00e9m de grande import\u00e2ncia pr\u00e1tica. Convidamos toda a comunidade morretense a caminhar conosco e levantar a voz contra qualquer forma de viol\u00eancia. O combate ao feminic\u00eddio e \u00e0 viol\u00eancia de g\u00eanero \u00e9 responsabilidade de todos n\u00f3s, e a presen\u00e7a de cada pessoa faz a diferen\u00e7a. Vamos, juntos, ocupar as ruas em defesa da vida e da dignidade das mulheres.\u201d<\/em><\/p>\n\n\n\n<p>A Prefeitura de Morretes refor\u00e7a que a constru\u00e7\u00e3o de uma cidade mais justa, segura e igualit\u00e1ria passa pelo\u00a0fortalecimento das pol\u00edticas p\u00fablicas de prote\u00e7\u00e3o e promo\u00e7\u00e3o dos direitos das mulheres, e iniciativas como essa s\u00e3o fundamentais para ampliar a conscientiza\u00e7\u00e3o e o envolvimento popular.<\/p>\n\n\n\n<p>Participe. Sua presen\u00e7a fortalece essa causa.<\/p>\n\n\n\n<p>Prefeitura de Morretes<\/p>\n","protected":false},"excerpt":{"rendered":"<p>A Prefeitura de Morretes, por meio da Secretaria Municipal de Assist\u00eancia Social e do Conselho Municipal dos Direitos da Mulher (CMDM), convida toda a popula\u00e7\u00e3o para participar da\u00a0Caminhada pelo Fim da Viol\u00eancia Contra a Mulher, que acontecer\u00e1 no dia\u00a022 de julho de 2025, com sa\u00edda \u00e0s 12h. A concentra\u00e7\u00e3o ser\u00e1 na\u00a0rotat\u00f3ria de entrada da cidade [&hellip;]<\/p>\n","protected":false},"author":2,"featured_media":70637,"comment_status":"open","ping_status":"open","sticky":false,"template":"","format":"standard","meta":{"advanced_seo_description":"","jetpack_seo_html_title":"","jetpack_seo_noindex":false,"_jetpack_memberships_contains_paid_content":false,"footnotes":""},"categories":[125],"tags":[],"class_list":{"0":"post-70636","1":"post","2":"type-post","3":"status-publish","4":"format-standard","5":"has-post-thumbnail","7":"category-morretes"},"jetpack_featured_media_url":"https:\/\/www.paranapraia.com.br\/wp-content\/uploads\/2025\/07\/sitecombatefeminicidio-1.jpg","jetpack_sharing_enabled":true,"_links":{"self":[{"href":"https:\/\/www.paranapraia.com.br\/index.php\/wp-json\/wp\/v2\/posts\/70636"}],"collection":[{"href":"https:\/\/www.paranapraia.com.br\/index.php\/wp-json\/wp\/v2\/posts"}],"about":[{"href":"https:\/\/www.paranapraia.com.br\/index.php\/wp-json\/wp\/v2\/types\/post"}],"author":[{"embeddable":true,"href":"https:\/\/www.paranapraia.com.br\/index.php\/wp-json\/wp\/v2\/users\/2"}],"replies":[{"embeddable":true,"href":"https:\/\/www.paranapraia.com.br\/index.php\/wp-json\/wp\/v2\/comments?post=70636"}],"version-history":[{"count":1,"href":"https:\/\/www.paranapraia.com.br\/index.php\/wp-json\/wp\/v2\/posts\/70636\/revisions"}],"predecessor-version":[{"id":70638,"href":"https:\/\/www.paranapraia.com.br\/index.php\/wp-json\/wp\/v2\/posts\/70636\/revisions\/70638"}],"wp:featuredmedia":[{"embeddable":true,"href":"https:\/\/www.paranapraia.com.br\/index.php\/wp-json\/wp\/v2\/media\/70637"}],"wp:attachment":[{"href":"https:\/\/www.paranapraia.com.br\/index.php\/wp-json\/wp\/v2\/media?parent=70636"}],"wp:term":[{"taxonomy":"category","embeddable":true,"href":"https:\/\/www.paranapraia.com.br\/index.php\/wp-json\/wp\/v2\/categories?post=70636"},{"taxonomy":"post_tag","embeddable":true,"href":"https:\/\/www.paranapraia.com.br\/index.php\/wp-json\/wp\/v2\/tags?post=70636"}],"curies":[{"name":"wp","href":"https:\/\/api.w.org\/{rel}","templated":true}]}}