{"id":70629,"date":"2025-07-21T11:16:35","date_gmt":"2025-07-21T14:16:35","guid":{"rendered":"https:\/\/www.paranapraia.com.br\/?p=70629"},"modified":"2025-07-21T11:16:36","modified_gmt":"2025-07-21T14:16:36","slug":"gabinete-para-todos-inicia-semana-de-atendimento-direto-a-populacao-no-palco-tutoia-confira-a-programacao","status":"publish","type":"post","link":"https:\/\/www.paranapraia.com.br\/index.php\/2025\/07\/21\/gabinete-para-todos-inicia-semana-de-atendimento-direto-a-populacao-no-palco-tutoia-confira-a-programacao\/","title":{"rendered":"&#8220;Gabinete para Todos&#8221; inicia semana de atendimento direto \u00e0 popula\u00e7\u00e3o no Palco Tut\u00f3ia; confira a programa\u00e7\u00e3o"},"content":{"rendered":"\n<p>Dentro das comemora\u00e7\u00f5es pelos 377 anos de Paranagu\u00e1, a Prefeitura iniciou, no \u00faltimo s\u00e1bado (19), a programa\u00e7\u00e3o oficial do Gabinete para Todos, espa\u00e7o de escuta e atendimento \u00e0 popula\u00e7\u00e3o que segue em funcionamento at\u00e9 o dia 29 de julho, data do anivers\u00e1rio da cidade. Instalado no Palco Tut\u00f3ia, na Pra\u00e7a de Eventos do Centro Hist\u00f3rico, o gabinete itinerante contar\u00e1 com a presen\u00e7a de secret\u00e1rios municipais em hor\u00e1rios fixos durante toda a semana.<\/p>\n\n\n\n<p>A proposta \u00e9 que, a cada turno, manh\u00e3s das 9h \u00e0s 12h e tardes das 14h \u00e0s 18h, uma secretaria diferente esteja representada no local. O rod\u00edzio foi definido para garantir que todas as \u00e1reas da administra\u00e7\u00e3o p\u00fablica estejam acess\u00edveis aos cidad\u00e3os, com escuta ativa, acolhimento de sugest\u00f5es e encaminhamento de demandas.<\/p>\n\n\n\n<p>O prefeito Adriano Ramos tamb\u00e9m estar\u00e1 presente em momentos da programa\u00e7\u00e3o, refor\u00e7ando o car\u00e1ter participativo da iniciativa. \u201cO gabinete estar\u00e1 funcionando todos os dias, inclusive aos s\u00e1bados, com presen\u00e7a garantida dos secret\u00e1rios. \u00c9 uma maneira de aproximar a popula\u00e7\u00e3o da gest\u00e3o municipal, de forma transparente e respeitosa. Cada cidad\u00e3o pode trazer suas reivindica\u00e7\u00f5es e conversar diretamente com quem executa as pol\u00edticas p\u00fablicas na cidade\u201d, destacou.<\/p>\n\n\n\n<p>Ao longo da semana, moradores de diferentes bairros podem comparecer ao local e conversar diretamente com as lideran\u00e7as municipais, sem a necessidade de agendamento pr\u00e9vio. O gabinete funciona em paralelo \u00e0 programa\u00e7\u00e3o cultural do munic\u00edpio, que inclui shows, eventos religiosos e feiras gastron\u00f4micas e culturais.<\/p>\n\n\n\n<p><strong>Confira a programa\u00e7\u00e3o do Gabinete para Todos nesta semana<\/strong><\/p>\n\n\n\n<p><strong>Local<\/strong>: Palco Tut\u00f3ia, Pra\u00e7a de Eventos, Centro Hist\u00f3rico de Paranagu\u00e1<\/p>\n\n\n\n<p><strong>Hor\u00e1rios de atendimento<\/strong>: das 9h \u00e0s 12h e das 14h \u00e0s 18h<\/p>\n\n\n\n<p><strong>Segunda-feira (21)<\/strong><\/p>\n\n\n\n<p>Manh\u00e3: Secretaria de Planejamento e Gest\u00e3o \u2013 V\u00e2nia Foes<br>Tarde: Secretaria de Desenvolvimento Econ\u00f4mico \u2013 Leo Lacerda<\/p>\n\n\n\n<p><strong>Ter\u00e7a-feira (22)<\/strong><\/p>\n\n\n\n<p>Manh\u00e3: Secretaria de Inclus\u00e3o \u2013 Isabelle Dias<br>Tarde: Secretaria da Fam\u00edlia e Assist\u00eancia Social \u2013 Carolina Miranda&nbsp;<br>Tarde: Prefeito Adriano Ramos<\/p>\n\n\n\n<p><strong>Quarta-feira (23)<\/strong><\/p>\n\n\n\n<p>Manh\u00e3: Secretaria de Sa\u00fade \u2013 Patr\u00edcia Scacalossi<br>Tarde: Secretaria de Fiscaliza\u00e7\u00e3o: Isabele Campos&nbsp;<\/p>\n\n\n\n<p><strong>Quinta-feira (24)<\/strong><\/p>\n\n\n\n<p>Manh\u00e3: Secretaria da Mulher \u2013 Daiane \u00c1vila Christakis<br>Tarde: Secretaria de Seguran\u00e7a \u2013 Leudomar N\u00f3brega e Secretaria Municipal de Desenvolvimento Rural e Ilhas, Pesca, Abastecimento e Aquicultura (SEMDESP) \u2013 Marcio Vega<\/p>\n\n\n\n<p><strong>Sexta-feira (25)<\/strong><\/p>\n\n\n\n<p>Manh\u00e3: Secretaria de Servi\u00e7os Urbanos \u2013 Christianara Folkuenig<br>Tarde: Secretaria de Urbanismo \u2013 Luiz Augusto Pellegrinni de Carvalho e Secretaria de Meio Ambiente \u2013 Dahir Elias Fadel J\u00fanior<\/p>\n\n\n\n<p><strong>S\u00e1bado (26)<\/strong><\/p>\n\n\n\n<p>Manh\u00e3: Secretaria de Educa\u00e7\u00e3o \u2013 Fab\u00edola Arcega<br>Tarde: Secretaria do Trabalho \u2013 Wagih Hammoud<\/p>\n\n\n\n<p>Prefeitura de Paranagu\u00e1<\/p>\n","protected":false},"excerpt":{"rendered":"<p>Dentro das comemora\u00e7\u00f5es pelos 377 anos de Paranagu\u00e1, a Prefeitura iniciou, no \u00faltimo s\u00e1bado (19), a programa\u00e7\u00e3o oficial do Gabinete para Todos, espa\u00e7o de escuta e atendimento \u00e0 popula\u00e7\u00e3o que segue em funcionamento at\u00e9 o dia 29 de julho, data do anivers\u00e1rio da cidade. Instalado no Palco Tut\u00f3ia, na Pra\u00e7a de Eventos do Centro Hist\u00f3rico, [&hellip;]<\/p>\n","protected":false},"author":2,"featured_media":70630,"comment_status":"open","ping_status":"open","sticky":false,"template":"","format":"standard","meta":{"advanced_seo_description":"","jetpack_seo_html_title":"","jetpack_seo_noindex":false,"_jetpack_memberships_contains_paid_content":false,"footnotes":""},"categories":[77],"tags":[],"class_list":{"0":"post-70629","1":"post","2":"type-post","3":"status-publish","4":"format-standard","5":"has-post-thumbnail","7":"category-paranagua"},"jetpack_featured_media_url":"https:\/\/www.paranapraia.com.br\/wp-content\/uploads\/2025\/07\/17132-scaled.jpg","jetpack_sharing_enabled":true,"_links":{"self":[{"href":"https:\/\/www.paranapraia.com.br\/index.php\/wp-json\/wp\/v2\/posts\/70629"}],"collection":[{"href":"https:\/\/www.paranapraia.com.br\/index.php\/wp-json\/wp\/v2\/posts"}],"about":[{"href":"https:\/\/www.paranapraia.com.br\/index.php\/wp-json\/wp\/v2\/types\/post"}],"author":[{"embeddable":true,"href":"https:\/\/www.paranapraia.com.br\/index.php\/wp-json\/wp\/v2\/users\/2"}],"replies":[{"embeddable":true,"href":"https:\/\/www.paranapraia.com.br\/index.php\/wp-json\/wp\/v2\/comments?post=70629"}],"version-history":[{"count":1,"href":"https:\/\/www.paranapraia.com.br\/index.php\/wp-json\/wp\/v2\/posts\/70629\/revisions"}],"predecessor-version":[{"id":70631,"href":"https:\/\/www.paranapraia.com.br\/index.php\/wp-json\/wp\/v2\/posts\/70629\/revisions\/70631"}],"wp:featuredmedia":[{"embeddable":true,"href":"https:\/\/www.paranapraia.com.br\/index.php\/wp-json\/wp\/v2\/media\/70630"}],"wp:attachment":[{"href":"https:\/\/www.paranapraia.com.br\/index.php\/wp-json\/wp\/v2\/media?parent=70629"}],"wp:term":[{"taxonomy":"category","embeddable":true,"href":"https:\/\/www.paranapraia.com.br\/index.php\/wp-json\/wp\/v2\/categories?post=70629"},{"taxonomy":"post_tag","embeddable":true,"href":"https:\/\/www.paranapraia.com.br\/index.php\/wp-json\/wp\/v2\/tags?post=70629"}],"curies":[{"name":"wp","href":"https:\/\/api.w.org\/{rel}","templated":true}]}}