{"id":70623,"date":"2025-07-21T08:48:09","date_gmt":"2025-07-21T11:48:09","guid":{"rendered":"https:\/\/www.paranapraia.com.br\/?p=70623"},"modified":"2025-07-21T08:48:12","modified_gmt":"2025-07-21T11:48:12","slug":"combate-ao-feminicidio-sera-tema-da-3a-caminhada-do-meio-dia-em-paranagua","status":"publish","type":"post","link":"https:\/\/www.paranapraia.com.br\/index.php\/2025\/07\/21\/combate-ao-feminicidio-sera-tema-da-3a-caminhada-do-meio-dia-em-paranagua\/","title":{"rendered":"Combate ao Feminic\u00eddio ser\u00e1 tema da 3\u00aa Caminhada do Meio-Dia em Paranagu\u00e1"},"content":{"rendered":"\n<p>A Prefeitura de Paranagu\u00e1, por meio da Secretaria Municipal da Mulher (Semmu), realiza no dia 22 de julho, a 3\u00aa Caminhada do Meio-Dia em alus\u00e3o ao Dia Estadual de Combate ao Feminic\u00eddio. A iniciativa faz parte da Campanha Estadual \u201cParan\u00e1 Unido no Combate ao Feminic\u00eddio\u201d.<\/p>\n\n\n\n<p>A concentra\u00e7\u00e3o acontece a partir das 11h30 na Rua Professor Cleto (em frente \u00e0 R\u00e1dio Difusora), com sa\u00edda prevista para \u00e0s 12h. A organiza\u00e7\u00e3o sugere aos participantes, o uso de roupas brancas ou claras, al\u00e9m disso, todos podem levar cartazes e faixas.<\/p>\n\n\n\n<p>\u201cA Caminhada do Meio-Dia faz parte da Campanha Estadual Paran\u00e1 Unido no Combate ao Feminic\u00eddio, um ato importante de demonstra\u00e7\u00e3o de apoio ao enfrentamento a essa mais grave express\u00e3o da viol\u00eancia contra as mulheres. Nesse sentido, convidamos a popula\u00e7\u00e3o a somar conosco. A Caminhada acontecer\u00e1 simultaneamente em diversos munic\u00edpios do Paran\u00e1, ao meio-dia, do dia 22 de Julho, dia Estadual de combate ao Feminic\u00eddio, data institu\u00edda em mem\u00f3ria da advogada Tatiane Spitzner, v\u00edtima da viol\u00eancia\u201d, explica a secret\u00e1ria da Mulher, Daiane \u00c1vila Cristakis.<\/p>\n\n\n\n<p><strong>Servi\u00e7o:<\/strong><\/p>\n\n\n\n<p><strong>Tema:<\/strong>&nbsp;3\u00aa Caminhada do Meio-Dia em alus\u00e3o ao Dia Estadual de Combate ao Feminic\u00eddio<\/p>\n\n\n\n<p><strong>Data:<\/strong>&nbsp;22\/7<\/p>\n\n\n\n<p><strong>Hora:<\/strong>&nbsp;11h30 (concentra\u00e7\u00e3o)<\/p>\n\n\n\n<p><strong>Local:<\/strong>&nbsp;Rua Professor Cleto (em frente \u00e0 R\u00e1dio Difusora)<\/p>\n\n\n\n<p>Prefeitura de Paranagu\u00e1<\/p>\n","protected":false},"excerpt":{"rendered":"<p>A Prefeitura de Paranagu\u00e1, por meio da Secretaria Municipal da Mulher (Semmu), realiza no dia 22 de julho, a 3\u00aa Caminhada do Meio-Dia em alus\u00e3o ao Dia Estadual de Combate ao Feminic\u00eddio. A iniciativa faz parte da Campanha Estadual \u201cParan\u00e1 Unido no Combate ao Feminic\u00eddio\u201d. A concentra\u00e7\u00e3o acontece a partir das 11h30 na Rua Professor [&hellip;]<\/p>\n","protected":false},"author":2,"featured_media":70624,"comment_status":"open","ping_status":"open","sticky":false,"template":"","format":"standard","meta":{"advanced_seo_description":"","jetpack_seo_html_title":"","jetpack_seo_noindex":false,"_jetpack_memberships_contains_paid_content":false,"footnotes":""},"categories":[77],"tags":[],"class_list":{"0":"post-70623","1":"post","2":"type-post","3":"status-publish","4":"format-standard","5":"has-post-thumbnail","7":"category-paranagua"},"jetpack_featured_media_url":"https:\/\/www.paranapraia.com.br\/wp-content\/uploads\/2025\/07\/16911-scaled.jpg","jetpack_sharing_enabled":true,"_links":{"self":[{"href":"https:\/\/www.paranapraia.com.br\/index.php\/wp-json\/wp\/v2\/posts\/70623"}],"collection":[{"href":"https:\/\/www.paranapraia.com.br\/index.php\/wp-json\/wp\/v2\/posts"}],"about":[{"href":"https:\/\/www.paranapraia.com.br\/index.php\/wp-json\/wp\/v2\/types\/post"}],"author":[{"embeddable":true,"href":"https:\/\/www.paranapraia.com.br\/index.php\/wp-json\/wp\/v2\/users\/2"}],"replies":[{"embeddable":true,"href":"https:\/\/www.paranapraia.com.br\/index.php\/wp-json\/wp\/v2\/comments?post=70623"}],"version-history":[{"count":1,"href":"https:\/\/www.paranapraia.com.br\/index.php\/wp-json\/wp\/v2\/posts\/70623\/revisions"}],"predecessor-version":[{"id":70625,"href":"https:\/\/www.paranapraia.com.br\/index.php\/wp-json\/wp\/v2\/posts\/70623\/revisions\/70625"}],"wp:featuredmedia":[{"embeddable":true,"href":"https:\/\/www.paranapraia.com.br\/index.php\/wp-json\/wp\/v2\/media\/70624"}],"wp:attachment":[{"href":"https:\/\/www.paranapraia.com.br\/index.php\/wp-json\/wp\/v2\/media?parent=70623"}],"wp:term":[{"taxonomy":"category","embeddable":true,"href":"https:\/\/www.paranapraia.com.br\/index.php\/wp-json\/wp\/v2\/categories?post=70623"},{"taxonomy":"post_tag","embeddable":true,"href":"https:\/\/www.paranapraia.com.br\/index.php\/wp-json\/wp\/v2\/tags?post=70623"}],"curies":[{"name":"wp","href":"https:\/\/api.w.org\/{rel}","templated":true}]}}