{"id":70610,"date":"2025-07-18T17:42:51","date_gmt":"2025-07-18T20:42:51","guid":{"rendered":"https:\/\/www.paranapraia.com.br\/?p=70610"},"modified":"2025-07-18T17:42:54","modified_gmt":"2025-07-18T20:42:54","slug":"sessao-solene-do-ihgp-homenageia-os-377-anos-de-paranagua-com-destaque-a-contribuicao-das-mulheres-na-cultura","status":"publish","type":"post","link":"https:\/\/www.paranapraia.com.br\/index.php\/2025\/07\/18\/sessao-solene-do-ihgp-homenageia-os-377-anos-de-paranagua-com-destaque-a-contribuicao-das-mulheres-na-cultura\/","title":{"rendered":"Sess\u00e3o Solene do IHGP homenageia os 377 anos de Paranagu\u00e1 com destaque \u00e0 contribui\u00e7\u00e3o das mulheres na cultura"},"content":{"rendered":"\n<p>O Instituto Hist\u00f3rico e Geogr\u00e1fico de Paranagu\u00e1 (IHGP) realizou, na noite da \u00faltima quinta-feira (17), uma sess\u00e3o solene em comemora\u00e7\u00e3o aos 377 anos de Paranagu\u00e1. O evento aconteceu no audit\u00f3rio do Instituto Superior do Litoral do Paran\u00e1 (Isulpar) e reuniu autoridades, homenageadas e seus familiares, representantes da sociedade civil, al\u00e9m de toda a diretoria do instituto. O prefeito Adriano Ramos tamb\u00e9m marcou presen\u00e7a, ao lado de vereadores e secret\u00e1rios municipais.<\/p>\n\n\n\n<p>A cerim\u00f4nia foi marcada por momentos de forte emo\u00e7\u00e3o e valoriza\u00e7\u00e3o da cultura parnanguara. O Coral Amigos da M\u00fasica abrilhantou a noite com uma apresenta\u00e7\u00e3o especial e, em seguida, o orador Alessandro Staniscia, membro do IHGP, trouxe \u00e0 tona importantes registros hist\u00f3ricos da cidade, como os documentos assinados por Dom Pedro II e pela Princesa Isabel durante passagem por Paranagu\u00e1.<\/p>\n\n\n\n<p>Um dos momentos mais simb\u00f3licos da noite foi a homenagem a quatro grandes mulheres que se destacaram na cultura local: a maestrina Terezinha Hammoud, a educadora e musicista Regina Vernalha de Pinho, a professora Ivone Elias Marques e a professora, musicista e poetisa Maria Helena Mendes Nizio.<\/p>\n\n\n\n<p>Presente na solenidade, o prefeito Adriano Ramos destacou a import\u00e2ncia do evento para o fortalecimento da mem\u00f3ria hist\u00f3rica e da valoriza\u00e7\u00e3o das personalidades que contribu\u00edram para a forma\u00e7\u00e3o cultural de Paranagu\u00e1. \u201cParanagu\u00e1 tem uma hist\u00f3ria rica, constru\u00edda por pessoas que dedicaram suas vidas \u00e0 cultura, \u00e0 educa\u00e7\u00e3o e \u00e0 arte. Estar aqui hoje, celebrando os 377 anos da nossa cidade junto ao Instituto Hist\u00f3rico e Geogr\u00e1fico, \u00e9 reafirmar nosso compromisso com a preserva\u00e7\u00e3o da mem\u00f3ria e com o reconhecimento daqueles que ajudaram a formar a identidade parnanguara. Homenagens como essas s\u00e3o fundamentais para manter viva a nossa ess\u00eancia e inspirar as novas gera\u00e7\u00f5es\u201d, declarou o prefeito Adriano Ramos.<\/p>\n\n\n\n<p>A presidente do IHGP, Simone Melo, destacou a import\u00e2ncia da solenidade. \u201c\u00c9 uma satisfa\u00e7\u00e3o imensa. O anivers\u00e1rio de Paranagu\u00e1 tem que ser comemorado com muita cultura e reconhecimento. Essa sess\u00e3o \u00e9 dedicada \u00e0s mulheres parnanguaras, que tanto batalham. Paranagu\u00e1 \u00e9 nossa m\u00e3e e nada mais justo do que homenagear essas grandes representantes da nossa hist\u00f3ria\u201d, disse Melo.<\/p>\n\n\n\n<p>Entre os familiares das homenageadas, a emo\u00e7\u00e3o foi vis\u00edvel. Luis Carlos Vernalha de Pinho, filho de Regina Vernalha, expressou sua gratid\u00e3o. \u201cUma felicidade muito grande ver esse reconhecimento. Minha m\u00e3e foi uma mulher que se distinguiu nas \u00e1reas da educa\u00e7\u00e3o e da cultura, como maestrina do coral Asa Branca. Essas homenagens representam todas as mulheres de Paranagu\u00e1\u201d, falou.<\/p>\n\n\n\n<p>A homenageada Terezinha Hammoud tamb\u00e9m compartilhou sua emo\u00e7\u00e3o. \u201cFoi muito especial, porque estou sendo lembrada pelos meus amigos, meus conterr\u00e2neos, meus colegas da m\u00fasica. Estou muito feliz!\u201d, contou.<\/p>\n\n\n\n<p>Al\u00e9m das homenagens, o evento tamb\u00e9m foi palco para a valoriza\u00e7\u00e3o da arte parnanguara, com a entrega de diplomas aos novos s\u00f3cios do IHGP e a cerim\u00f4nia de premia\u00e7\u00e3o do 3\u00ba Concurso de Poesias do instituto. Neste ano, o tema \u201cParanagu\u00e1 \u2013 Onde a saudade faz morada\u201d inspirou 121 trabalhos inscritos, vindos de diversos estados brasileiros e at\u00e9 de outros pa\u00edses. Os cinco primeiros colocados foram agraciados com trof\u00e9us e certificados. A solenidade contou ainda com a participa\u00e7\u00e3o especial da poetisa Luci Tavares.<\/p>\n\n\n\n<p>A secret\u00e1ria municipal de Educa\u00e7\u00e3o e Ensino Integral, Fab\u00edola Soares Arcega, refor\u00e7ou a import\u00e2ncia da valoriza\u00e7\u00e3o da cultura local. \u201cUma noite muito agrad\u00e1vel. Saber valorizar e ter esse conhecimento hist\u00f3rico \u00e9 essencial. Aqui hoje tivemos uma verdadeira aula, e isso deveria estar nas escolas, como disciplina de patrim\u00f4nio cultural\u201d, destacou.<\/p>\n\n\n\n<p>O vereador Wellington Frandji tamb\u00e9m destacou o valor hist\u00f3rico do evento. \u201cMomentos de segurar a emo\u00e7\u00e3o. Sa\u00edmos daqui com a alma leve, cheios de bons sentimentos e gratid\u00e3o por tudo que essas mulheres fizeram pela nossa cidade\u201d, disse.<\/p>\n\n\n\n<p>Prefeitura de Paranagu\u00e1<\/p>\n","protected":false},"excerpt":{"rendered":"<p>O Instituto Hist\u00f3rico e Geogr\u00e1fico de Paranagu\u00e1 (IHGP) realizou, na noite da \u00faltima quinta-feira (17), uma sess\u00e3o solene em comemora\u00e7\u00e3o aos 377 anos de Paranagu\u00e1. O evento aconteceu no audit\u00f3rio do Instituto Superior do Litoral do Paran\u00e1 (Isulpar) e reuniu autoridades, homenageadas e seus familiares, representantes da sociedade civil, al\u00e9m de toda a diretoria do [&hellip;]<\/p>\n","protected":false},"author":2,"featured_media":70611,"comment_status":"open","ping_status":"open","sticky":false,"template":"","format":"standard","meta":{"advanced_seo_description":"","jetpack_seo_html_title":"","jetpack_seo_noindex":false,"_jetpack_memberships_contains_paid_content":false,"footnotes":""},"categories":[77],"tags":[],"class_list":{"0":"post-70610","1":"post","2":"type-post","3":"status-publish","4":"format-standard","5":"has-post-thumbnail","7":"category-paranagua"},"jetpack_featured_media_url":"https:\/\/www.paranapraia.com.br\/wp-content\/uploads\/2025\/07\/17119.jpg","jetpack_sharing_enabled":true,"_links":{"self":[{"href":"https:\/\/www.paranapraia.com.br\/index.php\/wp-json\/wp\/v2\/posts\/70610"}],"collection":[{"href":"https:\/\/www.paranapraia.com.br\/index.php\/wp-json\/wp\/v2\/posts"}],"about":[{"href":"https:\/\/www.paranapraia.com.br\/index.php\/wp-json\/wp\/v2\/types\/post"}],"author":[{"embeddable":true,"href":"https:\/\/www.paranapraia.com.br\/index.php\/wp-json\/wp\/v2\/users\/2"}],"replies":[{"embeddable":true,"href":"https:\/\/www.paranapraia.com.br\/index.php\/wp-json\/wp\/v2\/comments?post=70610"}],"version-history":[{"count":1,"href":"https:\/\/www.paranapraia.com.br\/index.php\/wp-json\/wp\/v2\/posts\/70610\/revisions"}],"predecessor-version":[{"id":70612,"href":"https:\/\/www.paranapraia.com.br\/index.php\/wp-json\/wp\/v2\/posts\/70610\/revisions\/70612"}],"wp:featuredmedia":[{"embeddable":true,"href":"https:\/\/www.paranapraia.com.br\/index.php\/wp-json\/wp\/v2\/media\/70611"}],"wp:attachment":[{"href":"https:\/\/www.paranapraia.com.br\/index.php\/wp-json\/wp\/v2\/media?parent=70610"}],"wp:term":[{"taxonomy":"category","embeddable":true,"href":"https:\/\/www.paranapraia.com.br\/index.php\/wp-json\/wp\/v2\/categories?post=70610"},{"taxonomy":"post_tag","embeddable":true,"href":"https:\/\/www.paranapraia.com.br\/index.php\/wp-json\/wp\/v2\/tags?post=70610"}],"curies":[{"name":"wp","href":"https:\/\/api.w.org\/{rel}","templated":true}]}}