{"id":70604,"date":"2025-07-18T17:27:55","date_gmt":"2025-07-18T20:27:55","guid":{"rendered":"https:\/\/www.paranapraia.com.br\/?p=70604"},"modified":"2025-07-18T17:27:58","modified_gmt":"2025-07-18T20:27:58","slug":"parceria-entre-prefeitura-e-tj-pr-traz-programa-moradia-legal-para-os-bairros-coroados-barra-do-sai-e-praia-das-palmeiras","status":"publish","type":"post","link":"https:\/\/www.paranapraia.com.br\/index.php\/2025\/07\/18\/parceria-entre-prefeitura-e-tj-pr-traz-programa-moradia-legal-para-os-bairros-coroados-barra-do-sai-e-praia-das-palmeiras\/","title":{"rendered":"Parceria entre Prefeitura e TJ-PR traz Programa Moradia Legal para os bairros Coroados, Barra do Sa\u00ed e Praia das Palmeiras"},"content":{"rendered":"\n<p>A Prefeitura de Guaratuba, por meio da Secretaria Municipal da Habita\u00e7\u00e3o, em parceria com o Tribunal de Justi\u00e7a do Paran\u00e1, com a empresa Tributech, e apoio da Subprefeitura do Coroados, realizou na quinta-feira (17), \u00e0s 18h, no Gin\u00e1sio Municipal do bairro Coroados, a reuni\u00e3o inaugural do Programa Moradia Legal.<\/p>\n\n\n\n<p>O evento contou com a presen\u00e7a do prefeito <a><\/a>Mauricio Lense, do secret\u00e1rio municipal da Habita\u00e7\u00e3o, Itamar Cidral da Silveira Jr., da subprefeita do Coroados, Edna Castro, dos vereadores Zaqueu Clarinda e Andr\u00e9 Montemezzo. As autoridades deram as boas-vindas aos participantes e destacaram a import\u00e2ncia do programa para a cidade.<\/p>\n\n\n\n<p>Cerca de 150 moradores dos bairros Coroados, Barra do Sa\u00ed e Praia das Palmeiras participaram da reuni\u00e3o que marcou o in\u00edcio das a\u00e7\u00f5es de regulariza\u00e7\u00e3o fundi\u00e1ria na regi\u00e3o.<\/p>\n\n\n\n<p>O Programa Moradia Legal oferece \u00e0 popula\u00e7\u00e3o a oportunidade de regularizar seus im\u00f3veis, garantindo seguran\u00e7a jur\u00eddica, acesso \u00e0 documenta\u00e7\u00e3o oficial e valoriza\u00e7\u00e3o do patrim\u00f4nio. A iniciativa segue as diretrizes estabelecidas pela Lei Municipal n\u00ba 2.128\/2025 e pelo Provimento Conjunto n\u00ba 02\/2020-GP\/CGJ do Tribunal de Justi\u00e7a do Estado do Paran\u00e1.<\/p>\n\n\n\n<p>Carlos Eduardo Valentin Warken, coordenador de Regulariza\u00e7\u00e3o Fundi\u00e1ria da empresa Tributech, conduziu uma apresenta\u00e7\u00e3o detalhada sobre o processo de regulariza\u00e7\u00e3o e esclareceu d\u00favidas dos moradores presentes.<\/p>\n\n\n\n<p>Para mais informa\u00e7\u00f5es, os interessados podem entrar em contato com a Tributech, empresa respons\u00e1vel pela execu\u00e7\u00e3o t\u00e9cnica do programa, pelo telefone (44) 99801-7182.<\/p>\n\n\n\n<p>A Secretaria Municipal da Habita\u00e7\u00e3o convida para duas outras reuni\u00f5es comunit\u00e1rias que tratar\u00e3o sobre regulariza\u00e7\u00e3o, sendo a primeira na pr\u00f3xima segunda-feira, dia 21 de Julho, \u00e0s 19h, Sal\u00e3o Paroquial Nossa Senhora Aparecida, bairro Caieiras e, tamb\u00e9m na ter\u00e7a-feira, 22 de julho, \u00e0s 18h, na Associa\u00e7\u00e3o Amigos do Carvoeiro, R. Paranagu\u00e1, n\u00ba09 (Casa do Jamaica). Participe!<\/p>\n\n\n\n<p>Prefeitura de Guaratuba<\/p>\n","protected":false},"excerpt":{"rendered":"<p>A Prefeitura de Guaratuba, por meio da Secretaria Municipal da Habita\u00e7\u00e3o, em parceria com o Tribunal de Justi\u00e7a do Paran\u00e1, com a empresa Tributech, e apoio da Subprefeitura do Coroados, realizou na quinta-feira (17), \u00e0s 18h, no Gin\u00e1sio Municipal do bairro Coroados, a reuni\u00e3o inaugural do Programa Moradia Legal. O evento contou com a presen\u00e7a [&hellip;]<\/p>\n","protected":false},"author":2,"featured_media":70605,"comment_status":"open","ping_status":"open","sticky":false,"template":"","format":"standard","meta":{"advanced_seo_description":"","jetpack_seo_html_title":"","jetpack_seo_noindex":false,"_jetpack_memberships_contains_paid_content":false,"footnotes":""},"categories":[99],"tags":[],"class_list":{"0":"post-70604","1":"post","2":"type-post","3":"status-publish","4":"format-standard","5":"has-post-thumbnail","7":"category-guaratuba"},"jetpack_featured_media_url":"https:\/\/www.paranapraia.com.br\/wp-content\/uploads\/2025\/07\/518357031_1156366976524480_5983944578349029060_n.jpg","jetpack_sharing_enabled":true,"_links":{"self":[{"href":"https:\/\/www.paranapraia.com.br\/index.php\/wp-json\/wp\/v2\/posts\/70604"}],"collection":[{"href":"https:\/\/www.paranapraia.com.br\/index.php\/wp-json\/wp\/v2\/posts"}],"about":[{"href":"https:\/\/www.paranapraia.com.br\/index.php\/wp-json\/wp\/v2\/types\/post"}],"author":[{"embeddable":true,"href":"https:\/\/www.paranapraia.com.br\/index.php\/wp-json\/wp\/v2\/users\/2"}],"replies":[{"embeddable":true,"href":"https:\/\/www.paranapraia.com.br\/index.php\/wp-json\/wp\/v2\/comments?post=70604"}],"version-history":[{"count":1,"href":"https:\/\/www.paranapraia.com.br\/index.php\/wp-json\/wp\/v2\/posts\/70604\/revisions"}],"predecessor-version":[{"id":70606,"href":"https:\/\/www.paranapraia.com.br\/index.php\/wp-json\/wp\/v2\/posts\/70604\/revisions\/70606"}],"wp:featuredmedia":[{"embeddable":true,"href":"https:\/\/www.paranapraia.com.br\/index.php\/wp-json\/wp\/v2\/media\/70605"}],"wp:attachment":[{"href":"https:\/\/www.paranapraia.com.br\/index.php\/wp-json\/wp\/v2\/media?parent=70604"}],"wp:term":[{"taxonomy":"category","embeddable":true,"href":"https:\/\/www.paranapraia.com.br\/index.php\/wp-json\/wp\/v2\/categories?post=70604"},{"taxonomy":"post_tag","embeddable":true,"href":"https:\/\/www.paranapraia.com.br\/index.php\/wp-json\/wp\/v2\/tags?post=70604"}],"curies":[{"name":"wp","href":"https:\/\/api.w.org\/{rel}","templated":true}]}}