{"id":70601,"date":"2025-07-18T17:23:49","date_gmt":"2025-07-18T20:23:49","guid":{"rendered":"https:\/\/www.paranapraia.com.br\/?p=70601"},"modified":"2025-07-18T17:23:52","modified_gmt":"2025-07-18T20:23:52","slug":"pontal-do-parana-recebe-sinal-verde-para-maior-obra-de-infraestrutura-da-sua-historia","status":"publish","type":"post","link":"https:\/\/www.paranapraia.com.br\/index.php\/2025\/07\/18\/pontal-do-parana-recebe-sinal-verde-para-maior-obra-de-infraestrutura-da-sua-historia\/","title":{"rendered":"Pontal do Paran\u00e1 recebe sinal verde para maior obra de infraestrutura da sua hist\u00f3ria"},"content":{"rendered":"\n<p>Ontem (17), o Secret\u00e1rio de Estado de Infraestrutura e Log\u00edstica Sandro Alex, esteve em Pontal do Paran\u00e1 para anunciar uma conquista importante para o munic\u00edpio e para o litoral do estado.<\/p>\n\n\n\n<p>O Tribunal Regional Federal da 4\u00aa Regi\u00e3o (TRF4) autorizou, por unanimidade, o andamento das obras da Faixa de Infraestrutura \u2013 projeto considerado essencial para o desenvolvimento urbano, tur\u00edstico e <a><\/a>log\u00edstico da regi\u00e3o.<\/p>\n\n\n\n<p>A proposta prev\u00ea melhorias significativas como drenagem, saneamento, mobilidade e acesso rodovi\u00e1rio. O novo trecho vi\u00e1rio tamb\u00e9m ser\u00e1 fundamental para viabilizar a instala\u00e7\u00e3o de um novo porto no litoral paranaense. A expectativa \u00e9 que, agora no segundo semestre de 2025, as obras tenham in\u00edcio, ap\u00f3s a obten\u00e7\u00e3o das licen\u00e7as ambientais necess\u00e1rias.<\/p>\n\n\n\n<p>Segundo o secret\u00e1rio Sandro Alex, trata-se do maior projeto j\u00e1 anunciado para Pontal do Paran\u00e1, com impacto direto na seguran\u00e7a vi\u00e1ria e na qualidade de vida da popula\u00e7\u00e3o local e dos visitantes. \u201cTivemos a autoriza\u00e7\u00e3o para iniciar esse projeto que conecta o munic\u00edpio \u00e0 Ilha do Mel e amplia as possibilidades de crescimento com estrutura adequada.\u201d<\/p>\n\n\n\n<p>O prefeito Rud\u00e3o Gimenes destacou a import\u00e2ncia da decis\u00e3o: \u201cEstamos contentes com tudo que vem acontecendo no litoral e, principalmente, com a vit\u00f3ria de ontem. Essa estrada vai garantir mobilidade, melhorias na drenagem e novos caminhos para o progresso de Pontal do Paran\u00e1. Com apoio do governo do Ratinho Junior, vamos tirar esse plano do papel.\u201d<\/p>\n\n\n\n<p>Durante a agenda no munic\u00edpio, o secret\u00e1rio Sandro Alex esteve acompanhado do prefeito Rud\u00e3o Gimenes, do Superintendente Geral de Articula\u00e7\u00e3o Regional Rodrigo Greg\u00f3rio, do Secret\u00e1rio de Governo Fabio de Oliveira, dos vereadores Jos\u00e9 Juvanete, Os\u00e9ias Leal e Elinete Guimar\u00e3es.<\/p>\n\n\n\n<p>O grupo visitou as obras do Contorno da Praia de Leste e tamb\u00e9m marcou presen\u00e7a na etapa do Circuito Brasileiro de Bodyboarding, que est\u00e1 sendo realizado em Pontal do Paran\u00e1 no balne\u00e1rio de Praia de Leste.<\/p>\n\n\n\n<p>Al\u00e9m da Faixa de Infraestrutura, Pontal do Paran\u00e1 tamb\u00e9m avan\u00e7a em outras frentes.<\/p>\n\n\n\n<p>O bin\u00e1rio de acesso \u00e0 cidade est\u00e1 em andamento, com investimento de R$ 9 milh\u00f5es, oferecendo mais seguran\u00e7a e fluidez no tr\u00e2nsito.<\/p>\n\n\n\n<p>Nos pr\u00f3ximos dias, o governador Ratinho Junior deve vir a Pontal para autorizar oficialmente a duplica\u00e7\u00e3o da PR-412, obra de aproximadamente R$ 300 milh\u00f5es para um trecho de 15 quil\u00f4metros.<\/p>\n\n\n\n<p>Neste ano em que Pontal do Paran\u00e1 completa 30 anos, os investimentos representam um marco para o futuro da cidade.<\/p>\n\n\n\n<p>A expectativa agora \u00e9 pela continuidade dos estudos t\u00e9cnicos e ambientais, com foco no desenvolvimento sustent\u00e1vel e na valoriza\u00e7\u00e3o de todo o litoral paranaense.<\/p>\n\n\n\n<p>Prefeitura de Pontal do Paran\u00e1<\/p>\n","protected":false},"excerpt":{"rendered":"<p>Ontem (17), o Secret\u00e1rio de Estado de Infraestrutura e Log\u00edstica Sandro Alex, esteve em Pontal do Paran\u00e1 para anunciar uma conquista importante para o munic\u00edpio e para o litoral do estado. O Tribunal Regional Federal da 4\u00aa Regi\u00e3o (TRF4) autorizou, por unanimidade, o andamento das obras da Faixa de Infraestrutura \u2013 projeto considerado essencial para [&hellip;]<\/p>\n","protected":false},"author":2,"featured_media":70602,"comment_status":"open","ping_status":"open","sticky":false,"template":"","format":"standard","meta":{"advanced_seo_description":"","jetpack_seo_html_title":"","jetpack_seo_noindex":false,"_jetpack_memberships_contains_paid_content":false,"footnotes":""},"categories":[65],"tags":[],"class_list":{"0":"post-70601","1":"post","2":"type-post","3":"status-publish","4":"format-standard","5":"has-post-thumbnail","7":"category-pontal-do-parana"},"jetpack_featured_media_url":"https:\/\/www.paranapraia.com.br\/wp-content\/uploads\/2025\/07\/519478170_1086955956866694_3956721421008319074_n.jpg","jetpack_sharing_enabled":true,"_links":{"self":[{"href":"https:\/\/www.paranapraia.com.br\/index.php\/wp-json\/wp\/v2\/posts\/70601"}],"collection":[{"href":"https:\/\/www.paranapraia.com.br\/index.php\/wp-json\/wp\/v2\/posts"}],"about":[{"href":"https:\/\/www.paranapraia.com.br\/index.php\/wp-json\/wp\/v2\/types\/post"}],"author":[{"embeddable":true,"href":"https:\/\/www.paranapraia.com.br\/index.php\/wp-json\/wp\/v2\/users\/2"}],"replies":[{"embeddable":true,"href":"https:\/\/www.paranapraia.com.br\/index.php\/wp-json\/wp\/v2\/comments?post=70601"}],"version-history":[{"count":1,"href":"https:\/\/www.paranapraia.com.br\/index.php\/wp-json\/wp\/v2\/posts\/70601\/revisions"}],"predecessor-version":[{"id":70603,"href":"https:\/\/www.paranapraia.com.br\/index.php\/wp-json\/wp\/v2\/posts\/70601\/revisions\/70603"}],"wp:featuredmedia":[{"embeddable":true,"href":"https:\/\/www.paranapraia.com.br\/index.php\/wp-json\/wp\/v2\/media\/70602"}],"wp:attachment":[{"href":"https:\/\/www.paranapraia.com.br\/index.php\/wp-json\/wp\/v2\/media?parent=70601"}],"wp:term":[{"taxonomy":"category","embeddable":true,"href":"https:\/\/www.paranapraia.com.br\/index.php\/wp-json\/wp\/v2\/categories?post=70601"},{"taxonomy":"post_tag","embeddable":true,"href":"https:\/\/www.paranapraia.com.br\/index.php\/wp-json\/wp\/v2\/tags?post=70601"}],"curies":[{"name":"wp","href":"https:\/\/api.w.org\/{rel}","templated":true}]}}