{"id":70598,"date":"2025-07-18T17:19:33","date_gmt":"2025-07-18T20:19:33","guid":{"rendered":"https:\/\/www.paranapraia.com.br\/?p=70598"},"modified":"2025-07-18T17:19:35","modified_gmt":"2025-07-18T20:19:35","slug":"mais-uma-baleia-jubarte-juvenil-e-encontrada-encalhada-em-pontal-do-parana","status":"publish","type":"post","link":"https:\/\/www.paranapraia.com.br\/index.php\/2025\/07\/18\/mais-uma-baleia-jubarte-juvenil-e-encontrada-encalhada-em-pontal-do-parana\/","title":{"rendered":"Mais uma baleia-jubarte juvenil \u00e9 encontrada encalhada em Pontal do Paran\u00e1"},"content":{"rendered":"\n<p>Na manh\u00e3 desta sexta-feira (18), uma baleia-jubarte juvenil foi encontrada sem vida na faixa de areia do balne\u00e1rio de Pontal do Sul, em Pontal do Paran\u00e1.<\/p>\n\n\n\n<p>Este \u00e9 o segundo registro semelhante nas praias do estado neste inverno. O animal, com cerca de 8 metros de comprimento, j\u00e1 estava em decomposi\u00e7\u00e3o avan\u00e7ada.<\/p>\n\n\n\n<p>A <a><\/a>ocorr\u00eancia foi identificada durante o monitoramento de rotina feito pela equipe do Projeto de Monitoramento de Praias da Bacia de Santos (PMP-BS), coordenado pelo Laborat\u00f3rio de Ecologia e Conserva\u00e7\u00e3o da UFPR (LEC-UFPR).<\/p>\n\n\n\n<p>Ap\u00f3s o achado, a Prefeitura de Pontal do Paran\u00e1 foi acionada conforme o protocolo do PRAE, contribuindo com equipe e maquin\u00e1rio para o manejo do corpo do animal.<\/p>\n\n\n\n<p>Amostras biol\u00f3gicas foram coletadas e ser\u00e3o analisadas para investigar poss\u00edveis causas da morte e o estado do ambiente marinho.<\/p>\n\n\n\n<p>A bi\u00f3loga Liana Rosa, respons\u00e1vel pelas opera\u00e7\u00f5es do PMP-BS\/UFPR, explica que esse tipo de encalhe \u00e9 mais comum nesta \u00e9poca do ano. \u201cEntre o inverno e a primavera, as baleias-jubarte percorrem grandes dist\u00e2ncias migrat\u00f3rias.<\/p>\n\n\n\n<p>Os indiv\u00edduos mais jovens tendem a ser mais suscet\u00edveis a desafios ao longo do trajeto, o que pode lev\u00e1-los ao encalhe\u201d, comenta.<\/p>\n\n\n\n<p>F\u00e1bio Henrique Lima, m\u00e9dico-veterin\u00e1rio e respons\u00e1vel t\u00e9cnico do projeto, lembra que muitos dos animais j\u00e1 chegam debilitados. \u201c\u00c9 comum observarmos sinais de desnutri\u00e7\u00e3o, infec\u00e7\u00f5es ou traumas. Mesmo quando o corpo est\u00e1 deteriorado, a necropsia ainda permite obter dados importantes sobre as condi\u00e7\u00f5es de vida desses cet\u00e1ceos na nossa regi\u00e3o.\u201d<\/p>\n\n\n\n<p>A recomenda\u00e7\u00e3o \u00e0 popula\u00e7\u00e3o \u00e9 clara: ao avistar qualquer animal marinho, seja vivo ou morto, n\u00e3o se aproxime e acione imediatamente o PMP-BS pelos canais oficiais.<\/p>\n\n\n\n<p>Essa atitude \u00e9 essencial para a seguran\u00e7a de todos e para o avan\u00e7o das pesquisas sobre os ecossistemas costeiros do Paran\u00e1.<\/p>\n\n\n\n<p>Projeto realizado pela equipe LEC\/UFPR<\/p>\n\n\n\n<p>Fotos: PMP-BS\/LEC-UFPR<\/p>\n","protected":false},"excerpt":{"rendered":"<p>Na manh\u00e3 desta sexta-feira (18), uma baleia-jubarte juvenil foi encontrada sem vida na faixa de areia do balne\u00e1rio de Pontal do Sul, em Pontal do Paran\u00e1. Este \u00e9 o segundo registro semelhante nas praias do estado neste inverno. O animal, com cerca de 8 metros de comprimento, j\u00e1 estava em decomposi\u00e7\u00e3o avan\u00e7ada. A ocorr\u00eancia foi [&hellip;]<\/p>\n","protected":false},"author":2,"featured_media":70599,"comment_status":"open","ping_status":"open","sticky":false,"template":"","format":"standard","meta":{"advanced_seo_description":"","jetpack_seo_html_title":"","jetpack_seo_noindex":false,"_jetpack_memberships_contains_paid_content":false,"footnotes":""},"categories":[65],"tags":[],"class_list":{"0":"post-70598","1":"post","2":"type-post","3":"status-publish","4":"format-standard","5":"has-post-thumbnail","7":"category-pontal-do-parana"},"jetpack_featured_media_url":"https:\/\/www.paranapraia.com.br\/wp-content\/uploads\/2025\/07\/518423151_1086930443535912_4631953618683370170_n.jpg","jetpack_sharing_enabled":true,"_links":{"self":[{"href":"https:\/\/www.paranapraia.com.br\/index.php\/wp-json\/wp\/v2\/posts\/70598"}],"collection":[{"href":"https:\/\/www.paranapraia.com.br\/index.php\/wp-json\/wp\/v2\/posts"}],"about":[{"href":"https:\/\/www.paranapraia.com.br\/index.php\/wp-json\/wp\/v2\/types\/post"}],"author":[{"embeddable":true,"href":"https:\/\/www.paranapraia.com.br\/index.php\/wp-json\/wp\/v2\/users\/2"}],"replies":[{"embeddable":true,"href":"https:\/\/www.paranapraia.com.br\/index.php\/wp-json\/wp\/v2\/comments?post=70598"}],"version-history":[{"count":1,"href":"https:\/\/www.paranapraia.com.br\/index.php\/wp-json\/wp\/v2\/posts\/70598\/revisions"}],"predecessor-version":[{"id":70600,"href":"https:\/\/www.paranapraia.com.br\/index.php\/wp-json\/wp\/v2\/posts\/70598\/revisions\/70600"}],"wp:featuredmedia":[{"embeddable":true,"href":"https:\/\/www.paranapraia.com.br\/index.php\/wp-json\/wp\/v2\/media\/70599"}],"wp:attachment":[{"href":"https:\/\/www.paranapraia.com.br\/index.php\/wp-json\/wp\/v2\/media?parent=70598"}],"wp:term":[{"taxonomy":"category","embeddable":true,"href":"https:\/\/www.paranapraia.com.br\/index.php\/wp-json\/wp\/v2\/categories?post=70598"},{"taxonomy":"post_tag","embeddable":true,"href":"https:\/\/www.paranapraia.com.br\/index.php\/wp-json\/wp\/v2\/tags?post=70598"}],"curies":[{"name":"wp","href":"https:\/\/api.w.org\/{rel}","templated":true}]}}