{"id":7052,"date":"2019-04-17T20:08:28","date_gmt":"2019-04-17T23:08:28","guid":{"rendered":"https:\/\/www.paranapraia.com.br\/?p=7052"},"modified":"2019-04-17T20:08:29","modified_gmt":"2019-04-17T23:08:29","slug":"agrotoxicos-ate-2025-uma-em-cada-duas-criancas-sera-autista-afirma-cientista","status":"publish","type":"post","link":"https:\/\/www.paranapraia.com.br\/index.php\/2019\/04\/17\/agrotoxicos-ate-2025-uma-em-cada-duas-criancas-sera-autista-afirma-cientista\/","title":{"rendered":"Agrot\u00f3xicos: \u201cAt\u00e9 2025 Uma Em Cada Duas Crian\u00e7as Ser\u00e1 Autista\u201d, Afirma Cientista"},"content":{"rendered":"\n<p>A inten\u00e7\u00e3o deste artigo \u00e9 propor alguns pontos para reflex\u00e3o no sentido de contribuir para que o leitor tenha condi\u00e7\u00f5es de formar sua pr\u00f3pria opini\u00e3o sobre o uso de agrot\u00f3xicos,&nbsp; sem a pretens\u00e3o de esgot\u00e1-la. Nosso vi\u00e9s est\u00e1 focado na busca de uma vis\u00e3o pautada pelo rigor da pesquisa cient\u00edfica, com respeito \u00e0s eventuais correntes ideol\u00f3gicas que perigosamente podem nos afastar da verdadeira ci\u00eancia.&nbsp; Confira:<\/p>\n\n\n\n<p>Muito utilizado na agricultura, o Glifosato ganhou proje\u00e7\u00e3o mundial n\u00e3o s\u00f3 por seu uso na agricultura, mas tamb\u00e9m por controv\u00e9rsias em torno de seus efeitos no meio ambiente e na sa\u00fade, tais como: Alzheimer, cancro e doen\u00e7as cardiovasculares. Uma nova declara\u00e7\u00e3o sobre os poss\u00edveis malef\u00edcios do Glifosato, foi a de que ele estaria fortemente relacionado ao&nbsp;<strong>autismo<\/strong>, de tal maneira que, at\u00e9 2025, 50% das crian\u00e7as apresentariam o dist\u00farbio por conta da subst\u00e2ncia.<\/p>\n\n\n\n<p>Originalmente a declara\u00e7\u00e3o feita em um congresso foi publicada na revista \u201cAlliance for Natural Health USA\u201d e, depois, em diversos jornais e\u00a0<em>website<\/em>s em todo o mundo, como por exemplo o\u00a0\u201cJornal O Nort\u00e3o\u201d, no Brasil. E h\u00e1 muitos estudos envolvendo o glifosato e, portanto, muitas opini\u00f5es controversas.\u00a0<\/p>\n\n\n\n<p>Entretanto, corroborando com o crescente aumento das taxas de autismo, a\u00a0a cientista s\u00eanior de pesquisa do\u00a0Instituto de Tecnologia de Massachusetts (MIT),\u00a0dra. Stephanie Seneff, divulgou em uma confer\u00eancia que \u201co glifosato causar\u00e1 autismo em 50% das crian\u00e7as at\u00e9 2025\u201d.<\/p>\n\n\n\n<p>Quem \u00e9 o culpado? Round-Up, o mais vendido da Monsanto que cont\u00e9m glifosato, est\u00e1 no topo da lista. O uso excessivo de glifosato em nossa alimenta\u00e7\u00e3o est\u00e1 causando doen\u00e7as como Alzheimer, autismo, c\u00e2ncer, doen\u00e7as cardiovasculares e defici\u00eancias da nutri\u00e7\u00e3o, entre outros.<\/p>\n\n\n\n<p>Stephanie Seneff, j\u00e1 publicou mais de 170 artigos acad\u00eamicos revisados \u200b\u200bpor pares, e estudou essas doen\u00e7as por mais de tr\u00eas d\u00e9cadas, aponta os transg\u00eanicos (modificado geneticamente) como um dos principais contribuintes para doen\u00e7as neurol\u00f3gicas em crian\u00e7as.<\/p>\n\n\n\n<p>Em uma recente confer\u00eancia, a Dra. Seneff declarou:\u00a0<em>\u201cNo ritmo atual, em 2025, 1 em cada 2 crian\u00e7as ser\u00e3o autistas\u201d.\u00a0A equipe de pesquisa encontrou n\u00edveis \u201caltos\u201d de glifosato em tr\u00eas de 10 amostras de leite materno.\u00a0As descobertas do relat\u00f3rio indicam que o ingrediente usado com frequ\u00eancia em colheitas geneticamente modificadas se acumula de fato no tecido humano.\u00a0Dr. Seneff disse o seguinte.<\/em><\/p>\n\n\n\n<p>Atualmente, 1 em cada 68 crian\u00e7as nos EUA nascem com autismo. Atualmente \u00e9 a defici\u00eancia de desenvolvimento de mais r\u00e1pido crescimento, com taxas aumentando em quase 120% desde o ano de 2000.\u00a0<\/p>\n\n\n\n<p>Em 10 anos, o custo para tratar as pessoas afetadas pelo autismo ser\u00e1 de 400 bilh\u00f5es de d\u00f3lares por ano nos EUA, al\u00e9m dos custos emocionais incalcul\u00e1veis, os \u200b\u200bquais as fam\u00edlias pagar\u00e3o diariamente para viver e apoiar uma crian\u00e7a com autismo.<\/p>\n\n\n\n<p>A Dra. Seneff notou que os sintomas de toxicidade do glifosato assemelha-se estreitamente com aqueles do autismo. Ela tamb\u00e9m apresentou dados na confer\u00eancia que mostram uma correla\u00e7\u00e3o estranhamente consistente entre o uso de Roundup em planta\u00e7\u00f5es (e a cria\u00e7\u00e3o das sementes transg\u00eanicas Roundup-ready), com o aumento das taxas de autismo.<\/p>\n\n\n\n<p><strong>A correla\u00e7\u00e3o entre os dois incluem biomarcadores, tais como a defici\u00eancia de zinco e ferro, baixo serum sulfate, convuls\u00f5es e doen\u00e7as mitocondriais. Todos as 70 ou mais pessoas que estavam presentes na confer\u00eancia da dra., Seneff, estavam se contorcendo, provavelmente porque agora tinham s\u00e9rias d\u00favidas sobre o que servir os seus filhos, ou a eles pr\u00f3prios, porque qualquer coisa com milho ou soja, quase todos geneticamente modificados e, assim, contaminados com Roundup e seu glifosato.<\/strong><\/p>\n\n\n\n<p>A Dra. Seneff apontou que grande parte dos alimentos em prateleiras de supermercado cont\u00e9m milho e soja transg\u00eanicos, todos com pequenas quantidades de vest\u00edgios de glifosato. Isto inclui refrigerantes ado\u00e7ados com alto teor de frutose (geneticamente modificados) e xarope de milho, batatas fritas, cereais, doces, e at\u00e9 mesmo barras de prote\u00edna de soja.<\/p>\n\n\n\n<h3 class=\"wp-block-heading\"><strong>Mesmo que a declara\u00e7\u00e3o da cientista seja vista como um absurdo, (e talvez seja) \u00e9 preciso creditar que agrot\u00f3xicos s\u00f3 fazem mal \u00e0 sa\u00fade humana e ao meio ambiente<\/strong><\/h3>\n\n\n\n<figure class=\"wp-block-image\"><img decoding=\"async\" src=\"https:\/\/www.portalraizes.com\/content\/uploads\/2019\/03\/stepahnie-seneff-planilha-autismo.jpg\" alt=\"\" class=\"wp-image-15249\"\/><\/figure>\n\n\n\n<p>Seneff observou que os efeitos colaterais do autismo imitam de perto os da toxicidade do glifosato e apresentaram dados mostrando uma correla\u00e7\u00e3o notavelmente consistente.&nbsp;Aqui a tabela que ela apresentou para mostrar que&nbsp;uso do glifosato possivelmente acompanha a incid\u00eancia de autismo:<br><\/p>\n\n\n\n<p>De fato, estudos acerca do aumento do autismo, ou de quaisquer outras doen\u00e7as, carece de muitos diagn\u00f3sticos.&nbsp;Outro cientista,&nbsp;David Warmflash, escreveu para o Projeto de Alfabetiza\u00e7\u00e3o Gen\u00e9tica, argumentando que o&nbsp;autismo \u00e9 gen\u00e9tico. Em qual&nbsp;voc\u00ea deve acreditar? Neste prisma, reiteramos que mesmo que a declara\u00e7\u00e3o da cientista seja vista como um absurdo, (e talvez seja) \u00e9 preciso creditar que agrot\u00f3xicos s\u00f3 fazem mal \u00e0 sa\u00fade humana e ao meio ambiente.<\/p>\n\n\n\n<p>Apesar das descobertas da cientista ainda estarem em processo de investiga\u00e7\u00e3o, h\u00e1 fam\u00edlias com crian\u00e7as autistas que optaram por mudar sua dieta eliminando todos os agrot\u00f3xicos e a maior quantidade de neurotoxinas poss\u00edvel, tendo uma alimenta\u00e7\u00e3o org\u00e2nica. Eles experimentaram resultados incr\u00edveis, observando melhorias nos padr\u00f5es de fala das crian\u00e7as, habilidades cognitivas e sociais, isso em semanas e n\u00e3o em anos. Esses resultados revelam muitas evid\u00eancias circunstanciais e d\u00e3o respaldo \u00e0s reivindica\u00e7\u00f5es de Seneff.<\/p>\n\n\n\n<p><strong>PS \u2013 Todas as informa\u00e7\u00f5es deste artigo foram conferidas pelo Portal Ra\u00edzes (pr\u00f3s e contras). Compreendemos que vivemos num mundo capitalista, onde o que realmente importa aos governantes \u00e9 a concentra\u00e7\u00e3o de renda nas m\u00e3os das grandes empresas, laborat\u00f3rios, bancos, industrias e etc, em detrimento dos direitos das minorias, dos trabalhadores e das fam\u00edlias das classes m\u00e9dias e baixa. Precisamos nos organizar e com veem\u00eancia protestarmos contra todos estes malef\u00edcios\u00a0que est\u00e3o nos empurrando garganta abaixo. Dentre as v\u00e1rias fontes pesquisadas, est\u00e3o:<\/strong>\u00a0Mundial Portugal;\u00a0Entrevista com\u00a0Stephanie Seneff;\u00a0Stefanie Seneff fala sobre agrot\u00f3xicos e autismo;\u00a0<a rel=\"noreferrer noopener\" href=\"http:\/\/www.eco21.com.br\/textos\/textos.asp?ID=3483\" target=\"_blank\">E<\/a>C<a rel=\"noreferrer noopener\" href=\"http:\/\/www.eco21.com.br\/textos\/textos.asp?ID=3483\" target=\"_blank\">O21<\/a><\/p>\n\n\n\n<p>Portal Raizes<\/p>\n","protected":false},"excerpt":{"rendered":"<p>A inten\u00e7\u00e3o deste artigo \u00e9 propor alguns pontos para reflex\u00e3o no sentido de contribuir para que o leitor tenha condi\u00e7\u00f5es de formar sua pr\u00f3pria opini\u00e3o sobre o uso de agrot\u00f3xicos,&nbsp; sem a pretens\u00e3o de esgot\u00e1-la. Nosso vi\u00e9s est\u00e1 focado na busca de uma vis\u00e3o pautada pelo rigor da pesquisa cient\u00edfica, com respeito \u00e0s eventuais correntes [&hellip;]<\/p>\n","protected":false},"author":2,"featured_media":7053,"comment_status":"open","ping_status":"open","sticky":false,"template":"","format":"standard","meta":{"advanced_seo_description":"","jetpack_seo_html_title":"","jetpack_seo_noindex":false,"_jetpack_memberships_contains_paid_content":false,"footnotes":""},"categories":[50],"tags":[],"class_list":{"0":"post-7052","1":"post","2":"type-post","3":"status-publish","4":"format-standard","5":"has-post-thumbnail","7":"category-saude"},"jetpack_featured_media_url":"https:\/\/www.paranapraia.com.br\/wp-content\/uploads\/2019\/04\/cient.jpg","jetpack_sharing_enabled":true,"_links":{"self":[{"href":"https:\/\/www.paranapraia.com.br\/index.php\/wp-json\/wp\/v2\/posts\/7052"}],"collection":[{"href":"https:\/\/www.paranapraia.com.br\/index.php\/wp-json\/wp\/v2\/posts"}],"about":[{"href":"https:\/\/www.paranapraia.com.br\/index.php\/wp-json\/wp\/v2\/types\/post"}],"author":[{"embeddable":true,"href":"https:\/\/www.paranapraia.com.br\/index.php\/wp-json\/wp\/v2\/users\/2"}],"replies":[{"embeddable":true,"href":"https:\/\/www.paranapraia.com.br\/index.php\/wp-json\/wp\/v2\/comments?post=7052"}],"version-history":[{"count":1,"href":"https:\/\/www.paranapraia.com.br\/index.php\/wp-json\/wp\/v2\/posts\/7052\/revisions"}],"predecessor-version":[{"id":7054,"href":"https:\/\/www.paranapraia.com.br\/index.php\/wp-json\/wp\/v2\/posts\/7052\/revisions\/7054"}],"wp:featuredmedia":[{"embeddable":true,"href":"https:\/\/www.paranapraia.com.br\/index.php\/wp-json\/wp\/v2\/media\/7053"}],"wp:attachment":[{"href":"https:\/\/www.paranapraia.com.br\/index.php\/wp-json\/wp\/v2\/media?parent=7052"}],"wp:term":[{"taxonomy":"category","embeddable":true,"href":"https:\/\/www.paranapraia.com.br\/index.php\/wp-json\/wp\/v2\/categories?post=7052"},{"taxonomy":"post_tag","embeddable":true,"href":"https:\/\/www.paranapraia.com.br\/index.php\/wp-json\/wp\/v2\/tags?post=7052"}],"curies":[{"name":"wp","href":"https:\/\/api.w.org\/{rel}","templated":true}]}}