{"id":70430,"date":"2025-07-16T11:18:03","date_gmt":"2025-07-16T14:18:03","guid":{"rendered":"https:\/\/www.paranapraia.com.br\/?p=70430"},"modified":"2025-07-16T11:18:27","modified_gmt":"2025-07-16T14:18:27","slug":"conferencia-reune-estado-e-sociedade-para-fortalecer-debates-sobre-igualdade-racial","status":"publish","type":"post","link":"https:\/\/www.paranapraia.com.br\/index.php\/2025\/07\/16\/conferencia-reune-estado-e-sociedade-para-fortalecer-debates-sobre-igualdade-racial\/","title":{"rendered":"Confer\u00eancia re\u00fane Estado e sociedade para fortalecer debates sobre igualdade racial"},"content":{"rendered":"\n<p>O Governo do Paran\u00e1 realiza em Foz do Igua\u00e7u a IV Confer\u00eancia Estadual de Promo\u00e7\u00e3o da Igualdade Racial, reunindo representantes do poder p\u00fablico, movimentos sociais e comunidades tradicionais para discutir propostas e fortalecer pol\u00edticas p\u00fablicas de combate ao racismo. A programa\u00e7\u00e3o segue at\u00e9 quinta-feira (17) com&nbsp;debates tem\u00e1ticos e discuss\u00f5es em grupos.&nbsp;<\/p>\n\n\n\n<p>Organizada pela Secretaria da Mulher, Igualdade Racial e Pessoa Idosa (SEMIPI), a confer\u00eancia tem como foco ampliar o di\u00e1logo com os munic\u00edpios e construir, de forma coletiva, a\u00e7\u00f5es que promovam justi\u00e7a racial, igualdade de oportunidades e valoriza\u00e7\u00e3o da diversidade no Estado. Ela vai resultar na&nbsp;elei\u00e7\u00e3o dos delegados que representar\u00e3o o Paran\u00e1 na Confer\u00eancia Nacional da Igualdade Racial.<\/p>\n\n\n\n<p>A abertura do evento foi marcada por apresenta\u00e7\u00f5es culturais e presen\u00e7a de diversas autoridades estaduais, entre elas representantes do Minist\u00e9rio P\u00fablico, Defensoria P\u00fablica, Ordem dos Advogados do Brasil (OAB), al\u00e9m de membros dos conselhos estaduais ligados \u00e0 pauta da igualdade racial. Aproximadamente 400 pessoas participaram da abertura, incluindo os 209 delegados eleitos em confer\u00eancias municipais.<\/p>\n\n\n\n<p>A secret\u00e1ria da Mulher, Igualdade Racial e Pessoa Idosa, Leandre Dal Ponte, ressaltou a import\u00e2ncia da confer\u00eancia para a constru\u00e7\u00e3o de um Paran\u00e1 mais inclusivo. \u201cDamos in\u00edcio a tr\u00eas dias de escuta ativa e debates produtivos, trazendo as propostas dos munic\u00edpios para construir o Paran\u00e1 que queremos. Esta confer\u00eancia \u00e9 uma demonstra\u00e7\u00e3o de avan\u00e7o, di\u00e1logo e compromisso com a\u00e7\u00f5es concretas, pois o Paran\u00e1 que queremos \u00e9 um estado unido pelas mulheres, amigo das pessoas idosas, e livre de todas as formas de preconceito, viol\u00eancia e discrimina\u00e7\u00e3o\u201d, afirmou.<\/p>\n\n\n\n<p>O secret\u00e1rio do Trabalho, Qualifica\u00e7\u00e3o e Renda, Do Carmo, ressaltou o papel do evento como espa\u00e7o de constru\u00e7\u00e3o conjunta. \u201cA confer\u00eancia reafirma o compromisso do Estado em ouvir a sociedade e construir pol\u00edticas efetivas de combate ao racismo, formular diretrizes e discutir a\u00e7\u00f5es que promovam a equidade racial, combatam toda forma de discrimina\u00e7\u00e3o e assegurem direitos \u00e0s popula\u00e7\u00f5es negras, quilombolas, ind\u00edgenas e tradicionais. Queremos abrir caminhos reais de inclus\u00e3o e emancipa\u00e7\u00e3o social para todos os paranaenses\u201d, disse.<\/p>\n\n\n\n<p>Para o procurador-chefe da Procuradoria Consultiva de Concess\u00f5es, Conv\u00eanios e Parcerias (PCP), Adnilton Jose Caetano, a promo\u00e7\u00e3o da igualdade \u00e9 elemento essencial para a consolida\u00e7\u00e3o da democracia. \u201cN\u00e3o h\u00e1 democracia sem justi\u00e7a racial e repara\u00e7\u00e3o hist\u00f3rica\u201d, destacou.<\/p>\n\n\n\n<p>O presidente do Conselho Estadual de Promo\u00e7\u00e3o da Igualdade Racial (CONSEPIR), Alo\u00edsio do Nascimento, destacou a representatividade do encontro. \u201cEsta \u00e9 a maior confer\u00eancia da hist\u00f3ria, com a participa\u00e7\u00e3o de 39 munic\u00edpios e centenas de delegados. \u00c9 tamb\u00e9m a primeira confer\u00eancia realizada com a pauta da igualdade racial integrada ao primeiro escal\u00e3o do governo por meio da SEMIPI\u201d, pontuou.<\/p>\n\n\n\n<p><strong>HOMENAGEM&nbsp;<\/strong>\u2013&nbsp;Durante o evento, tamb\u00e9m foi feita uma homenagem \u00e0 professora Clemilda Santiago Neto, reconhecida pela trajet\u00f3ria dedicada \u00e0 defesa dos direitos das comunidades tradicionais e pela atua\u00e7\u00e3o hist\u00f3rica em prol da igualdade racial no Estado. Al\u00e9m disso, o evento contou com diversas manifesta\u00e7\u00f5es que refor\u00e7aram o papel da igualdade racial na consolida\u00e7\u00e3o da democracia e na constru\u00e7\u00e3o de pol\u00edticas p\u00fablicas eficazes.<\/p>\n\n\n\n<p><strong>PRESEN\u00c7AS&nbsp;<\/strong>\u2013&nbsp;Participaram do evento o superintendente de Di\u00e1logo e Intera\u00e7\u00e3o Social do Estado, Mauro Rockenbach; a diretora de Igualdade Racial, Povos e Comunidades Tradicionais, Iv\u00e2nia Ramos; o presidente do Conselho Estadual de Promo\u00e7\u00e3o da Igualdade Racial, Alo\u00edsio do Nascimento; o presidente do Conselho Estadual de Povos e Comunidades Tradicionais, Laysmara Carneiro Edoardo; o presidente do Conselho Estadual dos Direitos da Pessoa Idosa, Jorge Nei Neves; o coordenador do N\u00facleo de Promo\u00e7\u00e3o da Igualdade \u00c9tnico-Racial do Minist\u00e9rio P\u00fablico do Paran\u00e1, Rafael Osvaldo Machado Moura; a coordenadora do N\u00facleo de Promo\u00e7\u00e3o \u00e0 Igualdade \u00c9tnico-Racial da Defensoria P\u00fablica do Paran\u00e1, Camille Vieira da Costa; o vice-presidente da Comiss\u00e3o de Igualdade Racial da OAB\/PR, Andr\u00e9 Luiz Nunes da Silva; e conselheiros e autoridades locais.<\/p>\n\n\n\n<p>AEN\/PR<\/p>\n","protected":false},"excerpt":{"rendered":"<p>O Governo do Paran\u00e1 realiza em Foz do Igua\u00e7u a IV Confer\u00eancia Estadual de Promo\u00e7\u00e3o da Igualdade Racial, reunindo representantes do poder p\u00fablico, movimentos sociais e comunidades tradicionais para discutir propostas e fortalecer pol\u00edticas p\u00fablicas de combate ao racismo. A programa\u00e7\u00e3o segue at\u00e9 quinta-feira (17) com&nbsp;debates tem\u00e1ticos e discuss\u00f5es em grupos.&nbsp; Organizada pela Secretaria da [&hellip;]<\/p>\n","protected":false},"author":2,"featured_media":70431,"comment_status":"open","ping_status":"open","sticky":false,"template":"","format":"standard","meta":{"advanced_seo_description":"","jetpack_seo_html_title":"","jetpack_seo_noindex":false,"_jetpack_memberships_contains_paid_content":false,"footnotes":""},"categories":[40],"tags":[],"class_list":{"0":"post-70430","1":"post","2":"type-post","3":"status-publish","4":"format-standard","5":"has-post-thumbnail","7":"category-destaques"},"jetpack_featured_media_url":"https:\/\/www.paranapraia.com.br\/wp-content\/uploads\/2025\/07\/fy6a0655-scaled.jpg","jetpack_sharing_enabled":true,"_links":{"self":[{"href":"https:\/\/www.paranapraia.com.br\/index.php\/wp-json\/wp\/v2\/posts\/70430"}],"collection":[{"href":"https:\/\/www.paranapraia.com.br\/index.php\/wp-json\/wp\/v2\/posts"}],"about":[{"href":"https:\/\/www.paranapraia.com.br\/index.php\/wp-json\/wp\/v2\/types\/post"}],"author":[{"embeddable":true,"href":"https:\/\/www.paranapraia.com.br\/index.php\/wp-json\/wp\/v2\/users\/2"}],"replies":[{"embeddable":true,"href":"https:\/\/www.paranapraia.com.br\/index.php\/wp-json\/wp\/v2\/comments?post=70430"}],"version-history":[{"count":1,"href":"https:\/\/www.paranapraia.com.br\/index.php\/wp-json\/wp\/v2\/posts\/70430\/revisions"}],"predecessor-version":[{"id":70432,"href":"https:\/\/www.paranapraia.com.br\/index.php\/wp-json\/wp\/v2\/posts\/70430\/revisions\/70432"}],"wp:featuredmedia":[{"embeddable":true,"href":"https:\/\/www.paranapraia.com.br\/index.php\/wp-json\/wp\/v2\/media\/70431"}],"wp:attachment":[{"href":"https:\/\/www.paranapraia.com.br\/index.php\/wp-json\/wp\/v2\/media?parent=70430"}],"wp:term":[{"taxonomy":"category","embeddable":true,"href":"https:\/\/www.paranapraia.com.br\/index.php\/wp-json\/wp\/v2\/categories?post=70430"},{"taxonomy":"post_tag","embeddable":true,"href":"https:\/\/www.paranapraia.com.br\/index.php\/wp-json\/wp\/v2\/tags?post=70430"}],"curies":[{"name":"wp","href":"https:\/\/api.w.org\/{rel}","templated":true}]}}