{"id":70421,"date":"2025-07-16T11:10:18","date_gmt":"2025-07-16T14:10:18","guid":{"rendered":"https:\/\/www.paranapraia.com.br\/?p=70421"},"modified":"2025-07-16T11:10:20","modified_gmt":"2025-07-16T14:10:20","slug":"exposicao-aquarela-em-antonina-esta-aberta-no-armazem-macedo","status":"publish","type":"post","link":"https:\/\/www.paranapraia.com.br\/index.php\/2025\/07\/16\/exposicao-aquarela-em-antonina-esta-aberta-no-armazem-macedo\/","title":{"rendered":"Exposi\u00e7\u00e3o \u201cAquarela em Antonina\u201d est\u00e1 aberta no Armaz\u00e9m Macedo"},"content":{"rendered":"\n<p>Est\u00e1 em cartaz no Armaz\u00e9m Macedo a exposi\u00e7\u00e3o \u201cAquarela em Antonina\u201d, que faz parte da programa\u00e7\u00e3o oficial do Festival de Inverno de Antonina 2025.<\/p>\n\n\n\n<p>A mostra \u00e9 resultado da disciplina de T\u00e9cnicas de Representa\u00e7\u00e3o Art\u00edstica em Aquarela, do curso de Arquitetura e Urbanismo da Universidade Federal do Paran\u00e1 (UFPR). Durante quatro dias, os estudantes da UFPR exploraram as paisagens, o patrim\u00f4nio hist\u00f3rico e os espa\u00e7os urbanos de Antonina, traduzindo em aquarelas o olhar sens\u00edvel, criativo e aprofundado sobre a cidade.<\/p>\n\n\n\n<p>A atividade faz parte do projeto de extens\u00e3o Ateli\u00ea de Criatividade, coordenado pelas professoras Andrea Berriel e Silvana Weihermann, com tour did\u00e1tico conduzido pelo professor Rodrigo Sartori Jabur.<\/p>\n\n\n\n<p>A exposi\u00e7\u00e3o \u00e9 aberta ao p\u00fablico e convida moradores e visitantes a conhecerem Antonina por meio da arte e da sensibilidade dos futuros arquitetos e urbanistas.<\/p>\n\n\n\n<p>Visite o Armaz\u00e9m Macedo durante o Festival de Inverno e prestigie essa bela uni\u00e3o entre cultura, educa\u00e7\u00e3o e cidade.<\/p>\n\n\n\n<p>Prefeitura de Antonina<\/p>\n","protected":false},"excerpt":{"rendered":"<p>Est\u00e1 em cartaz no Armaz\u00e9m Macedo a exposi\u00e7\u00e3o \u201cAquarela em Antonina\u201d, que faz parte da programa\u00e7\u00e3o oficial do Festival de Inverno de Antonina 2025. A mostra \u00e9 resultado da disciplina de T\u00e9cnicas de Representa\u00e7\u00e3o Art\u00edstica em Aquarela, do curso de Arquitetura e Urbanismo da Universidade Federal do Paran\u00e1 (UFPR). Durante quatro dias, os estudantes da [&hellip;]<\/p>\n","protected":false},"author":2,"featured_media":70422,"comment_status":"open","ping_status":"open","sticky":false,"template":"","format":"standard","meta":{"advanced_seo_description":"","jetpack_seo_html_title":"","jetpack_seo_noindex":false,"_jetpack_memberships_contains_paid_content":false,"footnotes":""},"categories":[132],"tags":[],"class_list":{"0":"post-70421","1":"post","2":"type-post","3":"status-publish","4":"format-standard","5":"has-post-thumbnail","7":"category-antonina"},"jetpack_featured_media_url":"https:\/\/www.paranapraia.com.br\/wp-content\/uploads\/2025\/07\/whatsapp-image-2025-07-15-at-165446-3.jpeg","jetpack_sharing_enabled":true,"_links":{"self":[{"href":"https:\/\/www.paranapraia.com.br\/index.php\/wp-json\/wp\/v2\/posts\/70421"}],"collection":[{"href":"https:\/\/www.paranapraia.com.br\/index.php\/wp-json\/wp\/v2\/posts"}],"about":[{"href":"https:\/\/www.paranapraia.com.br\/index.php\/wp-json\/wp\/v2\/types\/post"}],"author":[{"embeddable":true,"href":"https:\/\/www.paranapraia.com.br\/index.php\/wp-json\/wp\/v2\/users\/2"}],"replies":[{"embeddable":true,"href":"https:\/\/www.paranapraia.com.br\/index.php\/wp-json\/wp\/v2\/comments?post=70421"}],"version-history":[{"count":1,"href":"https:\/\/www.paranapraia.com.br\/index.php\/wp-json\/wp\/v2\/posts\/70421\/revisions"}],"predecessor-version":[{"id":70423,"href":"https:\/\/www.paranapraia.com.br\/index.php\/wp-json\/wp\/v2\/posts\/70421\/revisions\/70423"}],"wp:featuredmedia":[{"embeddable":true,"href":"https:\/\/www.paranapraia.com.br\/index.php\/wp-json\/wp\/v2\/media\/70422"}],"wp:attachment":[{"href":"https:\/\/www.paranapraia.com.br\/index.php\/wp-json\/wp\/v2\/media?parent=70421"}],"wp:term":[{"taxonomy":"category","embeddable":true,"href":"https:\/\/www.paranapraia.com.br\/index.php\/wp-json\/wp\/v2\/categories?post=70421"},{"taxonomy":"post_tag","embeddable":true,"href":"https:\/\/www.paranapraia.com.br\/index.php\/wp-json\/wp\/v2\/tags?post=70421"}],"curies":[{"name":"wp","href":"https:\/\/api.w.org\/{rel}","templated":true}]}}