{"id":70385,"date":"2025-07-15T08:55:13","date_gmt":"2025-07-15T11:55:13","guid":{"rendered":"https:\/\/www.paranapraia.com.br\/?p=70385"},"modified":"2025-07-15T08:55:16","modified_gmt":"2025-07-15T11:55:16","slug":"com-aumento-da-vacinacao-no-parana-casos-e-internacoes-por-sindromes-gripais-diminuem","status":"publish","type":"post","link":"https:\/\/www.paranapraia.com.br\/index.php\/2025\/07\/15\/com-aumento-da-vacinacao-no-parana-casos-e-internacoes-por-sindromes-gripais-diminuem\/","title":{"rendered":"Com aumento da vacina\u00e7\u00e3o no Paran\u00e1, casos e interna\u00e7\u00f5es por s\u00edndromes gripais diminuem"},"content":{"rendered":"\n<p>O Paran\u00e1 j\u00e1 aplicou 3,4 milh\u00f5es de doses da vacina contra a gripe em 2025. Entre os grupos priorit\u00e1rios, 51,67% das gestantes, crian\u00e7as e idosos foram imunizados. Com esse \u00edndice, o Estado ocupa o\u00a0<strong>segundo lugar no ranking nacional de cobertura vacinal<\/strong>, ficando atr\u00e1s apenas do Piau\u00ed, que registra 54,47%. A alta ades\u00e3o \u00e0 vacina\u00e7\u00e3o j\u00e1 apresenta reflexos positivos: os casos, \u00f3bitos e interna\u00e7\u00f5es por S\u00edndromes Respirat\u00f3rias Agudas Graves (SRAG) come\u00e7aram a apresentar queda em todo o Paran\u00e1.<\/p>\n\n\n\n<p>Na compara\u00e7\u00e3o entre as semanas epidemiol\u00f3gicas n\u00ba 28 dos anos de 2023, 2024 e 2025 (que compreende os dados entre os dias 6 e 12 de julho) observa-se uma redu\u00e7\u00e3o expressiva na curva de casos confirmados de SRAG. Em 2023 foram registrados 550 casos; em 2024, o n\u00famero subiu para 581; em 2025, caiu para 293, numa redu\u00e7\u00e3o de quase 50% em rela\u00e7\u00e3o ao ano anterior.<\/p>\n\n\n\n<p>Entre as 924 amostras processadas na \u00faltima semana pelo Laborat\u00f3rio Central do Estado (Lacen\/PR), a Influenza A segue em queda, passando de 21,24% do total de confirma\u00e7\u00f5es na semana anterior para 18,38% na atual. O V\u00edrus Sincicial Respirat\u00f3rio (VSR) manteve-se praticamente est\u00e1vel, com leve varia\u00e7\u00e3o de 28,16% para 28,13%. J\u00e1 o Rinov\u00edrus apresentou crescimento, passando de 18% para 20,03%.<\/p>\n\n\n\n<p>Segundo dados da Central de Acesso \u00e0 Regula\u00e7\u00e3o do Paran\u00e1 (Care\/PR), da Secretaria da Sa\u00fade, a taxa de ocupa\u00e7\u00e3o hospitalar tamb\u00e9m indica tend\u00eancia de estabilidade. Atualmente, os leitos de enfermaria adulto est\u00e3o com 55% de ocupa\u00e7\u00e3o, enquanto os de enfermaria pedi\u00e1trica registram 36,5%. J\u00e1 os leitos de Unidade de Terapia Intensiva (UTI) apresentam ocupa\u00e7\u00e3o de 89% para adultos e 78% pedi\u00e1trica. Do total de leitos ocupados, apenas 5% s\u00e3o referentes a casos de SRAG.<\/p>\n\n\n\n<p>\u201cOs n\u00fameros indicam que talvez j\u00e1 tenhamos passado o pior momento, pelo pico dessas s\u00edndromes gripais deste ano e, somado a isso, temos uma campanha de vacina\u00e7\u00e3o muito forte, sendo o segundo Estado que mais vacinou seus grupos priorit\u00e1rios, dentro dessas quase quatro milh\u00f5es de doses administradas na popula\u00e7\u00e3o paranaense\u201d, disse o secret\u00e1rio da Sa\u00fade, Beto Preto.<\/p>\n\n\n\n<p><strong>MEDIDAS DE PREVEN\u00c7\u00c3O<\/strong>&nbsp;\u2013 No m\u00eas passado, a Sesa emitiu a Resolu\u00e7\u00e3o n\u00ba 1.014\/2025, destacando o estado de alerta para as SRAGs no Paran\u00e1. A iniciativa teve por objetivo refor\u00e7ar as a\u00e7\u00f5es de preven\u00e7\u00e3o e frear o aumento de casos e \u00f3bitos no Estado. O documento detalhou as medidas que deveriam ser adotadas pelos munic\u00edpios, como atendimento priorit\u00e1rio para pacientes com sintomas de SRAG e refor\u00e7o da vacina\u00e7\u00e3o.<\/p>\n\n\n\n<p>Desde o alerta, 1 milh\u00e3o de vacinas contra a gripe foram aplicadas e o Paran\u00e1 subiu de 42,11% de cobertura do grupo priorit\u00e1rio para os atuais 51,67%.<\/p>\n\n\n\n<p>\u201c\u00c9 importante que, neste momento, todas as doses de vacina contra a gripe influenza que ainda temos em estoque sejam utilizadas\u201d, afirmou o secret\u00e1rio. \u201cEssa orienta\u00e7\u00e3o \u00e9 para as secretarias municipais de sa\u00fade de todo o Estado. Vamos gastar todo o estoque. Isso vai demonstrar que n\u00f3s fizemos uma grande campanha, todos juntos, Secretaria de Estado e secretarias municipais de sa\u00fade, e demos uma demonstra\u00e7\u00e3o de ci\u00eancia, que a vacina \u00e9 vida\u201d.<\/p>\n\n\n\n<p>O Estado tamb\u00e9m ampliou o n\u00famero de leitos hospitalares para atender \u00e0 demanda de SRAG no Estado. Ao todo, foram 135 leitos, sendo 20 de enfermaria no Hospital Infantil Waldemar Monastier, em Campo Largo; 13 no Hospital do Cora\u00e7\u00e3o Bom Jesus, em Ponta Grossa, sendo tr\u00eas de UTI adulto e dez de enfermaria; 25 no Instituto Madre de Dio, em S\u00e3o Miguel do Igua\u00e7u, com 10 de UTI pedi\u00e1trica e 15 de enfermaria; 12 no Hospital Hoesp, em Toledo, entre UTI adulto, enfermaria adulto e pedi\u00e1trica; oito de UTI adulto no Hospital Municipal de Retaguarda Allan Brame Pinho, em Cascavel; 12 de enfermaria pedi\u00e1trica no Hospital da Provid\u00eancia Materno Infantil, em Apucarana; 27 no Hospital Honpar, em Arapongas, sendo 15 de UTI adulto e 12 de enfermaria adulto; dez de enfermaria adulto no Hospital de Cl\u00ednicas de Medianeira; oito no Hospital Regional de Toledo, divididos entre quatro leitos de UTI adulto e quatro de enfermaria adulto.<\/p>\n\n\n\n<p><strong>DADOS&nbsp;<\/strong>\u2013 Dados atualizados nesta segunda-feira (14) mostram que o Paran\u00e1 registrou 17.258 casos e 981 \u00f3bitos por SRAG este ano. Dentre os diagn\u00f3sticos deste ano, 2.743 casos e 305 \u00f3bitos foram confirmados como SRAG por Influenza.<\/p>\n\n\n\n<p>Cerca de 74,5% dos casos confirmados correspondem a crian\u00e7as abaixo de seis anos e a idosos acima de 60 anos. Crian\u00e7as com idades abaixo de seis anos foram as mais acometidas pelos v\u00edrus, representando 39% das confirma\u00e7\u00f5es, num total de 6.735 casos, seguidas por idosos acima de 60 anos, num total de 6.128 casos (35,50% dos casos).<\/p>\n\n\n\n<p>Na faixa et\u00e1ria de seis a nove anos, foram confirmados 914 casos; de 10 a 19 anos, 657. O p\u00fablico de 20 a 29 anos registrou 510 casos confirmados, seguido pela faixa de 30 a 39 anos, com 576 casos; e de 40 a 49 anos, com 683. As pessoas de 50 a 59 anos registraram 1.055 casos.<\/p>\n\n\n\n<p>J\u00e1 com rela\u00e7\u00e3o aos \u00f3bitos, o p\u00fablico mais acometido foi o de idosos acima de 60 anos, com 709 mortes, ou 72,27% do total; seguido pela faixa de 50 a 59 anos, com 104 mortes; e crian\u00e7as menores de seis anos, com 52. Na faixa et\u00e1ria de 40 a 49 anos foram registradas 46 mortes; de 30 a 39 anos, 33; de 20 a 29 anos, 20; de 10 a 19 anos, 10; e de seis a nove anos, sete \u00f3bitos.<\/p>\n\n\n\n<p>Foto: Alessandro Vieira\/SESA<\/p>\n\n\n\n<p>AEN\/PR<\/p>\n","protected":false},"excerpt":{"rendered":"<p>O Paran\u00e1 j\u00e1 aplicou 3,4 milh\u00f5es de doses da vacina contra a gripe em 2025. Entre os grupos priorit\u00e1rios, 51,67% das gestantes, crian\u00e7as e idosos foram imunizados. Com esse \u00edndice, o Estado ocupa o\u00a0segundo lugar no ranking nacional de cobertura vacinal, ficando atr\u00e1s apenas do Piau\u00ed, que registra 54,47%. A alta ades\u00e3o \u00e0 vacina\u00e7\u00e3o j\u00e1 [&hellip;]<\/p>\n","protected":false},"author":2,"featured_media":70386,"comment_status":"open","ping_status":"open","sticky":false,"template":"","format":"standard","meta":{"advanced_seo_description":"","jetpack_seo_html_title":"","jetpack_seo_noindex":false,"_jetpack_memberships_contains_paid_content":false,"footnotes":""},"categories":[40],"tags":[],"class_list":{"0":"post-70385","1":"post","2":"type-post","3":"status-publish","4":"format-standard","5":"has-post-thumbnail","7":"category-destaques"},"jetpack_featured_media_url":"https:\/\/www.paranapraia.com.br\/wp-content\/uploads\/2025\/07\/8e9f65b1-de0c-49fd-acf5-b5c925efa744_1_0_0.jpg","jetpack_sharing_enabled":true,"_links":{"self":[{"href":"https:\/\/www.paranapraia.com.br\/index.php\/wp-json\/wp\/v2\/posts\/70385"}],"collection":[{"href":"https:\/\/www.paranapraia.com.br\/index.php\/wp-json\/wp\/v2\/posts"}],"about":[{"href":"https:\/\/www.paranapraia.com.br\/index.php\/wp-json\/wp\/v2\/types\/post"}],"author":[{"embeddable":true,"href":"https:\/\/www.paranapraia.com.br\/index.php\/wp-json\/wp\/v2\/users\/2"}],"replies":[{"embeddable":true,"href":"https:\/\/www.paranapraia.com.br\/index.php\/wp-json\/wp\/v2\/comments?post=70385"}],"version-history":[{"count":1,"href":"https:\/\/www.paranapraia.com.br\/index.php\/wp-json\/wp\/v2\/posts\/70385\/revisions"}],"predecessor-version":[{"id":70387,"href":"https:\/\/www.paranapraia.com.br\/index.php\/wp-json\/wp\/v2\/posts\/70385\/revisions\/70387"}],"wp:featuredmedia":[{"embeddable":true,"href":"https:\/\/www.paranapraia.com.br\/index.php\/wp-json\/wp\/v2\/media\/70386"}],"wp:attachment":[{"href":"https:\/\/www.paranapraia.com.br\/index.php\/wp-json\/wp\/v2\/media?parent=70385"}],"wp:term":[{"taxonomy":"category","embeddable":true,"href":"https:\/\/www.paranapraia.com.br\/index.php\/wp-json\/wp\/v2\/categories?post=70385"},{"taxonomy":"post_tag","embeddable":true,"href":"https:\/\/www.paranapraia.com.br\/index.php\/wp-json\/wp\/v2\/tags?post=70385"}],"curies":[{"name":"wp","href":"https:\/\/api.w.org\/{rel}","templated":true}]}}