{"id":70370,"date":"2025-07-14T18:05:12","date_gmt":"2025-07-14T21:05:12","guid":{"rendered":"https:\/\/www.paranapraia.com.br\/?p=70370"},"modified":"2025-07-14T18:05:15","modified_gmt":"2025-07-14T21:05:15","slug":"festival-da-familia-movimenta-economia-esporte-e-cultura-em-pontal-do-parana","status":"publish","type":"post","link":"https:\/\/www.paranapraia.com.br\/index.php\/2025\/07\/14\/festival-da-familia-movimenta-economia-esporte-e-cultura-em-pontal-do-parana\/","title":{"rendered":"Festival da Fam\u00edlia movimenta economia, esporte e cultura em Pontal do Paran\u00e1"},"content":{"rendered":"\n<p>Um domingo com feira, m\u00fasica, esportes e vacina\u00e7\u00e3o reuniu centenas de pessoas no Centro de Eventos do Balne\u00e1rio Marissol, em Pontal do Paran\u00e1. A terceira edi\u00e7\u00e3o do Festival da Fam\u00edlia aconteceu no \u00faltimo dia 13 de julho, com programa\u00e7\u00e3o das 9h \u00e0s 17h. O evento foi realizado pela Prefeitura de Pontal do Paran\u00e1 em parceria com o Governo do Estado, e integrou a programa\u00e7\u00e3o oficial dos Jogos de Aventura e Natureza.<\/p>\n\n\n\n<p>Durante todo o dia, o p\u00fablico participou de oficinas esportivas, a\u00e7\u00f5es de sa\u00fade, apresenta\u00e7\u00f5es culturais, atra\u00e7\u00f5es para crian\u00e7as e uma feira de artesanato, alimenta\u00e7\u00e3o e ado\u00e7\u00e3o de pets. A estrutura tamb\u00e9m contou com espa\u00e7o para vacina\u00e7\u00e3o, com aplica\u00e7\u00e3o de doses para todas as idades, incluindo BCG, hepatites, HPV e COVID. Ao todo, 128 pessoas foram imunizadas, e 29 animais encontraram um novo lar por meio da feira de ado\u00e7\u00e3o.<\/p>\n\n\n\n<p>Somando todos os atendimentos nas atividades oferecidas, foram registrados mais de 2.500 atendimentos ao longo do dia, com uma estimativa de p\u00fablico de aproximadamente 5 mil pessoas participando das a\u00e7\u00f5es.<\/p>\n\n\n\n<p>Entre as atra\u00e7\u00f5es culturais, o palco principal recebeu apresenta\u00e7\u00f5es de capoeira, dan\u00e7a flamenca com o grupo El Tiempo de Oy, e o grupo de louvor Prim\u00edcias. O projeto Circo na Pra\u00e7a tamb\u00e9m marcou presen\u00e7a com n\u00fameros circenses e intera\u00e7\u00e3o com o p\u00fablico infantil.<\/p>\n\n\n\n<p>Espa\u00e7os recreativos como pared\u00e3o de escalada, tirolesa, oficina de patina\u00e7\u00e3o, circuito kids de bike e atividades ambientais garantiram movimento ao longo de todo o dia. Oficinas de jiu-jitsu, v\u00f4lei, taekwondo, beach t\u00eanis e espa\u00e7o para caricaturas completaram a programa\u00e7\u00e3o.<\/p>\n\n\n\n<p>A movimenta\u00e7\u00e3o no local tamb\u00e9m atraiu feirantes e pequenos empreendedores, que utilizaram o evento para ampliar suas vendas. \u201c\u00c9 o terceiro Festival da Fam\u00edlia que eu participo e estou gostando muito. Um evento como esse movimenta o balne\u00e1rio, a gente consegue expor nossos produtos e complementar a renda\u201d, disse Elaine Pissaia, feirante local.<\/p>\n\n\n\n<p>Para o Diretor de Inova\u00e7\u00e3o da Secretaria de Estado do Esporte do Paran\u00e1, Tiago Campos, o evento amplia o acesso ao esporte e fortalece os la\u00e7os comunit\u00e1rios. \u201cO Festival da Fam\u00edlia \u00e9 um excelente exemplo de como os Jogos de Aventura e Natureza v\u00e3o muito al\u00e9m das competi\u00e7\u00f5es esportivas. Eles proporcionam uma programa\u00e7\u00e3o diversificada que envolve cultura, lazer, sa\u00fade e conviv\u00eancia. \u00c9 uma oportunidade de democratizar o acesso a atividades gratuitas e de qualidade, promovendo bem-estar e fortalecendo o v\u00ednculo entre as pessoas e os espa\u00e7os p\u00fablicos\u201d, afirmou.<br>O prefeito Rud\u00e3o Gimenes destacou o impacto das atividades na vida das pessoas. \u201cEsses momentos criam mem\u00f3rias, aproximam vizinhos e mostram que os espa\u00e7os p\u00fablicos podem ser usados com criatividade, inclus\u00e3o e participa\u00e7\u00e3o. \u00c9 gratificante ver tantas fam\u00edlias reunidas e aproveitando tudo que foi preparado.\u201d<\/p>\n\n\n\n<p>No encerramento, a avalia\u00e7\u00e3o foi de que o formato vem atraindo p\u00fablico e criando oportunidades para diversas \u00e1reas. A pr\u00f3xima edi\u00e7\u00e3o do Festival da Fam\u00edlia j\u00e1 tem data marcada: ser\u00e1 no dia 3 de agosto, com novas atra\u00e7\u00f5es abertas \u00e0 popula\u00e7\u00e3o.<\/p>\n\n\n\n<p>Fotos: PMPPR \/ Cl\u00f3vis Santos.<\/p>\n","protected":false},"excerpt":{"rendered":"<p>Um domingo com feira, m\u00fasica, esportes e vacina\u00e7\u00e3o reuniu centenas de pessoas no Centro de Eventos do Balne\u00e1rio Marissol, em Pontal do Paran\u00e1. A terceira edi\u00e7\u00e3o do Festival da Fam\u00edlia aconteceu no \u00faltimo dia 13 de julho, com programa\u00e7\u00e3o das 9h \u00e0s 17h. O evento foi realizado pela Prefeitura de Pontal do Paran\u00e1 em parceria [&hellip;]<\/p>\n","protected":false},"author":2,"featured_media":70371,"comment_status":"open","ping_status":"open","sticky":false,"template":"","format":"standard","meta":{"advanced_seo_description":"","jetpack_seo_html_title":"","jetpack_seo_noindex":false,"_jetpack_memberships_contains_paid_content":false,"footnotes":""},"categories":[65],"tags":[],"class_list":{"0":"post-70370","1":"post","2":"type-post","3":"status-publish","4":"format-standard","5":"has-post-thumbnail","7":"category-pontal-do-parana"},"jetpack_featured_media_url":"https:\/\/www.paranapraia.com.br\/wp-content\/uploads\/2025\/07\/FB_IMG_1752527031290.jpg","jetpack_sharing_enabled":true,"_links":{"self":[{"href":"https:\/\/www.paranapraia.com.br\/index.php\/wp-json\/wp\/v2\/posts\/70370"}],"collection":[{"href":"https:\/\/www.paranapraia.com.br\/index.php\/wp-json\/wp\/v2\/posts"}],"about":[{"href":"https:\/\/www.paranapraia.com.br\/index.php\/wp-json\/wp\/v2\/types\/post"}],"author":[{"embeddable":true,"href":"https:\/\/www.paranapraia.com.br\/index.php\/wp-json\/wp\/v2\/users\/2"}],"replies":[{"embeddable":true,"href":"https:\/\/www.paranapraia.com.br\/index.php\/wp-json\/wp\/v2\/comments?post=70370"}],"version-history":[{"count":1,"href":"https:\/\/www.paranapraia.com.br\/index.php\/wp-json\/wp\/v2\/posts\/70370\/revisions"}],"predecessor-version":[{"id":70372,"href":"https:\/\/www.paranapraia.com.br\/index.php\/wp-json\/wp\/v2\/posts\/70370\/revisions\/70372"}],"wp:featuredmedia":[{"embeddable":true,"href":"https:\/\/www.paranapraia.com.br\/index.php\/wp-json\/wp\/v2\/media\/70371"}],"wp:attachment":[{"href":"https:\/\/www.paranapraia.com.br\/index.php\/wp-json\/wp\/v2\/media?parent=70370"}],"wp:term":[{"taxonomy":"category","embeddable":true,"href":"https:\/\/www.paranapraia.com.br\/index.php\/wp-json\/wp\/v2\/categories?post=70370"},{"taxonomy":"post_tag","embeddable":true,"href":"https:\/\/www.paranapraia.com.br\/index.php\/wp-json\/wp\/v2\/tags?post=70370"}],"curies":[{"name":"wp","href":"https:\/\/api.w.org\/{rel}","templated":true}]}}