{"id":70367,"date":"2025-07-14T16:38:53","date_gmt":"2025-07-14T19:38:53","guid":{"rendered":"https:\/\/www.paranapraia.com.br\/?p=70367"},"modified":"2025-07-14T16:39:40","modified_gmt":"2025-07-14T19:39:40","slug":"governo-lanca-edital-de-r-10-milhoes-para-tratamento-de-dependentes-quimicos","status":"publish","type":"post","link":"https:\/\/www.paranapraia.com.br\/index.php\/2025\/07\/14\/governo-lanca-edital-de-r-10-milhoes-para-tratamento-de-dependentes-quimicos\/","title":{"rendered":"Governo lan\u00e7a edital\u00a0de R$ 10 milh\u00f5es\u00a0para tratamento de dependentes qu\u00edmicos"},"content":{"rendered":"\n<p>O Governo do Paran\u00e1, por meio da Secretaria de Desenvolvimento Social e Fam\u00edlia (Sedef), lan\u00e7ou nesta segunda-feira (14) o&nbsp;edital de&nbsp;credenciamento de&nbsp;institui\u00e7\u00f5es e&nbsp;entidades&nbsp;privadas sem fins lucrativos voltado ao acolhimento de pessoas em situa\u00e7\u00e3o de uso prejudicial de \u00e1lcool e outras drogas. Est\u00e1 previsto um investimento anual de R$ 10 milh\u00f5es&nbsp;no&nbsp;trabalho de recupera\u00e7\u00e3o de&nbsp;pessoas em situa\u00e7\u00e3o de depend\u00eancia qu\u00edmica.<\/p>\n\n\n\n<p>O edital \u00e9 do Programa de Acolhimento e Assist\u00eancia Psicossocial que, com o repasse anual, vai ofertar 480 vagas de acolhimento tempor\u00e1rio em&nbsp;institui\u00e7\u00f5es p\u00fablicas ou privadas sem fins lucrativos em todo o&nbsp;Estado.&nbsp;O evento de lan\u00e7amento contou com a participa\u00e7\u00e3o de secret\u00e1rios estaduais, autoridades municipais e&nbsp;estaduais e&nbsp;representantes das comunidades terap\u00eauticas.<\/p>\n\n\n\n<p>Vinculado \u00e0 Sedef, o programa estabelece uma rede intersetorial de servi\u00e7os, com atua\u00e7\u00e3o conjunta das \u00e1reas da Sa\u00fade, Assist\u00eancia Social e Seguran\u00e7a P\u00fablica. O objetivo \u00e9 garantir acolhimento tempor\u00e1rio a pessoas com depend\u00eancia de \u00e1lcool e outras drogas, promovendo uma interven\u00e7\u00e3o terap\u00eautica e a reorganiza\u00e7\u00e3o psicossocial.<\/p>\n\n\n\n<p>Os recursos ser\u00e3o utilizados para o custeio de vagas de acolhimento, expans\u00e3o de servi\u00e7os p\u00fablicos j\u00e1 existentes, forma\u00e7\u00e3o continuada de profissionais das redes de Assist\u00eancia Social e Sa\u00fade, cofinanciamento de a\u00e7\u00f5es voltadas ao restabelecimento de direitos e tamb\u00e9m para servi\u00e7os de fortalecimento de v\u00ednculos familiares e comunit\u00e1rios.<\/p>\n\n\n\n<p>Segundo o&nbsp;secret\u00e1rio do Desenvolvimento Social e Fam\u00edlia, Rog\u00e9rio Carboni, a a\u00e7\u00e3o representa mais um passo concreto no fortalecimento das pol\u00edticas p\u00fablicas sobre drogas no Paran\u00e1, promovendo dignidade, cuidado e oportunidades de recome\u00e7o para pessoas em situa\u00e7\u00e3o de vulnerabilidade. \u201cO objetivo \u00e9 oferecer condi\u00e7\u00f5es reais de recupera\u00e7\u00e3o e reintegra\u00e7\u00e3o social para quem sofre com a depend\u00eancia qu\u00edmica, al\u00e9m de apoiar suas fam\u00edlias. \u00c9 uma pol\u00edtica p\u00fablica que une sa\u00fade, assist\u00eancia social e seguran\u00e7a em favor da vida\u201d, afirmou.<\/p>\n\n\n\n<p><strong>INCLUS\u00c3O&nbsp;<\/strong>\u2013&nbsp;Para participar do programa, as&nbsp;institui\u00e7\u00f5es&nbsp;dever\u00e3o se credenciar&nbsp;conforme&nbsp;as&nbsp;regras do edital.&nbsp;Entre os crit\u00e9rios exigidos est\u00e3o a comprova\u00e7\u00e3o de estrutura f\u00edsica adequada para o acolhimento, capacidade t\u00e9cnica para o atendimento de pessoas com depend\u00eancia qu\u00edmica, apresenta\u00e7\u00e3o de um plano terap\u00eautico elaborado por equipe multiprofissional,&nbsp;entre outros.<\/p>\n\n\n\n<p>Poder\u00e3o ser acolhidas pessoas com idade igual ou superior a 18 anos, que apresentem problemas relacionados ao uso de subst\u00e2ncias psicoativas, estejam em situa\u00e7\u00e3o de vulnerabilidade socioecon\u00f4mica e com v\u00ednculos familiares e comunit\u00e1rios rompidos, expressem voluntariamente o interesse em receber o atendimento e sejam encaminhadas pela Rede de Aten\u00e7\u00e3o \u00e0 Sa\u00fade ou pelas equipes municipais das pol\u00edticas de Assist\u00eancia Social e Sa\u00fade, mediante avalia\u00e7\u00e3o t\u00e9cnica.<\/p>\n\n\n\n<p>O monitoramento e a avalia\u00e7\u00e3o da rede de servi\u00e7os integrados ser\u00e3o realizados por uma comiss\u00e3o composta pela Sedef, pelas secretarias estaduais da Sa\u00fade (Sesa) e da Seguran\u00e7a P\u00fablica (Sesp), assegurando a articula\u00e7\u00e3o das pol\u00edticas p\u00fablicas e a efetividade das a\u00e7\u00f5es em todo o territ\u00f3rio paranaense.<\/p>\n\n\n\n<p><strong>IMPORT\u00c2NCIA&nbsp;<\/strong>\u2013 Para o secret\u00e1rio da Seguran\u00e7a P\u00fablica, Hudson Teixeira,&nbsp;a atividade da pasta n\u00e3o se limita \u00e0 a\u00e7\u00e3o de pol\u00edcia, por isso o edital preenche as lacunas&nbsp;no tratamento de pessoas com depend\u00eancia qu\u00edmica. \u201cPrecisamos deste trabalho complementar entre as secretarias para atuarmos n\u00e3o apenas nos efeitos, mas nas causas. Temos que evitar que o crime ocorra. Com este edital fazemos isso, diminuindo o trabalho da Seguran\u00e7a P\u00fablica\u201d, disse.<\/p>\n\n\n\n<p>O lan\u00e7amento do edital celebra um trabalho de muitos anos, segundo o secret\u00e1rio da Justi\u00e7a e Cidadania, Valdemar Bernardo Jorge. \u201cEle reconhece a atua\u00e7\u00e3o destas entidades. Agora, vamos assumir um compromisso de ajudarmos as pessoas a encontrarem trabalho na vida p\u00f3s este tratamento\u201d, afirmou.<\/p>\n\n\n\n<p>Na solenidade, o prefeito em exerc\u00edcio de Curitiba, Paulo Martins,&nbsp;declarou apoio \u00e0 atua\u00e7\u00e3o destas entidades. \u201cAcredito muito neste conceito. Este \u00e9 um modelo que oferece uma chance para as pessoas com depend\u00eancia qu\u00edmica. S\u00f3 trabalho vocacionado das&nbsp;entidades&nbsp;consegue tirar uma pessoa do mundo das drogas\u201d, comentou.<\/p>\n\n\n\n<p><strong>PRESEN\u00c7AS&nbsp;<\/strong>\u2013 Tamb\u00e9m participaram do evento o assessor da Casa Civil, Fernando Cruz; o secret\u00e1rio de Governo da Prefeitura de Curitiba, Marcelo Fachinello; o deputado estadual Gilson de Souza; o presidente da Funda\u00e7\u00e3o de A\u00e7\u00e3o Social (FAS), Renan de Oliveira Rodrigues, e o vereador da capital Guilherme Kilter.<\/p>\n\n\n\n<p>AEN\/PR<\/p>\n","protected":false},"excerpt":{"rendered":"<p>O Governo do Paran\u00e1, por meio da Secretaria de Desenvolvimento Social e Fam\u00edlia (Sedef), lan\u00e7ou nesta segunda-feira (14) o&nbsp;edital de&nbsp;credenciamento de&nbsp;institui\u00e7\u00f5es e&nbsp;entidades&nbsp;privadas sem fins lucrativos voltado ao acolhimento de pessoas em situa\u00e7\u00e3o de uso prejudicial de \u00e1lcool e outras drogas. Est\u00e1 previsto um investimento anual de R$ 10 milh\u00f5es&nbsp;no&nbsp;trabalho de recupera\u00e7\u00e3o de&nbsp;pessoas em situa\u00e7\u00e3o de [&hellip;]<\/p>\n","protected":false},"author":2,"featured_media":70368,"comment_status":"open","ping_status":"open","sticky":false,"template":"","format":"standard","meta":{"advanced_seo_description":"","jetpack_seo_html_title":"","jetpack_seo_noindex":false,"_jetpack_memberships_contains_paid_content":false,"footnotes":""},"categories":[40],"tags":[],"class_list":{"0":"post-70367","1":"post","2":"type-post","3":"status-publish","4":"format-standard","5":"has-post-thumbnail","7":"category-destaques"},"jetpack_featured_media_url":"https:\/\/www.paranapraia.com.br\/wp-content\/uploads\/2025\/07\/edital_acolhimento_terapeutico_5.jpg","jetpack_sharing_enabled":true,"_links":{"self":[{"href":"https:\/\/www.paranapraia.com.br\/index.php\/wp-json\/wp\/v2\/posts\/70367"}],"collection":[{"href":"https:\/\/www.paranapraia.com.br\/index.php\/wp-json\/wp\/v2\/posts"}],"about":[{"href":"https:\/\/www.paranapraia.com.br\/index.php\/wp-json\/wp\/v2\/types\/post"}],"author":[{"embeddable":true,"href":"https:\/\/www.paranapraia.com.br\/index.php\/wp-json\/wp\/v2\/users\/2"}],"replies":[{"embeddable":true,"href":"https:\/\/www.paranapraia.com.br\/index.php\/wp-json\/wp\/v2\/comments?post=70367"}],"version-history":[{"count":1,"href":"https:\/\/www.paranapraia.com.br\/index.php\/wp-json\/wp\/v2\/posts\/70367\/revisions"}],"predecessor-version":[{"id":70369,"href":"https:\/\/www.paranapraia.com.br\/index.php\/wp-json\/wp\/v2\/posts\/70367\/revisions\/70369"}],"wp:featuredmedia":[{"embeddable":true,"href":"https:\/\/www.paranapraia.com.br\/index.php\/wp-json\/wp\/v2\/media\/70368"}],"wp:attachment":[{"href":"https:\/\/www.paranapraia.com.br\/index.php\/wp-json\/wp\/v2\/media?parent=70367"}],"wp:term":[{"taxonomy":"category","embeddable":true,"href":"https:\/\/www.paranapraia.com.br\/index.php\/wp-json\/wp\/v2\/categories?post=70367"},{"taxonomy":"post_tag","embeddable":true,"href":"https:\/\/www.paranapraia.com.br\/index.php\/wp-json\/wp\/v2\/tags?post=70367"}],"curies":[{"name":"wp","href":"https:\/\/api.w.org\/{rel}","templated":true}]}}