{"id":70364,"date":"2025-07-14T16:35:51","date_gmt":"2025-07-14T19:35:51","guid":{"rendered":"https:\/\/www.paranapraia.com.br\/?p=70364"},"modified":"2025-07-14T16:35:53","modified_gmt":"2025-07-14T19:35:53","slug":"nova-frente-fria-trara-chuva-e-queda-das-temperaturas-ao-parana-preve-simepar","status":"publish","type":"post","link":"https:\/\/www.paranapraia.com.br\/index.php\/2025\/07\/14\/nova-frente-fria-trara-chuva-e-queda-das-temperaturas-ao-parana-preve-simepar\/","title":{"rendered":"Nova frente fria trar\u00e1 chuva e queda das temperaturas ao Paran\u00e1, prev\u00ea Simepar"},"content":{"rendered":"\n<p>H\u00e1 mais de dez dias o tempo permanece est\u00e1vel no Paran\u00e1. O amanhecer \u00e9 gelado, dentro da normalidade do inverno. \u00c9 acompanhado de neblina nas regi\u00f5es da metade Sul durante a madrugada e o amanhecer, e \u00e0 tarde o sol aparece, \u00e0s vezes entre nuvens, mas ainda assim capaz de elevar a temperatura m\u00e1xima dia ap\u00f3s dia. O cen\u00e1rio deve mudar a partir desta quarta-feira (16), com a aproxima\u00e7\u00e3o de uma frente fria. Ap\u00f3s a chuva, as temperaturas v\u00e3o cair.<\/p>\n\n\n\n<p>\u201cA partir da quarta teremos mudan\u00e7as nas condi\u00e7\u00f5es do tempo, visto que temos o deslocamento de uma frente fria que avan\u00e7a pelo Sul do pa\u00eds, chegando ao Paran\u00e1 entre o final da tarde e a noite de quarta-feira\u201d, explica Paulo Barbieri, meteorologista.&nbsp;<\/p>\n\n\n\n<p>A previs\u00e3o \u00e9 de pancadas de chuva isoladas neste per\u00edodo, principalmente nas regi\u00f5es Oeste, Sudoeste e Centro-Sul. Na quinta-feira (17) a chuva chega a outras regi\u00f5es do Paran\u00e1. Nas regi\u00f5es da metade Sul do Estado, os temporais podem ter volumes acumulados mais significativos.<\/p>\n\n\n\n<p>\u201cAp\u00f3s a chuva, o deslocamento desse sistema frontal para o oceano traz na sua retaguarda uma massa de ar frio que faz com que as temperaturas despenquem novamente em todas as regi\u00f5es paranaenses\u201d, diz Barbieri.<\/p>\n\n\n\n<p>O frio mais intenso j\u00e1 ser\u00e1 percept\u00edvel na noite de quinta-feira (17) nas regi\u00f5es Oeste, Sudoeste e Centro-Sul. A diferen\u00e7a ser\u00e1 grande de um dia para o outro: na quarta-feira (16), por exemplo, Cascavel estar\u00e1 com temperaturas entre 15\u00b0C e 23\u00b0C, e na quinta (17) os term\u00f4metros ficam entre 7\u00b0C e 16\u00b0C.&nbsp;<\/p>\n\n\n\n<p>No amanhecer de sexta-feira (18), o frio ganha destaque em todas as regi\u00f5es do Paran\u00e1, inclusive com temperaturas pr\u00f3ximas a zero grau na regi\u00e3o Sul. Palmas, que tem m\u00ednimas na faixa dos 9\u00b0C at\u00e9 quarta (16), ter\u00e1 m\u00ednima invertida de 3\u00b0C na quinta (17), no per\u00edodo da noite, e apenas 1\u00b0C no amanhecer de sexta-feira (18). Guarapuava, que tem previs\u00e3o de m\u00ednimas de 10\u00b0C na quarta-feira (16), ter\u00e1 m\u00ednima invertida de apenas 5\u00b0C na quinta (17), no per\u00edodo da noite, e amanhece com 2\u00b0C na sexta-feira (18).&nbsp;<\/p>\n\n\n\n<p>\u201cNo decorrer do dia na sexta-feira o sol predomina. A tarde ter\u00e1 temperaturas agrad\u00e1veis nas regi\u00f5es Oeste, Noroeste e Norte do Estado, onde os term\u00f4metros ultrapassar\u00e3o os 20\u00b0C. J\u00e1 nas regi\u00f5es Centro-Sul, Campos Gerais e Leste, as temperaturas ficam mais ou menos em torno de 14\u00b0C e 15\u00b0C a tarde\u201d, afirma Barbieri.<\/p>\n\n\n\n<p><strong>SIMEPAR<\/strong>&nbsp;\u2013 Com uma estrutura de 120 esta\u00e7\u00f5es meteorol\u00f3gicas telem\u00e9tricas autom\u00e1ticas, tr\u00eas radares meteorol\u00f3gicos e cinco sensores de descargas atmosf\u00e9ricas, o Simepar \u00e9 respons\u00e1vel por fornecer dados meteorol\u00f3gicos para \u00f3rg\u00e3os como a Coordenadoria da Defesa Civil e a Secretaria do Desenvolvimento Sustent\u00e1vel, de modo a facilitar a\u00e7\u00f5es de resposta a situa\u00e7\u00f5es extremas. S\u00e3o monitoradas desde situa\u00e7\u00f5es causadas por chuvas extremas, como enxurradas, deslizamentos e alagamentos, at\u00e9 inc\u00eandios e secas.<\/p>\n\n\n\n<p>Dados mais detalhados da previs\u00e3o do tempo para os 399 munic\u00edpios paranaenses est\u00e3o dispon\u00edveis no site&nbsp;<strong><a href=\"https:\/\/www.simepar.br\/\" target=\"_blank\" rel=\"noreferrer noopener\">www.simepar.br<\/a><\/strong>. A previs\u00e3o tem duas atualiza\u00e7\u00f5es di\u00e1rias. Para cada cidade \u00e9 poss\u00edvel saber o quanto deve chover, temperaturas m\u00ednimas e m\u00e1ximas previstas, umidade relativa do ar e vento, com detalhamento por hora para a data e o dia seguinte.<\/p>\n\n\n\n<p>AEN\/PR<\/p>\n","protected":false},"excerpt":{"rendered":"<p>H\u00e1 mais de dez dias o tempo permanece est\u00e1vel no Paran\u00e1. O amanhecer \u00e9 gelado, dentro da normalidade do inverno. \u00c9 acompanhado de neblina nas regi\u00f5es da metade Sul durante a madrugada e o amanhecer, e \u00e0 tarde o sol aparece, \u00e0s vezes entre nuvens, mas ainda assim capaz de elevar a temperatura m\u00e1xima dia [&hellip;]<\/p>\n","protected":false},"author":2,"featured_media":70365,"comment_status":"open","ping_status":"open","sticky":false,"template":"","format":"standard","meta":{"advanced_seo_description":"","jetpack_seo_html_title":"","jetpack_seo_noindex":false,"_jetpack_memberships_contains_paid_content":false,"footnotes":""},"categories":[84],"tags":[],"class_list":{"0":"post-70364","1":"post","2":"type-post","3":"status-publish","4":"format-standard","5":"has-post-thumbnail","7":"category-clima"},"jetpack_featured_media_url":"https:\/\/www.paranapraia.com.br\/wp-content\/uploads\/2025\/07\/20250605_agb_chuva-22-scaled.jpg","jetpack_sharing_enabled":true,"_links":{"self":[{"href":"https:\/\/www.paranapraia.com.br\/index.php\/wp-json\/wp\/v2\/posts\/70364"}],"collection":[{"href":"https:\/\/www.paranapraia.com.br\/index.php\/wp-json\/wp\/v2\/posts"}],"about":[{"href":"https:\/\/www.paranapraia.com.br\/index.php\/wp-json\/wp\/v2\/types\/post"}],"author":[{"embeddable":true,"href":"https:\/\/www.paranapraia.com.br\/index.php\/wp-json\/wp\/v2\/users\/2"}],"replies":[{"embeddable":true,"href":"https:\/\/www.paranapraia.com.br\/index.php\/wp-json\/wp\/v2\/comments?post=70364"}],"version-history":[{"count":1,"href":"https:\/\/www.paranapraia.com.br\/index.php\/wp-json\/wp\/v2\/posts\/70364\/revisions"}],"predecessor-version":[{"id":70366,"href":"https:\/\/www.paranapraia.com.br\/index.php\/wp-json\/wp\/v2\/posts\/70364\/revisions\/70366"}],"wp:featuredmedia":[{"embeddable":true,"href":"https:\/\/www.paranapraia.com.br\/index.php\/wp-json\/wp\/v2\/media\/70365"}],"wp:attachment":[{"href":"https:\/\/www.paranapraia.com.br\/index.php\/wp-json\/wp\/v2\/media?parent=70364"}],"wp:term":[{"taxonomy":"category","embeddable":true,"href":"https:\/\/www.paranapraia.com.br\/index.php\/wp-json\/wp\/v2\/categories?post=70364"},{"taxonomy":"post_tag","embeddable":true,"href":"https:\/\/www.paranapraia.com.br\/index.php\/wp-json\/wp\/v2\/tags?post=70364"}],"curies":[{"name":"wp","href":"https:\/\/api.w.org\/{rel}","templated":true}]}}