{"id":70361,"date":"2025-07-14T16:33:29","date_gmt":"2025-07-14T19:33:29","guid":{"rendered":"https:\/\/www.paranapraia.com.br\/?p=70361"},"modified":"2025-07-14T16:33:31","modified_gmt":"2025-07-14T19:33:31","slug":"inicio-do-festival-de-inverno-dos-jogos-de-aventura-e-natureza-movimenta-o-litoral","status":"publish","type":"post","link":"https:\/\/www.paranapraia.com.br\/index.php\/2025\/07\/14\/inicio-do-festival-de-inverno-dos-jogos-de-aventura-e-natureza-movimenta-o-litoral\/","title":{"rendered":"In\u00edcio do Festival de Inverno dos Jogos de Aventura e Natureza movimenta o Litoral"},"content":{"rendered":"\n<p>O Litoral do Paran\u00e1 teve um fim de semana repleto de competi\u00e7\u00f5es, oficinas e atra\u00e7\u00f5es esportivas com o in\u00edcio da etapa Festival de Inverno dos Jogos de Aventura e Natureza (JANs), promovido pelo Governo do Estado, por meio da Secretaria do Esporte (SEES).&nbsp; No s\u00e1bado e no domingo (12 e 13), seis munic\u00edpios litor\u00e2neos receberam 12 atividades esportivas, reunindo atletas, turistas e comunidades locais em torno de uma programa\u00e7\u00e3o que une esporte, turismo e desenvolvimento regional.<\/p>\n\n\n\n<p>Em Antonina, o destaque foi o tradicional Rally da Graciosa. A 38\u00aa edi\u00e7\u00e3o foi vencida pela dupla Bernardo Reuwsaat e Sidinei Broering, a bordo de um VW Up TSI. A cidade tamb\u00e9m sediou oficinas e disputas de Beach Soccer \u2013 com vit\u00f3rias do Real Paran\u00e1 (Sub-10), Caveir\u00e3o FC (Sub-13) e Paran\u00e1 Club (Adulto) \u2013, al\u00e9m do Desafio de Obst\u00e1culos, que reuniu competidores nas categorias Forfun e Elite.<\/p>\n\n\n\n<p>Morretes recebeu o Campeonato Paranaense de Caiaque Cross, com provas no Rio Nhundiaquara, enquanto Matinhos foi sede da 1\u00aa etapa do Circuito Paranaense de Handebol de Praia e da etapa litoral do Campeonato Paranaense de Basquete 3&#215;3, com mais de dez equipes premiadas entre as categorias masculinas e femininas.<\/p>\n\n\n\n<p>Em Guaratuba, a tradicional Corrida do Divino reuniu 850 participantes. J\u00e1 o bal\u00e3o do JAN, s\u00edmbolo do evento, marcou presen\u00e7a em Antonina, Paranagu\u00e1 e Pontal do Paran\u00e1. O Voo Livre foi a atra\u00e7\u00e3o da Ilha do Mel.<\/p>\n\n\n\n<p>No domingo (13), o fim de semana foi encerrado com estilo no Festival da Fam\u00edlia, que reuniu mais de 5 mil pessoas no Centro de Eventos Marissol, em Pontal do Paran\u00e1, em uma programa\u00e7\u00e3o de oficinas, apresenta\u00e7\u00f5es culturais e atividades recreativas para todas as idades.<\/p>\n\n\n\n<p>O diretor de Inova\u00e7\u00e3o e Desenvolvimento da SEES, Tiago Campos, celebrou o impacto do evento. \u201cO primeiro fim de semana foi um grande sucesso, com tempo muito bom no Litoral. Estamos usando o esporte como indutor do turismo, gerador de emprego, renda, desenvolvimento econ\u00f4mico e tamb\u00e9m para movimentar o nosso litoral neste per\u00edodo de menor fluxo de visitantes\u201d, destacou.<\/p>\n\n\n\n<p>Criados pelo Governo do Estado em 2019, os Jogos de Aventura e Natureza s\u00e3o uma iniciativa in\u00e9dita no Brasil, que integra esporte, turismo sustent\u00e1vel e preserva\u00e7\u00e3o ambiental. O evento, de formato itinerante, acontece em diversas regi\u00f5es do Paran\u00e1 ao longo do ano, fortalecendo o com\u00e9rcio local, incentivando a pr\u00e1tica esportiva e promovendo qualidade de vida.<\/p>\n\n\n\n<p>O Festival de Inverno dos JANs continua at\u00e9 o dia 27 de julho com uma programa\u00e7\u00e3o intensa em todo o Litoral.<\/p>\n\n\n\n<p><strong>Confira os campe\u00f5es do primeiro fim de semana:<\/strong><\/p>\n\n\n\n<p>38\u00ba Rally da Graciosa \u2013 Antonina<\/p>\n\n\n\n<p>Bernardo Reuwsaat e Sidinei Broering (VW Up TSI)<\/p>\n\n\n\n<p>Beach Soccer \u2013 Antonina<\/p>\n\n\n\n<p>Sub-10: Real Paran\u00e1<\/p>\n\n\n\n<p>Sub-13: Caveir\u00e3o FC<\/p>\n\n\n\n<p>Adulto: Paran\u00e1 Club<\/p>\n\n\n\n<p>Desafio de Obst\u00e1culos \u2013 Antonina<\/p>\n\n\n\n<p>Forfun Masc.: Guilherme Charles<\/p>\n\n\n\n<p>Elite Masc.: Jhonatan Carvalho<\/p>\n\n\n\n<p>Forfun Fem.: Mirian Carla<\/p>\n\n\n\n<p>Elite Fem.: Sara Nona<\/p>\n\n\n\n<p>Basquete 3&#215;3 \u2013 Matinhos<\/p>\n\n\n\n<p>Adulto Masc.: SCPR \/ Guaxo<\/p>\n\n\n\n<p>Sub-23 Masc.: S. E. King\u2019s<\/p>\n\n\n\n<p>Sub-18 Masc.: Mandaguari 2<\/p>\n\n\n\n<p>Sub-15 Masc.: SJP Storm<\/p>\n\n\n\n<p>Adulto Fem.: SJP \/ Guaxo<\/p>\n\n\n\n<p>Sub-18 Fem.: Mandaguari 1<\/p>\n\n\n\n<p>Sub-15 Fem.: X3 Campos Gerais<\/p>\n\n\n\n<p>Handebol de Praia \u2013 Matinhos<\/p>\n\n\n\n<p>Adulto Masc.: AHPA \/ SESPOR \/ SICOOB \/ PARANAGU\u00c1<\/p>\n\n\n\n<p>Adulto Fem.: COBRA HANDBEACH \/ ACH \/ CASCAVEL<\/p>\n\n\n\n<p>Caiaque Cross \u2013 Morretes<\/p>\n\n\n\n<p>Menor Masc.: Luan Gabriel Colveiro<\/p>\n\n\n\n<p>J\u00fanior Masc.: Davi Santiago dos Santos<\/p>\n\n\n\n<p>S\u00eanior Masc.: Emanoel Barcelos Cruz de Souza<\/p>\n\n\n\n<p>Master Masc.: Felipe Pacheco dos Santos Lima<\/p>\n\n\n\n<p>Infantil Fem.: Livia Carlett de Melo<\/p>\n\n\n\n<p>Menor Fem.: Emanuelly Maiara Birkheuer<\/p>\n\n\n\n<p>J\u00fanior Fem.: Milena Sofia<\/p>\n\n\n\n<p>S\u00eanior Fem.: Bruna da Silva Siqueira<\/p>\n\n\n\n<p><strong>Confira os destaques da pr\u00f3xima semana:<\/strong><\/p>\n\n\n\n<p>OFICINAS (sempre \u00e0s 9h)<\/p>\n\n\n\n<p>Rugby e Stand Up \u2013 Pra\u00e7a Romildo Gon\u00e7alves, Antonina<\/p>\n\n\n\n<p>Beach Tennis, Orienta\u00e7\u00e3o e Slackline \u2013 Parque Municipal, Guaratuba<\/p>\n\n\n\n<p>Beach Tennis, Handebol de Areia e V\u00f4lei de Praia \u2013 Arena JAN, Matinhos<\/p>\n\n\n\n<p>Chase Tag e Slackline \u2013 Arena Vicente Gurski, Matinhos<\/p>\n\n\n\n<p>Skate \u2013 Pista Edlei Antonio da Silva, Paranagu\u00e1<\/p>\n\n\n\n<p>COMPETI\u00c7\u00d5ES<\/p>\n\n\n\n<p>17 a 20\/07 \u2013 V\u00f4lei de Praia \u2013 Arena JAN, Matinhos \u2013 08h<\/p>\n\n\n\n<p>17 a 20\/07 \u2013 Handebol de Areia \u2013 Arena JAN, Matinhos \u2013 08h<\/p>\n\n\n\n<p>17 a 20\/07 \u2013 Bodyboarding \u2013 Praia de Leste, Pontal do Paran\u00e1 \u2013 08h<\/p>\n\n\n\n<p>18 a 20\/07 \u2013 Futev\u00f4lei \u2013 Arena JAN, Matinhos \u2013 08h<\/p>\n\n\n\n<p>18 a 20\/07 \u2013 Capoeira \u2013 Arena Albertina Salmon, Paranagu\u00e1 \u2013 08h<\/p>\n\n\n\n<p>19\/07 \u2013 Cross Games \u2013 Praia Central, Guaratuba \u2013 07h<\/p>\n\n\n\n<p>19 e 20\/07 \u2013 Surf \u2013 Praia do Farol, Ilha do Mel \u2013 08h<\/p>\n\n\n\n<p>19 e 20\/07 \u2013 Pesca de Areia \u2013 Praia de Leste, Pontal do Paran\u00e1 \u2013 07h<\/p>\n\n\n\n<p>19 e 20\/07 \u2013 Ciclismo Mountain Bike \u2013 Pontal do Sul, Pontal do Paran\u00e1 \u2013 07h30<\/p>\n\n\n\n<p>Para mais informa\u00e7\u00f5es sobre poss\u00edveis altera\u00e7\u00f5es na programa\u00e7\u00e3o, acompanhe os canais oficiais da&nbsp;<strong><a href=\"https:\/\/www.esporte.pr.gov.br\/\" target=\"_blank\" rel=\"noreferrer noopener\">Secretaria do Esporte do Paran\u00e1<\/a><\/strong>.<\/p>\n\n\n\n<p>AEN\/PR<\/p>\n","protected":false},"excerpt":{"rendered":"<p>O Litoral do Paran\u00e1 teve um fim de semana repleto de competi\u00e7\u00f5es, oficinas e atra\u00e7\u00f5es esportivas com o in\u00edcio da etapa Festival de Inverno dos Jogos de Aventura e Natureza (JANs), promovido pelo Governo do Estado, por meio da Secretaria do Esporte (SEES).&nbsp; No s\u00e1bado e no domingo (12 e 13), seis munic\u00edpios litor\u00e2neos receberam [&hellip;]<\/p>\n","protected":false},"author":2,"featured_media":70362,"comment_status":"open","ping_status":"open","sticky":false,"template":"","format":"standard","meta":{"advanced_seo_description":"","jetpack_seo_html_title":"","jetpack_seo_noindex":false,"_jetpack_memberships_contains_paid_content":false,"footnotes":""},"categories":[40],"tags":[],"class_list":{"0":"post-70361","1":"post","2":"type-post","3":"status-publish","4":"format-standard","5":"has-post-thumbnail","7":"category-destaques"},"jetpack_featured_media_url":"https:\/\/www.paranapraia.com.br\/wp-content\/uploads\/2025\/07\/img_5539-scaled.jpg","jetpack_sharing_enabled":true,"_links":{"self":[{"href":"https:\/\/www.paranapraia.com.br\/index.php\/wp-json\/wp\/v2\/posts\/70361"}],"collection":[{"href":"https:\/\/www.paranapraia.com.br\/index.php\/wp-json\/wp\/v2\/posts"}],"about":[{"href":"https:\/\/www.paranapraia.com.br\/index.php\/wp-json\/wp\/v2\/types\/post"}],"author":[{"embeddable":true,"href":"https:\/\/www.paranapraia.com.br\/index.php\/wp-json\/wp\/v2\/users\/2"}],"replies":[{"embeddable":true,"href":"https:\/\/www.paranapraia.com.br\/index.php\/wp-json\/wp\/v2\/comments?post=70361"}],"version-history":[{"count":1,"href":"https:\/\/www.paranapraia.com.br\/index.php\/wp-json\/wp\/v2\/posts\/70361\/revisions"}],"predecessor-version":[{"id":70363,"href":"https:\/\/www.paranapraia.com.br\/index.php\/wp-json\/wp\/v2\/posts\/70361\/revisions\/70363"}],"wp:featuredmedia":[{"embeddable":true,"href":"https:\/\/www.paranapraia.com.br\/index.php\/wp-json\/wp\/v2\/media\/70362"}],"wp:attachment":[{"href":"https:\/\/www.paranapraia.com.br\/index.php\/wp-json\/wp\/v2\/media?parent=70361"}],"wp:term":[{"taxonomy":"category","embeddable":true,"href":"https:\/\/www.paranapraia.com.br\/index.php\/wp-json\/wp\/v2\/categories?post=70361"},{"taxonomy":"post_tag","embeddable":true,"href":"https:\/\/www.paranapraia.com.br\/index.php\/wp-json\/wp\/v2\/tags?post=70361"}],"curies":[{"name":"wp","href":"https:\/\/api.w.org\/{rel}","templated":true}]}}