{"id":7036,"date":"2019-04-17T19:56:06","date_gmt":"2019-04-17T22:56:06","guid":{"rendered":"https:\/\/www.paranapraia.com.br\/?p=7036"},"modified":"2019-04-17T19:56:08","modified_gmt":"2019-04-17T22:56:08","slug":"perseguicao-policial-tiroteio-e-morte-no-alto-boqueirao-2","status":"publish","type":"post","link":"https:\/\/www.paranapraia.com.br\/index.php\/2019\/04\/17\/perseguicao-policial-tiroteio-e-morte-no-alto-boqueirao-2\/","title":{"rendered":"Persegui\u00e7\u00e3o policial, tiroteio e morte no Alto Boqueir\u00e3o"},"content":{"rendered":"\n<p>Policiais militares da ROCAM do 20\u00b0 Batalh\u00e3o em patrulhamento pelo bairro Alto Boqueir\u00e3o em Curitiba, avistaram dois homens em uma saveiro branca em atitude suspeita na noite desta ter\u00e7a-feira (16) na Rua Eduardo Pinto da Rocha. Ao tentar realizar a abordagem o condutor da Saveiro empreendeu fuga pelas ruas do bairro avan\u00e7ando preferenciais em alta velocidade. Durante a fuga um dos marginais atirou contra um policial e ainda jogou o carro contra o PM. Houve confronto e a dupla foi baleada.<\/p>\n\n\n\n<p>Socorristas do Siate com apoio da equipe m\u00e9dica prestaram atendimento aos dois baleados. Um dos marginais estava utilizando tornozeleira eletr\u00f4nica. Ele n\u00e3o resistiu aos ferimentos e morreu na ambul\u00e2ncia do Siate. J\u00e1 o outro baleado foi encaminhado ao Hospital do Trabalhador em estsdo grave. Um dos policiais de moto que estava no acompanhamento ficou ferido durante a correria e sofreu uma luxa\u00e7\u00e3o no tornozelo.<\/p>\n\n\n\n<p>O ve\u00edculo que estava com placas falsas havia sido furtado h\u00e1 5 dias. Com a dupla foi encontrado um rev\u00f3lver\u00a0 calibre 38.<\/p>\n\n\n\n<p>Massa News<\/p>\n","protected":false},"excerpt":{"rendered":"<p>Policiais militares da ROCAM do 20\u00b0 Batalh\u00e3o em patrulhamento pelo bairro Alto Boqueir\u00e3o em Curitiba, avistaram dois homens em uma saveiro branca em atitude suspeita na noite desta ter\u00e7a-feira (16) na Rua Eduardo Pinto da Rocha. Ao tentar realizar a abordagem o condutor da Saveiro empreendeu fuga pelas ruas do bairro avan\u00e7ando preferenciais em alta [&hellip;]<\/p>\n","protected":false},"author":2,"featured_media":7037,"comment_status":"open","ping_status":"open","sticky":false,"template":"","format":"standard","meta":{"advanced_seo_description":"","jetpack_seo_html_title":"","jetpack_seo_noindex":false,"_jetpack_memberships_contains_paid_content":false,"footnotes":""},"categories":[33],"tags":[],"class_list":{"0":"post-7036","1":"post","2":"type-post","3":"status-publish","4":"format-standard","5":"has-post-thumbnail","7":"category-policia"},"jetpack_featured_media_url":"https:\/\/www.paranapraia.com.br\/wp-content\/uploads\/2019\/04\/boq.jpg","jetpack_sharing_enabled":true,"_links":{"self":[{"href":"https:\/\/www.paranapraia.com.br\/index.php\/wp-json\/wp\/v2\/posts\/7036"}],"collection":[{"href":"https:\/\/www.paranapraia.com.br\/index.php\/wp-json\/wp\/v2\/posts"}],"about":[{"href":"https:\/\/www.paranapraia.com.br\/index.php\/wp-json\/wp\/v2\/types\/post"}],"author":[{"embeddable":true,"href":"https:\/\/www.paranapraia.com.br\/index.php\/wp-json\/wp\/v2\/users\/2"}],"replies":[{"embeddable":true,"href":"https:\/\/www.paranapraia.com.br\/index.php\/wp-json\/wp\/v2\/comments?post=7036"}],"version-history":[{"count":1,"href":"https:\/\/www.paranapraia.com.br\/index.php\/wp-json\/wp\/v2\/posts\/7036\/revisions"}],"predecessor-version":[{"id":7038,"href":"https:\/\/www.paranapraia.com.br\/index.php\/wp-json\/wp\/v2\/posts\/7036\/revisions\/7038"}],"wp:featuredmedia":[{"embeddable":true,"href":"https:\/\/www.paranapraia.com.br\/index.php\/wp-json\/wp\/v2\/media\/7037"}],"wp:attachment":[{"href":"https:\/\/www.paranapraia.com.br\/index.php\/wp-json\/wp\/v2\/media?parent=7036"}],"wp:term":[{"taxonomy":"category","embeddable":true,"href":"https:\/\/www.paranapraia.com.br\/index.php\/wp-json\/wp\/v2\/categories?post=7036"},{"taxonomy":"post_tag","embeddable":true,"href":"https:\/\/www.paranapraia.com.br\/index.php\/wp-json\/wp\/v2\/tags?post=7036"}],"curies":[{"name":"wp","href":"https:\/\/api.w.org\/{rel}","templated":true}]}}