{"id":70358,"date":"2025-07-14T16:26:41","date_gmt":"2025-07-14T19:26:41","guid":{"rendered":"https:\/\/www.paranapraia.com.br\/?p=70358"},"modified":"2025-07-14T16:26:43","modified_gmt":"2025-07-14T19:26:43","slug":"vila-do-artesanato-e-inaugurada-na-festa-da-tainha-e-movimenta-cultura-e-economia-local-em-paranagua","status":"publish","type":"post","link":"https:\/\/www.paranapraia.com.br\/index.php\/2025\/07\/14\/vila-do-artesanato-e-inaugurada-na-festa-da-tainha-e-movimenta-cultura-e-economia-local-em-paranagua\/","title":{"rendered":"Vila do Artesanato \u00e9 inaugurada na Festa da Tainha e movimenta cultura e economia local em Paranagu\u00e1"},"content":{"rendered":"\n<p>Inaugurada na \u00faltima sexta-feira (11), na Pra\u00e7a Le\u00e3o Chapaval, no entorno do Aqu\u00e1rio Marinho de Paranagu\u00e1, a Vila do Artesanato \u00e9 um dos grandes atrativos da 13\u00aa Festa Nacional da Tainha. Funcionando aos s\u00e1bados e domingos, das 10h \u00e0s 17h, a feira re\u00fane cerca de 16 artes\u00e3os parnanguaras e vem movimentando a economia criativa local com pe\u00e7as artesanais exclusivas<\/p>\n\n\n\n<p>Durante a inaugura\u00e7\u00e3o, o prefeito Adriano Ramos percorreu os estandes e fez quest\u00e3o de conversar com os expositores. \u201cEu fiz quest\u00e3o de cumprimentar cada um. \u00c9 impressionante a capacidade da nossa popula\u00e7\u00e3o. S\u00e3o pessoas talentosas que agora t\u00eam mais visibilidade, tanto para os moradores quanto para os turistas que est\u00e3o chegando de v\u00e1rias regi\u00f5es do Brasil\u201d, disse.<\/p>\n\n\n\n<p>Adriano tamb\u00e9m ressaltou o impacto econ\u00f4mico da a\u00e7\u00e3o. \u201c\u00c9 dinheiro novo entrando na cidade e fortalecendo a nossa economia. Isso \u00e9 desenvolvimento, \u00e9 gera\u00e7\u00e3o de renda e valoriza\u00e7\u00e3o da nossa gente\u201d, afirmou.&nbsp;<\/p>\n\n\n\n<p>A Vila do Artesanato \u00e9 promovida pela Prefeitura de Paranagu\u00e1, por meio da Secretaria Municipal de Cultura e Patrim\u00f4nio Hist\u00f3rico, com o objetivo de fortalecer a identidade cultural da cidade, valorizar talentos locais e gerar renda para a popula\u00e7\u00e3o. \u201cCom a Vila do Artesanato, estamos criando um polo de desenvolvimento da microeconomia para os artes\u00e3os. E o nome j\u00e1 diz tudo: artesanato \u00e9 arte\u201d, afirmou o secret\u00e1rio de Cultura, Ivan Lapolli.<\/p>\n\n\n\n<p>Segundo ele, o espa\u00e7o foi constru\u00eddo de forma colaborativa entre o poder p\u00fablico e os pr\u00f3prios artes\u00e3os. \u201cFoi constru\u00edda por meio de uma proposta coletiva entre os artes\u00e3os e a prefeitura. \u00c9 uma a\u00e7\u00e3o democr\u00e1tica, sem qualquer imposi\u00e7\u00e3o\u201d, destacou.<\/p>\n\n\n\n<p>Para os artes\u00e3os, a oportunidade \u00e9 motivo de orgulho e celebra\u00e7\u00e3o. \u201cEstou achando muito bom participar da Vila do Artesanato, pois os turistas levar\u00e3o um pedacinho de Paranagu\u00e1 para outras regi\u00f5es\u201d, contou Evelyn Thais Cossin. Claudiana Matos da Silva, que participa das festividades pela primeira vez, tamb\u00e9m celebrou a iniciativa. \u201c\u00c9 uma honra poder participar, e a Vila do Artesanato est\u00e1 muito linda. Estou muito feliz\u201d.<\/p>\n\n\n\n<p>A proposta atende a uma diretriz da gest\u00e3o municipal de valorizar todos os segmentos culturais da cidade, especialmente o artesanato, reconhecido por sua import\u00e2ncia econ\u00f4mica, social e patrimonial. Segundo a Secretaria de Cultura, al\u00e9m de gerar renda, o artesanato preserva saberes tradicionais, promove inclus\u00e3o social e contribui para a constru\u00e7\u00e3o de uma identidade regional forte.<\/p>\n\n\n\n<p>A programa\u00e7\u00e3o da Festa Nacional da Tainha segue at\u00e9 o dia 20 de julho. Em seguida, acontecem as festividades de anivers\u00e1rio de Paranagu\u00e1, de 25 a 29 de julho, e, de 1\u00ba a 3 de agosto, o tradicional encontro de motociclistas Paranagu\u00e1 Motos. Durante todo esse per\u00edodo, a Vila do Artesanato continuar\u00e1 funcionando nos finais de semana, como um espa\u00e7o de celebra\u00e7\u00e3o da cultura local e de fortalecimento da economia popular.<\/p>\n\n\n\n<p>Prefeitura de Paranagu\u00e1<\/p>\n","protected":false},"excerpt":{"rendered":"<p>Inaugurada na \u00faltima sexta-feira (11), na Pra\u00e7a Le\u00e3o Chapaval, no entorno do Aqu\u00e1rio Marinho de Paranagu\u00e1, a Vila do Artesanato \u00e9 um dos grandes atrativos da 13\u00aa Festa Nacional da Tainha. Funcionando aos s\u00e1bados e domingos, das 10h \u00e0s 17h, a feira re\u00fane cerca de 16 artes\u00e3os parnanguaras e vem movimentando a economia criativa local [&hellip;]<\/p>\n","protected":false},"author":2,"featured_media":70359,"comment_status":"open","ping_status":"open","sticky":false,"template":"","format":"standard","meta":{"advanced_seo_description":"","jetpack_seo_html_title":"","jetpack_seo_noindex":false,"_jetpack_memberships_contains_paid_content":false,"footnotes":""},"categories":[77],"tags":[],"class_list":{"0":"post-70358","1":"post","2":"type-post","3":"status-publish","4":"format-standard","5":"has-post-thumbnail","7":"category-paranagua"},"jetpack_featured_media_url":"https:\/\/www.paranapraia.com.br\/wp-content\/uploads\/2025\/07\/thumb-17.jpeg","jetpack_sharing_enabled":true,"_links":{"self":[{"href":"https:\/\/www.paranapraia.com.br\/index.php\/wp-json\/wp\/v2\/posts\/70358"}],"collection":[{"href":"https:\/\/www.paranapraia.com.br\/index.php\/wp-json\/wp\/v2\/posts"}],"about":[{"href":"https:\/\/www.paranapraia.com.br\/index.php\/wp-json\/wp\/v2\/types\/post"}],"author":[{"embeddable":true,"href":"https:\/\/www.paranapraia.com.br\/index.php\/wp-json\/wp\/v2\/users\/2"}],"replies":[{"embeddable":true,"href":"https:\/\/www.paranapraia.com.br\/index.php\/wp-json\/wp\/v2\/comments?post=70358"}],"version-history":[{"count":1,"href":"https:\/\/www.paranapraia.com.br\/index.php\/wp-json\/wp\/v2\/posts\/70358\/revisions"}],"predecessor-version":[{"id":70360,"href":"https:\/\/www.paranapraia.com.br\/index.php\/wp-json\/wp\/v2\/posts\/70358\/revisions\/70360"}],"wp:featuredmedia":[{"embeddable":true,"href":"https:\/\/www.paranapraia.com.br\/index.php\/wp-json\/wp\/v2\/media\/70359"}],"wp:attachment":[{"href":"https:\/\/www.paranapraia.com.br\/index.php\/wp-json\/wp\/v2\/media?parent=70358"}],"wp:term":[{"taxonomy":"category","embeddable":true,"href":"https:\/\/www.paranapraia.com.br\/index.php\/wp-json\/wp\/v2\/categories?post=70358"},{"taxonomy":"post_tag","embeddable":true,"href":"https:\/\/www.paranapraia.com.br\/index.php\/wp-json\/wp\/v2\/tags?post=70358"}],"curies":[{"name":"wp","href":"https:\/\/api.w.org\/{rel}","templated":true}]}}