{"id":70342,"date":"2025-07-14T12:24:10","date_gmt":"2025-07-14T15:24:10","guid":{"rendered":"https:\/\/www.paranapraia.com.br\/?p=70342"},"modified":"2025-07-14T12:24:13","modified_gmt":"2025-07-14T15:24:13","slug":"governo-do-estado-e-prefeitura-propoem-adocao-de-predios-historicos-por-empresas-portuarias-em-paranagua","status":"publish","type":"post","link":"https:\/\/www.paranapraia.com.br\/index.php\/2025\/07\/14\/governo-do-estado-e-prefeitura-propoem-adocao-de-predios-historicos-por-empresas-portuarias-em-paranagua\/","title":{"rendered":"Governo do Estado e Prefeitura prop\u00f5em ado\u00e7\u00e3o de pr\u00e9dios hist\u00f3ricos por empresas portu\u00e1rias em Paranagu\u00e1"},"content":{"rendered":"\n<p>O Governo do Estado do Paran\u00e1 e a Prefeitura de Paranagu\u00e1 est\u00e3o articulando uma proposta conjunta que visa a preserva\u00e7\u00e3o do patrim\u00f4nio hist\u00f3rico local por meio da parceria com empresas do setor portu\u00e1rio. A iniciativa foi apresentada na \u00faltima sexta-feira (11) pelo secret\u00e1rio estadual de Desenvolvimento Sustent\u00e1vel, Rafael Greca, durante reuni\u00e3o realizada na Casa Elfrida Lobo, sede da Secretaria Municipal de Cultura e Patrim\u00f4nio Hist\u00f3rico.<\/p>\n\n\n\n<p>A proposta prev\u00ea a \u201cado\u00e7\u00e3o\u201d de im\u00f3veis hist\u00f3ricos por empresas portu\u00e1rias de Paranagu\u00e1, com o compromisso de restaurar e conservar edifica\u00e7\u00f5es emblem\u00e1ticas que comp\u00f5em a identidade cultural da cidade. Al\u00e9m de preservar a mem\u00f3ria urbana, a medida tem como objetivo promover a requalifica\u00e7\u00e3o das margens do rio Itiber\u00ea, valorizar o Centro Hist\u00f3rico e estimular o turismo cultural e o desenvolvimento econ\u00f4mico sustent\u00e1vel.<\/p>\n\n\n\n<p>O prefeito Adriano Ramos refor\u00e7ou o compromisso do munic\u00edpio com a valoriza\u00e7\u00e3o do patrim\u00f4nio e celebrou a proposta como um passo importante para a constru\u00e7\u00e3o de uma cidade mais viva e integrada. \u201cParanagu\u00e1 tem um dos centros hist\u00f3ricos mais ricos do Brasil, e cuidar desse patrim\u00f4nio \u00e9 uma prioridade da nossa gest\u00e3o. Essa proposta apresentada em parceria com o Governo do Estado \u00e9 um passo importante para repensar a ocupa\u00e7\u00e3o do centro, revitalizar espa\u00e7os degradados e devolver cor, vida e dignidade a essas \u00e1reas. Esperamos que, a partir dessa ideia, possamos sensibilizar empresas a se somarem nesse esfor\u00e7o coletivo de preserva\u00e7\u00e3o e valoriza\u00e7\u00e3o da nossa cidade\u201d, afirmou o prefeito.<\/p>\n\n\n\n<p>Entre os im\u00f3veis previstos no projeto est\u00e3o o Palacete Visconde de N\u00e1car, a Casa da Fam\u00edlia Guimar\u00e3es, a Casa Cecy, a Casa Gebran, a Casa do Bras\u00e3o, o Casar\u00e3o da Marechal Deodoro (local de nascimento do Bar\u00e3o de Paranagu\u00e1), o pr\u00e9dio do Instituto Hist\u00f3rico e Geogr\u00e1fico de Paranagu\u00e1 (IHGP), o Teatro Rachel Costa, o antigo pr\u00e9dio do IBAMA e o Casar\u00e3o da Conselheiro Sinimb\u00fa.<\/p>\n\n\n\n<p>\u201cA cidade de Paranagu\u00e1 \u00e9 um ber\u00e7o da hist\u00f3ria paranaense e brasileira. Preservar seus casar\u00f5es e espa\u00e7os simb\u00f3licos \u00e9 um dever de todos. Com essa proposta, queremos envolver o setor produtivo em um pacto de cidadania e mem\u00f3ria, aliando preserva\u00e7\u00e3o ao progresso\u201d, destacou Rafael Greca.<\/p>\n\n\n\n<p>Segundo ele, a iniciativa representa uma a\u00e7\u00e3o estrat\u00e9gica de coopera\u00e7\u00e3o entre o poder p\u00fablico e a iniciativa privada, fortalecendo a pol\u00edtica de valoriza\u00e7\u00e3o do patrim\u00f4nio cultural e promovendo um novo ciclo de investimentos na \u00e1rea central da cidade. Al\u00e9m disso, a proposta tamb\u00e9m busca ampliar a sensa\u00e7\u00e3o de pertencimento e garantir que as futuras gera\u00e7\u00f5es possam usufruir de um espa\u00e7o urbano preservado, acess\u00edvel e atrativo.<\/p>\n\n\n\n<p>Al\u00e9m do secret\u00e1rio estadual Rafael Greca, participaram do encontro representantes do Instituto \u00c1gua e Terra (IAT), da Paran\u00e1 Projetos, da Secretaria de Estado da Infraestrutura e Log\u00edstica (SEIL), da empresa p\u00fablica Portos do Paran\u00e1, e o arquiteto Ricardo Amaral. Pelo Munic\u00edpio, al\u00e9m do prefeito Adriano Ramos, estiveram presentes o chefe de gabinete Andr\u00e9 Ferruci e os secret\u00e1rios Ivan Lapoli Filho (Cultura e Patrim\u00f4nio Hist\u00f3rico), V\u00e2nia Foes (Planejamento e Gest\u00e3o), Leo Lacerda (Desenvolvimento Econ\u00f4mico, Habita\u00e7\u00e3o e Regulariza\u00e7\u00e3o Fundi\u00e1ria), Guto Carvalho (Urbanismo), Marcelo Dias (Administra\u00e7\u00e3o Regional da Ilha dos Valadares) e Ozeias Rebello (Obras P\u00fablicas).<\/p>\n\n\n\n<p>Prefeitura de Paranagu\u00e1<\/p>\n","protected":false},"excerpt":{"rendered":"<p>O Governo do Estado do Paran\u00e1 e a Prefeitura de Paranagu\u00e1 est\u00e3o articulando uma proposta conjunta que visa a preserva\u00e7\u00e3o do patrim\u00f4nio hist\u00f3rico local por meio da parceria com empresas do setor portu\u00e1rio. A iniciativa foi apresentada na \u00faltima sexta-feira (11) pelo secret\u00e1rio estadual de Desenvolvimento Sustent\u00e1vel, Rafael Greca, durante reuni\u00e3o realizada na Casa Elfrida [&hellip;]<\/p>\n","protected":false},"author":2,"featured_media":70343,"comment_status":"open","ping_status":"open","sticky":false,"template":"","format":"standard","meta":{"advanced_seo_description":"","jetpack_seo_html_title":"","jetpack_seo_noindex":false,"_jetpack_memberships_contains_paid_content":false,"footnotes":""},"categories":[77],"tags":[],"class_list":{"0":"post-70342","1":"post","2":"type-post","3":"status-publish","4":"format-standard","5":"has-post-thumbnail","7":"category-paranagua"},"jetpack_featured_media_url":"https:\/\/www.paranapraia.com.br\/wp-content\/uploads\/2025\/07\/17007.jpg","jetpack_sharing_enabled":true,"_links":{"self":[{"href":"https:\/\/www.paranapraia.com.br\/index.php\/wp-json\/wp\/v2\/posts\/70342"}],"collection":[{"href":"https:\/\/www.paranapraia.com.br\/index.php\/wp-json\/wp\/v2\/posts"}],"about":[{"href":"https:\/\/www.paranapraia.com.br\/index.php\/wp-json\/wp\/v2\/types\/post"}],"author":[{"embeddable":true,"href":"https:\/\/www.paranapraia.com.br\/index.php\/wp-json\/wp\/v2\/users\/2"}],"replies":[{"embeddable":true,"href":"https:\/\/www.paranapraia.com.br\/index.php\/wp-json\/wp\/v2\/comments?post=70342"}],"version-history":[{"count":1,"href":"https:\/\/www.paranapraia.com.br\/index.php\/wp-json\/wp\/v2\/posts\/70342\/revisions"}],"predecessor-version":[{"id":70344,"href":"https:\/\/www.paranapraia.com.br\/index.php\/wp-json\/wp\/v2\/posts\/70342\/revisions\/70344"}],"wp:featuredmedia":[{"embeddable":true,"href":"https:\/\/www.paranapraia.com.br\/index.php\/wp-json\/wp\/v2\/media\/70343"}],"wp:attachment":[{"href":"https:\/\/www.paranapraia.com.br\/index.php\/wp-json\/wp\/v2\/media?parent=70342"}],"wp:term":[{"taxonomy":"category","embeddable":true,"href":"https:\/\/www.paranapraia.com.br\/index.php\/wp-json\/wp\/v2\/categories?post=70342"},{"taxonomy":"post_tag","embeddable":true,"href":"https:\/\/www.paranapraia.com.br\/index.php\/wp-json\/wp\/v2\/tags?post=70342"}],"curies":[{"name":"wp","href":"https:\/\/api.w.org\/{rel}","templated":true}]}}