{"id":70336,"date":"2025-07-14T12:19:21","date_gmt":"2025-07-14T15:19:21","guid":{"rendered":"https:\/\/www.paranapraia.com.br\/?p=70336"},"modified":"2025-07-14T12:19:24","modified_gmt":"2025-07-14T15:19:24","slug":"operacao-da-pmpr-pcpr-e-pf-apreende-carga-de-maconha-avaliada-em-r-51-milhoes","status":"publish","type":"post","link":"https:\/\/www.paranapraia.com.br\/index.php\/2025\/07\/14\/operacao-da-pmpr-pcpr-e-pf-apreende-carga-de-maconha-avaliada-em-r-51-milhoes\/","title":{"rendered":"Opera\u00e7\u00e3o da PMPR, PCPR e PF apreende carga de maconha avaliada em R$ 5,1 milh\u00f5es"},"content":{"rendered":"\n<p>Uma opera\u00e7\u00e3o conjunta entre a Pol\u00edcia Militar do Paran\u00e1 (PMPR), Pol\u00edcia Civil do Paran\u00e1 (PCPR) e Pol\u00edcia Federal (PF) apreendeu 2,5 toneladas de maconha no \u00faltimo s\u00e1bado (12), em Santa Helena, no Oeste do Paran\u00e1. A apreens\u00e3o est\u00e1 avaliada em R$ 5,1 milh\u00f5es.<\/p>\n\n\n\n<p>Durante um patrulhamento na zona rural do munic\u00edpio, os policiais realizaram buscas em uma \u00e1rea de mata e encontraram 170 volumes do entorpecente. Buscas foram feitas para localizar envolvidos, mas ningu\u00e9m foi preso.<\/p>\n\n\n\n<p>A interven\u00e7\u00e3o faz parte da Opera\u00e7\u00e3o Protetor de Divisas e Fronteiras e envolveu equipes do Batalh\u00e3o de Pol\u00edcia de Fronteira (BPFRON), do Centro de Opera\u00e7\u00f5es Policiais Especiais (Cope) da Pol\u00edcia Civil e do N\u00facleo Especial de Pol\u00edcia Mar\u00edtima (Nepom) da Pol\u00edcia Federal. Toda a carga foi apreendida e encaminhada para a Delegacia da Pol\u00edcia Federal em Foz do Igua\u00e7u.<\/p>\n\n\n\n<p><strong>OPERA\u00c7\u00c3O PROTETOR&nbsp;<\/strong>\u2013&nbsp;Coordenada pelo Minist\u00e9rio da Justi\u00e7a e Seguran\u00e7a P\u00fablica, a Opera\u00e7\u00e3o Protetor das Divisas e Fronteira est\u00e1 inserida no Programa Nacional de Enfrentamento das Organiza\u00e7\u00f5es Criminosas (ENFOC) e tem o objetivo de desarticular grupos criminosos e reduzir a circula\u00e7\u00e3o de drogas, principalmente em rota de contrabando de mercadorias il\u00edcitas nas regi\u00f5es de fronteiras.<\/p>\n\n\n\n<p>AEN\/PR<\/p>\n","protected":false},"excerpt":{"rendered":"<p>Uma opera\u00e7\u00e3o conjunta entre a Pol\u00edcia Militar do Paran\u00e1 (PMPR), Pol\u00edcia Civil do Paran\u00e1 (PCPR) e Pol\u00edcia Federal (PF) apreendeu 2,5 toneladas de maconha no \u00faltimo s\u00e1bado (12), em Santa Helena, no Oeste do Paran\u00e1. A apreens\u00e3o est\u00e1 avaliada em R$ 5,1 milh\u00f5es. Durante um patrulhamento na zona rural do munic\u00edpio, os policiais realizaram buscas [&hellip;]<\/p>\n","protected":false},"author":2,"featured_media":70337,"comment_status":"open","ping_status":"open","sticky":false,"template":"","format":"standard","meta":{"advanced_seo_description":"","jetpack_seo_html_title":"","jetpack_seo_noindex":false,"_jetpack_memberships_contains_paid_content":false,"footnotes":""},"categories":[33],"tags":[],"class_list":{"0":"post-70336","1":"post","2":"type-post","3":"status-publish","4":"format-standard","5":"has-post-thumbnail","7":"category-policia"},"jetpack_featured_media_url":"https:\/\/www.paranapraia.com.br\/wp-content\/uploads\/2025\/07\/whatsapp_image_2025-07-14_at_10.58.05.jpg","jetpack_sharing_enabled":true,"_links":{"self":[{"href":"https:\/\/www.paranapraia.com.br\/index.php\/wp-json\/wp\/v2\/posts\/70336"}],"collection":[{"href":"https:\/\/www.paranapraia.com.br\/index.php\/wp-json\/wp\/v2\/posts"}],"about":[{"href":"https:\/\/www.paranapraia.com.br\/index.php\/wp-json\/wp\/v2\/types\/post"}],"author":[{"embeddable":true,"href":"https:\/\/www.paranapraia.com.br\/index.php\/wp-json\/wp\/v2\/users\/2"}],"replies":[{"embeddable":true,"href":"https:\/\/www.paranapraia.com.br\/index.php\/wp-json\/wp\/v2\/comments?post=70336"}],"version-history":[{"count":1,"href":"https:\/\/www.paranapraia.com.br\/index.php\/wp-json\/wp\/v2\/posts\/70336\/revisions"}],"predecessor-version":[{"id":70338,"href":"https:\/\/www.paranapraia.com.br\/index.php\/wp-json\/wp\/v2\/posts\/70336\/revisions\/70338"}],"wp:featuredmedia":[{"embeddable":true,"href":"https:\/\/www.paranapraia.com.br\/index.php\/wp-json\/wp\/v2\/media\/70337"}],"wp:attachment":[{"href":"https:\/\/www.paranapraia.com.br\/index.php\/wp-json\/wp\/v2\/media?parent=70336"}],"wp:term":[{"taxonomy":"category","embeddable":true,"href":"https:\/\/www.paranapraia.com.br\/index.php\/wp-json\/wp\/v2\/categories?post=70336"},{"taxonomy":"post_tag","embeddable":true,"href":"https:\/\/www.paranapraia.com.br\/index.php\/wp-json\/wp\/v2\/tags?post=70336"}],"curies":[{"name":"wp","href":"https:\/\/api.w.org\/{rel}","templated":true}]}}