{"id":70093,"date":"2025-07-09T11:51:11","date_gmt":"2025-07-09T14:51:11","guid":{"rendered":"https:\/\/www.paranapraia.com.br\/?p=70093"},"modified":"2025-07-09T11:51:14","modified_gmt":"2025-07-09T14:51:14","slug":"paranagua-avanca-na-revisao-do-plano-diretor-com-foco-no-crescimento-ordenado-e-sustentavel","status":"publish","type":"post","link":"https:\/\/www.paranapraia.com.br\/index.php\/2025\/07\/09\/paranagua-avanca-na-revisao-do-plano-diretor-com-foco-no-crescimento-ordenado-e-sustentavel\/","title":{"rendered":"Paranagu\u00e1 avan\u00e7a na revis\u00e3o do Plano Diretor com foco no crescimento ordenado e sustent\u00e1vel"},"content":{"rendered":"\n<p>Na tarde desta ter\u00e7a-feira (8), foi realizada no audit\u00f3rio da Biblioteca P\u00fablica M\u00e1rio Lobo a apresenta\u00e7\u00e3o do Plano Diretor vigente de Paranagu\u00e1 e as atualiza\u00e7\u00f5es pretendidas. O evento reuniu o prefeito Adriano Ramos, secret\u00e1rios municipais e t\u00e9cnicos da \u00e1rea de planejamento para discutir os rumos do desenvolvimento urbano da cidade.<\/p>\n\n\n\n<p>O Plano Diretor \u00e9 uma lei municipal que estabelece diretrizes para o uso e ocupa\u00e7\u00e3o do solo, gest\u00e3o territorial e melhoria da qualidade de vida da popula\u00e7\u00e3o. Com horizonte de 10 anos, ele \u00e9 obrigat\u00f3rio para munic\u00edpios com mais de 20 mil habitantes e serve como base para o crescimento sustent\u00e1vel das cidades.<\/p>\n\n\n\n<p>Durante a apresenta\u00e7\u00e3o, o prefeito Adriano Ramos destacou a prioridade da gest\u00e3o em revisar e atualizar o documento de forma participativa.<\/p>\n\n\n\n<p>\u201cUma das nossas metas de governo \u00e9 revisar o Plano Diretor em di\u00e1logo com todos os segmentos da sociedade. A Prefeitura deve atuar como facilitadora nesse processo. Hoje estamos aqui com os secret\u00e1rios municipais para entender melhor o plano e como ele pode impulsionar o desenvolvimento de Paranagu\u00e1. Queremos uma cidade com mais oportunidades e atrativa para novos investimentos\u201d, afirmou.<\/p>\n\n\n\n<p>Ramos tamb\u00e9m destacou o crescimento expressivo da regi\u00e3o sul da cidade, considerada estrat\u00e9gica para o desenvolvimento. \u201cParanagu\u00e1 cresce muito para aquela regi\u00e3o, que \u00e9 fundamental. Estamos trabalhando para acelerar esse potencial e destravar o crescimento esperado h\u00e1 anos pela popula\u00e7\u00e3o\u201d.<\/p>\n\n\n\n<p>A secret\u00e1ria municipal de Planejamento e Gest\u00e3o (Semplog), Vania Foes, explicou que o atual plano em vigor \u00e9 de 2022, mas que enfrenta lacunas herdadas do processo anterior de revis\u00e3o, iniciado em 2017 e interrompido por dificuldades operacionais e pela pandemia.<\/p>\n\n\n\n<p>\u201cO plano sofreu atrasos e limita\u00e7\u00f5es, especialmente pela baixa participa\u00e7\u00e3o nas audi\u00eancias p\u00fablicas e oficinas. Por isso, estamos promovendo uma atualiza\u00e7\u00e3o completa, conversando com todos os setores para garantir que ele reflita a realidade da cidade\u201d, detalhou.<\/p>\n\n\n\n<p>Segundo Vania, tr\u00eas grandes eixos norteiam a revis\u00e3o atual: o enfrentamento do d\u00e9ficit habitacional, a cria\u00e7\u00e3o de \u00e1reas para expans\u00e3o econ\u00f4mica e a prote\u00e7\u00e3o ambiental.<\/p>\n\n\n\n<p>\u201cPrecisamos equilibrar o crescimento com a preserva\u00e7\u00e3o. A regi\u00e3o sul \u00e9 a que mais cresce e ainda disp\u00f5e de algum espa\u00e7o. No entanto, \u00e9 uma \u00e1rea sens\u00edvel, com forte presen\u00e7a de Mata Atl\u00e2ntica e manguezais, que t\u00eam sido ocupados de forma irregular. Precisamos de um trabalho conjunto com \u00f3rg\u00e3os ambientais para resolver esses conflitos e garantir moradia sem agredir o meio ambiente\u201d, concluiu.<\/p>\n\n\n\n<p>A reuni\u00e3o foi o primeiro passo de uma s\u00e9rie de encontros e debates que ser\u00e3o realizados com diferentes setores da sociedade civil, com o objetivo de construir um Plano Diretor moderno, inclusivo e sustent\u00e1vel para o futuro de Paranagu\u00e1.<\/p>\n\n\n\n<p>Prefeitura de Paranagu\u00e1<\/p>\n","protected":false},"excerpt":{"rendered":"<p>Na tarde desta ter\u00e7a-feira (8), foi realizada no audit\u00f3rio da Biblioteca P\u00fablica M\u00e1rio Lobo a apresenta\u00e7\u00e3o do Plano Diretor vigente de Paranagu\u00e1 e as atualiza\u00e7\u00f5es pretendidas. O evento reuniu o prefeito Adriano Ramos, secret\u00e1rios municipais e t\u00e9cnicos da \u00e1rea de planejamento para discutir os rumos do desenvolvimento urbano da cidade. O Plano Diretor \u00e9 uma [&hellip;]<\/p>\n","protected":false},"author":2,"featured_media":70094,"comment_status":"open","ping_status":"open","sticky":false,"template":"","format":"standard","meta":{"advanced_seo_description":"","jetpack_seo_html_title":"","jetpack_seo_noindex":false,"_jetpack_memberships_contains_paid_content":false,"footnotes":""},"categories":[77],"tags":[],"class_list":{"0":"post-70093","1":"post","2":"type-post","3":"status-publish","4":"format-standard","5":"has-post-thumbnail","7":"category-paranagua"},"jetpack_featured_media_url":"https:\/\/www.paranapraia.com.br\/wp-content\/uploads\/2025\/07\/thumb-15.jpeg","jetpack_sharing_enabled":true,"_links":{"self":[{"href":"https:\/\/www.paranapraia.com.br\/index.php\/wp-json\/wp\/v2\/posts\/70093"}],"collection":[{"href":"https:\/\/www.paranapraia.com.br\/index.php\/wp-json\/wp\/v2\/posts"}],"about":[{"href":"https:\/\/www.paranapraia.com.br\/index.php\/wp-json\/wp\/v2\/types\/post"}],"author":[{"embeddable":true,"href":"https:\/\/www.paranapraia.com.br\/index.php\/wp-json\/wp\/v2\/users\/2"}],"replies":[{"embeddable":true,"href":"https:\/\/www.paranapraia.com.br\/index.php\/wp-json\/wp\/v2\/comments?post=70093"}],"version-history":[{"count":1,"href":"https:\/\/www.paranapraia.com.br\/index.php\/wp-json\/wp\/v2\/posts\/70093\/revisions"}],"predecessor-version":[{"id":70095,"href":"https:\/\/www.paranapraia.com.br\/index.php\/wp-json\/wp\/v2\/posts\/70093\/revisions\/70095"}],"wp:featuredmedia":[{"embeddable":true,"href":"https:\/\/www.paranapraia.com.br\/index.php\/wp-json\/wp\/v2\/media\/70094"}],"wp:attachment":[{"href":"https:\/\/www.paranapraia.com.br\/index.php\/wp-json\/wp\/v2\/media?parent=70093"}],"wp:term":[{"taxonomy":"category","embeddable":true,"href":"https:\/\/www.paranapraia.com.br\/index.php\/wp-json\/wp\/v2\/categories?post=70093"},{"taxonomy":"post_tag","embeddable":true,"href":"https:\/\/www.paranapraia.com.br\/index.php\/wp-json\/wp\/v2\/tags?post=70093"}],"curies":[{"name":"wp","href":"https:\/\/api.w.org\/{rel}","templated":true}]}}