{"id":70090,"date":"2025-07-09T11:48:15","date_gmt":"2025-07-09T14:48:15","guid":{"rendered":"https:\/\/www.paranapraia.com.br\/?p=70090"},"modified":"2025-07-09T11:48:18","modified_gmt":"2025-07-09T14:48:18","slug":"prefeito-e-empresarios-de-paranagua-se-reunem-com-governo-do-estado-para-discutir-avenida-atilio-fontana","status":"publish","type":"post","link":"https:\/\/www.paranapraia.com.br\/index.php\/2025\/07\/09\/prefeito-e-empresarios-de-paranagua-se-reunem-com-governo-do-estado-para-discutir-avenida-atilio-fontana\/","title":{"rendered":"Prefeito e empres\u00e1rios de Paranagu\u00e1 se re\u00fanem com Governo do Estado para discutir Avenida At\u00edlio Fontana"},"content":{"rendered":"\n<p>Nessa segunda-feira (7), o prefeito de Paranagu\u00e1 Adriano Ramos, representantes municipais e empres\u00e1rios de Paranagu\u00e1 foram recebidos em Curitiba pelo secret\u00e1rio de Estado de Infraestrutura e Log\u00edstica (SEIL), Sandro Alex de Oliveira, e pelo deputado estadual Hussein Bakri. O tema do encontro foi a retomada da obra da Avenida Senador At\u00edlio Fontana.<\/p>\n\n\n\n<p>\u201cCome\u00e7amos as tratativas desse projeto em mar\u00e7o. Hoje, definimos com o secret\u00e1rio e o deputado que Prefeitura e empres\u00e1rios v\u00e3o viabilizar o projeto executivo para, em seguida, lev\u00e1-lo ao governador Ratinho J\u00fanior que, como disse Sandro Alex, tem o maior interesse em realizar essa obra relevante e estrat\u00e9gica para o desenvolvimento da nossa cidade\u201d, considerou Adriano Ramos.<\/p>\n\n\n\n<p>Segundo o prefeito, que foi acompanhado pelo chefe de Gabinete, Andr\u00e9 Ferruci, essa parceria com o Governo do Estado e com Hussein Bakri tem trazido benef\u00edcios para Paranagu\u00e1. \u201cUma obra como essa, que se aproxima de R$ 100 milh\u00f5es, precisa de apoio. Estamos muito seguros e satisfeitos com a reuni\u00e3o e tenho certeza que a At\u00edlio Fontana se tornar\u00e1 realidade e atrair\u00e1 investimento do setor produtivo. Com isso, teremos mais empregos e renda para o nosso povo\u201d, afirmou.<\/p>\n\n\n\n<p>De acordo com Sandro Alex, a Avenida At\u00edlio Fontana \u00e9 uma grande obra para um governo de grandes obras. \u201c\u00c9 muito positiva essa uni\u00e3o da iniciativa privada e setor p\u00fablico em torno do objetivo de realizar esse projeto. A At\u00edlio Fontana \u00e9 importante para o avan\u00e7o da cidade e precisa da interven\u00e7\u00e3o do estado, mesmo sendo municipal tem alcance estadual. Estamos falando de oito quil\u00f4metros, mas com interven\u00e7\u00e3o pesada. Nos pr\u00f3ximos dias falaremos com o governador e tenho certeza que, com a colabora\u00e7\u00e3o de todos, vamos tirar do papel\u201d, salientou.<\/p>\n\n\n\n<p>Para o secret\u00e1rio de Obras P\u00fablicas de Paranagu\u00e1 (Semop), Ozeias Rebello Costa, a reuni\u00e3o foi fundamental para a percep\u00e7\u00e3o de Sandro Alex sobre a relev\u00e2ncia do Governo do Estado para a obra. \u201cO empresariado, a Prefeitura e a comunidade de Paranagu\u00e1 precisam do apoio do governador para concluir essa obra que \u00e9 um dos gargalos log\u00edsticos da cidade. O crescimento do porto tem que ser proporcional ao crescimento da infraestrutura de Paranagu\u00e1\u201d, ponderou.<\/p>\n\n\n\n<p>O secret\u00e1rio de Urbanismo de Paranagu\u00e1 (Semur), Luiz Augusto de Carvalho, destacou a sintonia entre munic\u00edpio e empres\u00e1rios e a confian\u00e7a do estado. \u201cComo resultado da reuni\u00e3o, considerando a fala do secret\u00e1rio Sandro Alex e o apoio do Governo do Estado pelo deputado Hussein Bakri, tivemos a certeza que as obras da At\u00edlio Fontana sair\u00e3o do papel. Estamos todos de parab\u00e9ns!\u201d<\/p>\n\n\n\n<p>Segundo o presidente da Associa\u00e7\u00e3o Comercial, Industrial e Agr\u00edcola de Paranagu\u00e1 (Aciap), Eloir Martins, frentes distintas em prol de um objetivo s\u00e3o fundamentais. \u201cTivemos uma reuni\u00e3o que coroa com pleno \u00eaxito essa integra\u00e7\u00e3o. E a Aciap est\u00e1 fazendo essa ponte para que os recursos cheguem at\u00e9 um projeto que temos a maior urg\u00eancia em transform\u00e1-lo em realidade\u201d, comentou.<\/p>\n\n\n\n<p>Para o empres\u00e1rio da Delta Porto Armazenagem, Leandro Klaus, o alto investimento para a obra requer a participa\u00e7\u00e3o do governo estadual. \u201cTemos um grupo de empres\u00e1rios que, via Aciap, tem se colocado \u00e0 disposi\u00e7\u00e3o para custear o projeto, contemplando tamb\u00e9m a entrada do Ribeir\u00e3o. Precisamos agora apresentar o projeto at\u00e9 outubro para munic\u00edpio e estado e tocar essa obra\u201d, relatou.<\/p>\n\n\n\n<p>O executivo da Multitrans, Roberto da Silva Rosa, ressalta a concilia\u00e7\u00e3o entre Prefeitura, empres\u00e1rios e Governo do Estado. \u201c\u00c9 um momento importante, vejo com muito bons olhos esse alinhamento, especialmente dos empres\u00e1rios em rela\u00e7\u00e3o \u00e0 cidade. Estamos lutando para que melhore, tanto a mobilidade urbana como o desenvolvimento da regi\u00e3o\u201d, exp\u00f4s.&nbsp;<\/p>\n\n\n\n<p><strong>Aeroporto em Paranagu\u00e1<\/strong><\/p>\n\n\n\n<p>A reforma do aeroporto em Paranagu\u00e1 tamb\u00e9m foi pauta no encontro. De acordo com Adriano Ramos, o aeroporto \u00e9 um desejo da gest\u00e3o, tendo em vista que \u00e9 importante para Paranagu\u00e1 e para o Litoral. \u201cO secret\u00e1rio Sandro Alex e o governador Ratinho J\u00fanior sinalizaram que o governo pode trazer esse recurso para a recupera\u00e7\u00e3o da pavimenta\u00e7\u00e3o, sinaliza\u00e7\u00e3o e balizamento do aeroporto. Com isso, vamos tratar do projeto com a nossa secret\u00e1ria V\u00e2nia (Planejamento e Gest\u00e3o) para apresentar ao Governo do Estado\u201d, disse.<\/p>\n\n\n\n<p>Segundo o secret\u00e1rio Sandro Alex, o Governo do Estado deve direcionar recursos para essa reforma. \u201cO aeroporto \u00e9 estrat\u00e9gico para o porto, para toda a regi\u00e3o do Litoral e a cidade de Paranagu\u00e1. Precisa estar em opera\u00e7\u00e3o e a Anac (Ag\u00eancia Nacional de Avia\u00e7\u00e3o Civil) cobra investimento. O Governo do Estado \u00e9 parceiro, Paranagu\u00e1 est\u00e1 em nosso radar e vamos ajudar, inclusive, para que tenha atendimento aerom\u00e9dico\u201d, mencionou.<\/p>\n\n\n\n<p>Prefeitura de Paranagu\u00e1<\/p>\n","protected":false},"excerpt":{"rendered":"<p>Nessa segunda-feira (7), o prefeito de Paranagu\u00e1 Adriano Ramos, representantes municipais e empres\u00e1rios de Paranagu\u00e1 foram recebidos em Curitiba pelo secret\u00e1rio de Estado de Infraestrutura e Log\u00edstica (SEIL), Sandro Alex de Oliveira, e pelo deputado estadual Hussein Bakri. O tema do encontro foi a retomada da obra da Avenida Senador At\u00edlio Fontana. \u201cCome\u00e7amos as tratativas [&hellip;]<\/p>\n","protected":false},"author":2,"featured_media":70091,"comment_status":"open","ping_status":"open","sticky":false,"template":"","format":"standard","meta":{"advanced_seo_description":"","jetpack_seo_html_title":"","jetpack_seo_noindex":false,"_jetpack_memberships_contains_paid_content":false,"footnotes":""},"categories":[77],"tags":[],"class_list":{"0":"post-70090","1":"post","2":"type-post","3":"status-publish","4":"format-standard","5":"has-post-thumbnail","7":"category-paranagua"},"jetpack_featured_media_url":"https:\/\/www.paranapraia.com.br\/wp-content\/uploads\/2025\/07\/16844-scaled.jpg","jetpack_sharing_enabled":true,"_links":{"self":[{"href":"https:\/\/www.paranapraia.com.br\/index.php\/wp-json\/wp\/v2\/posts\/70090"}],"collection":[{"href":"https:\/\/www.paranapraia.com.br\/index.php\/wp-json\/wp\/v2\/posts"}],"about":[{"href":"https:\/\/www.paranapraia.com.br\/index.php\/wp-json\/wp\/v2\/types\/post"}],"author":[{"embeddable":true,"href":"https:\/\/www.paranapraia.com.br\/index.php\/wp-json\/wp\/v2\/users\/2"}],"replies":[{"embeddable":true,"href":"https:\/\/www.paranapraia.com.br\/index.php\/wp-json\/wp\/v2\/comments?post=70090"}],"version-history":[{"count":1,"href":"https:\/\/www.paranapraia.com.br\/index.php\/wp-json\/wp\/v2\/posts\/70090\/revisions"}],"predecessor-version":[{"id":70092,"href":"https:\/\/www.paranapraia.com.br\/index.php\/wp-json\/wp\/v2\/posts\/70090\/revisions\/70092"}],"wp:featuredmedia":[{"embeddable":true,"href":"https:\/\/www.paranapraia.com.br\/index.php\/wp-json\/wp\/v2\/media\/70091"}],"wp:attachment":[{"href":"https:\/\/www.paranapraia.com.br\/index.php\/wp-json\/wp\/v2\/media?parent=70090"}],"wp:term":[{"taxonomy":"category","embeddable":true,"href":"https:\/\/www.paranapraia.com.br\/index.php\/wp-json\/wp\/v2\/categories?post=70090"},{"taxonomy":"post_tag","embeddable":true,"href":"https:\/\/www.paranapraia.com.br\/index.php\/wp-json\/wp\/v2\/tags?post=70090"}],"curies":[{"name":"wp","href":"https:\/\/api.w.org\/{rel}","templated":true}]}}