{"id":6996,"date":"2019-04-17T17:26:08","date_gmt":"2019-04-17T20:26:08","guid":{"rendered":"https:\/\/www.paranapraia.com.br\/?p=6996"},"modified":"2019-04-17T17:26:09","modified_gmt":"2019-04-17T20:26:09","slug":"quatro-meses-depois-homem-atropelado-por-motorista-de-aplicativo-presta-depoimento","status":"publish","type":"post","link":"https:\/\/www.paranapraia.com.br\/index.php\/2019\/04\/17\/quatro-meses-depois-homem-atropelado-por-motorista-de-aplicativo-presta-depoimento\/","title":{"rendered":"Quatro meses depois, homem atropelado por motorista de aplicativo presta depoimento"},"content":{"rendered":"\n<h4 class=\"wp-block-heading\">Jean Ricardo Martins Cavalli foi atropelado perto de casa, em dezembro<\/h4>\n\n\n\n<p> Quatro meses depois, o homem atropelado por um motorista de aplicativo na Rua Ant\u00f4nio Escorsin, no bairro S\u00e3o Braz, prestou depoimento ao 12\u00b0 Distrito Policial de Curitiba. Sem recorda\u00e7\u00f5es do acidente, Jean Ricardo Martins Cavalli apenas relatou que se lembra de chamar o ve\u00edculo pelo aplicativo na festa realizada na sede social do Paran\u00e1 Clube, na Avenida Presidente Kennedy. \u00a0Em entrevista \u00e0 Banda B nesta quarta-feira (17), a delegada Aline Manzatto disse que o depoimento \u00e9 mais um elemento do inqu\u00e9rito e que Rafael Antonicomi da Silva ser\u00e1 indiciado por tentativa de homic\u00eddio na pr\u00f3xima semana. <\/p>\n\n\n\n<p>De acordo com a delegada do 12\u00b0 DP, a v\u00edtima chegou a perder a voz ap\u00f3s o acidente, o que impossibilitou o depoimento antes. \u201cForam v\u00e1rias les\u00f5es provocadas pelo atropelamento e parte do cr\u00e2nio chegou a ser retirada para uma cirurgia. Mais recentemente, ele p\u00f4de voltar para algumas atividades normais, mas ficou com v\u00e1rias sequelas, como no bra\u00e7o direito que est\u00e1 praticamente paralisado. Como perdeu a mem\u00f3ria, o que sabe do acidente foi mostrado depois\u201d, explicou Aline Manzatto.<\/p>\n\n\n\n<blockquote class=\"wp-block-quote is-layout-flow wp-block-quote-is-layout-flow\"><p>Segundo a delegada, essa perda de mem\u00f3ria refor\u00e7a a import\u00e2ncia do depoimento da esposa dele e, principalmente, das imagens captadas por c\u00e2meras de seguran\u00e7a. \u201cAs imagens s\u00e3o muito claras e mostram que o atropelamento foi proposital. Ent\u00e3o, o acusado ser\u00e1 indiciado por tentativa de homic\u00eddio doloso. O inqu\u00e9rito deve ser conclu\u00eddo na semana que vem para a aprecia\u00e7\u00e3o do Minist\u00e9rio P\u00fablico\u201d, concluiu a delegada.<\/p><\/blockquote>\n\n\n\n<p>O inqu\u00e9rito chegou a ser enviado ao Minist\u00e9rio P\u00fablico no in\u00edcio do ano, mas como ainda restavam elementos a serem inclu\u00eddos, o documento foi devolvido ao 12\u00b0 DP.<\/p>\n\n\n\n<h2 class=\"wp-block-heading\"><strong>Defesa<\/strong><\/h2>\n\n\n\n<p>Para o advogado Igor Jos\u00e9 Ogar, que \u00e9 respons\u00e1vel pela defesa no caso, Rafael n\u00e3o teve inten\u00e7\u00e3o de atropelar Jean. \u201cN\u00e3o tenho d\u00favidas que n\u00e3o houve dolo algum do Rafael em oferecer qualquer tipo de risco. Os v\u00eddeos s\u00e3o claros em mostrar que o Rafael entra pela tangente esquerda e quem enfrenta o ve\u00edculo a p\u00e9, dando v\u00e1rios passos em dire\u00e7\u00e3o \u00e0 trajet\u00f3ria, \u00e9 o Jean. No choque, a suposta v\u00edtima chega a virar de costas ou d\u00e1 um pulinho para que o acidente fosse atenuado em um momento em que meu cliente buscava a repara\u00e7\u00e3o dos danos causados ao ve\u00edculo com chutes\u201d, afirmou.<\/p>\n\n\n\n<p>Diante dos fatos, Ogar acredita que Rafael deve responder por uma ocorr\u00eancia de tr\u00e2nsito. \u201cO MP ainda n\u00e3o est\u00e1 convencido para oferecer a den\u00fancia em raz\u00e3o de tentativa de homic\u00eddio e acreditamos que teremos a capitula\u00e7\u00e3o jur\u00eddica de um acidente de tr\u00e2nsito, decorrente de les\u00e3o corporal culposa\u201d, disse.<\/p>\n\n\n\n<h3 class=\"wp-block-heading\"><strong>Atropelamento<\/strong><\/h3>\n\n\n\n<p>O atropelamento aconteceu em 9 de dezembro de 2018. Segundo a irm\u00e3 da v\u00edtima, Karin Martins Cavalli, toda a situa\u00e7\u00e3o teve in\u00edcio durante o trajeto de Jean e da esposa at\u00e9 em casa. \u201cNo carro, o meu irm\u00e3o vomitou no ve\u00edculo, porque estava embriagado. Nisso, o motorista pediu R$ 200 para que ele pagasse a limpeza, mas Jean n\u00e3o concordou, e os dois come\u00e7aram a discutir\u201d, relatou.<\/p>\n\n\n\n<p>BAndaB<\/p>\n\n\n\n<p><\/p>\n\n\n\n<p><br><\/p>\n","protected":false},"excerpt":{"rendered":"<p>Jean Ricardo Martins Cavalli foi atropelado perto de casa, em dezembro Quatro meses depois, o homem atropelado por um motorista de aplicativo na Rua Ant\u00f4nio Escorsin, no bairro S\u00e3o Braz, prestou depoimento ao 12\u00b0 Distrito Policial de Curitiba. Sem recorda\u00e7\u00f5es do acidente, Jean Ricardo Martins Cavalli apenas relatou que se lembra de chamar o ve\u00edculo [&hellip;]<\/p>\n","protected":false},"author":2,"featured_media":6997,"comment_status":"open","ping_status":"open","sticky":false,"template":"","format":"standard","meta":{"advanced_seo_description":"","jetpack_seo_html_title":"","jetpack_seo_noindex":false,"_jetpack_memberships_contains_paid_content":false,"footnotes":""},"categories":[52],"tags":[],"class_list":{"0":"post-6996","1":"post","2":"type-post","3":"status-publish","4":"format-standard","5":"has-post-thumbnail","7":"category-acidentes"},"jetpack_featured_media_url":"https:\/\/www.paranapraia.com.br\/wp-content\/uploads\/2019\/04\/xxx.jpg","jetpack_sharing_enabled":true,"_links":{"self":[{"href":"https:\/\/www.paranapraia.com.br\/index.php\/wp-json\/wp\/v2\/posts\/6996"}],"collection":[{"href":"https:\/\/www.paranapraia.com.br\/index.php\/wp-json\/wp\/v2\/posts"}],"about":[{"href":"https:\/\/www.paranapraia.com.br\/index.php\/wp-json\/wp\/v2\/types\/post"}],"author":[{"embeddable":true,"href":"https:\/\/www.paranapraia.com.br\/index.php\/wp-json\/wp\/v2\/users\/2"}],"replies":[{"embeddable":true,"href":"https:\/\/www.paranapraia.com.br\/index.php\/wp-json\/wp\/v2\/comments?post=6996"}],"version-history":[{"count":1,"href":"https:\/\/www.paranapraia.com.br\/index.php\/wp-json\/wp\/v2\/posts\/6996\/revisions"}],"predecessor-version":[{"id":6998,"href":"https:\/\/www.paranapraia.com.br\/index.php\/wp-json\/wp\/v2\/posts\/6996\/revisions\/6998"}],"wp:featuredmedia":[{"embeddable":true,"href":"https:\/\/www.paranapraia.com.br\/index.php\/wp-json\/wp\/v2\/media\/6997"}],"wp:attachment":[{"href":"https:\/\/www.paranapraia.com.br\/index.php\/wp-json\/wp\/v2\/media?parent=6996"}],"wp:term":[{"taxonomy":"category","embeddable":true,"href":"https:\/\/www.paranapraia.com.br\/index.php\/wp-json\/wp\/v2\/categories?post=6996"},{"taxonomy":"post_tag","embeddable":true,"href":"https:\/\/www.paranapraia.com.br\/index.php\/wp-json\/wp\/v2\/tags?post=6996"}],"curies":[{"name":"wp","href":"https:\/\/api.w.org\/{rel}","templated":true}]}}