{"id":6993,"date":"2019-04-17T17:06:21","date_gmt":"2019-04-17T20:06:21","guid":{"rendered":"https:\/\/www.paranapraia.com.br\/?p=6993"},"modified":"2019-04-17T17:06:25","modified_gmt":"2019-04-17T20:06:25","slug":"mae-que-matou-bebe-de-tres-dias-disse-que-cometeu-crime-para-que-ela-e-o-filho-se-libertassem","status":"publish","type":"post","link":"https:\/\/www.paranapraia.com.br\/index.php\/2019\/04\/17\/mae-que-matou-bebe-de-tres-dias-disse-que-cometeu-crime-para-que-ela-e-o-filho-se-libertassem\/","title":{"rendered":"M\u00e3e que matou beb\u00ea de tr\u00eas dias disse que cometeu crime para que ela e o filho se \u2018libertassem\u2019"},"content":{"rendered":"\n<h4 class=\"wp-block-heading\">O caso foi registrado nesta quarta-feira (17) em Faxinal, no interior do Paran\u00e1<\/h4>\n\n\n\n<p>.A<strong>\u00a0jovem de 18 anos<\/strong>\u00a0que\u00a0<strong>matou o filho rec\u00e9m-nascido\u00a0<\/strong>de apenas tr\u00eas dias com uma faca disse em depoimento que cometeu o crime \u201cpara que ela e o beb\u00ea pudessem se libertar\u201d. A mulher foi presa na manh\u00e3 desta quarta-feira (17) na cidade de Faxinal, no interior do Paran\u00e1, horas ap\u00f3s o assassinato.<\/p>\n\n\n\n<p>Segundo o delegado Ricardo Augusto de Oliveira Mendes, respons\u00e1vel pelo caso, a crian\u00e7a deu entrada no hospital por volta das 4h30 da madrugada, com um ferimento no peito. \u201cA enfermeira de plant\u00e3o acionou a Pol\u00edcia Militar, que foi at\u00e9 a resid\u00eancia da m\u00e3e e a prendeu depois que ela confessou o crime. Na casa, a equipe encontrou uma faca com manchas de sangue, que a suspeita admitiu ter usado\u201d.<\/p>\n\n\n\n<p>A jovem suspeita morava no im\u00f3vel com a m\u00e3e, a av\u00f3 e o irm\u00e3o adolescente. O menor contou aos investigadores que percebeu uma movimenta\u00e7\u00e3o estranha no local durante a madrugada. \u201cEle dormia na sala quando ouviu o beb\u00ea chorando muito. Nisso, a irm\u00e3 levantou e levou o filho para o lado de fora da casa. Ela retornou para dentro e colocou a crian\u00e7a na cama, bem quieta. Ele desconfiou que havia algo errado e, ao desenrolar o rec\u00e9m-nascido do cobertor, percebeu que havia uma mancha de sangue no peito dele\u201d, completou.<\/p>\n\n\n\n<p>O adolescente correu e avisou a m\u00e3e que a irm\u00e3 havia machucado o filho. A fam\u00edlia tentou socorr\u00ea-lo ao hospital, mas ele n\u00e3o resistiu.<\/p>\n\n\n\n<h2 class=\"wp-block-heading\">Depoimento<\/h2>\n\n\n\n<p>Na delegacia, de acordo com Mendes, a jovem ficou nervosa e chorou bastante ao confessar o crime. \u201cEla confirmou a autoria e disse que teria feito isso para que ela e o beb\u00ea pudessem se libertar, mas n\u00e3o deu mais detalhes. O corpo dele apresentava v\u00e1rias manchas, que pareciam hematomas, indicando uma poss\u00edvel agress\u00e3o\u201d.<\/p>\n\n\n\n<p>A princ\u00edpio, a mulher deve responder por homic\u00eddio qualificado, o que pode ser alterado no decorrer das investiga\u00e7\u00f5es. \u201cSe, durante o processo, ficar comprovado que ela tinha uma altera\u00e7\u00e3o psicol\u00f3gica, que cometeu o crime no per\u00edodo de puerp\u00e9rio, a\u00ed sim n\u00f3s mudaremos a classifica\u00e7\u00e3o do crime para infantic\u00eddio\u201d, afirmou o delegado.<\/p>\n\n\n\n<p>A principal diferen\u00e7a est\u00e1 na pena: enquanto uma mulher condenada por infantic\u00eddio pode pegar de dois a seis anos de pris\u00e3o, no homic\u00eddio qualificado esses n\u00fameros v\u00e3o de 12 a 30 anos. \u201cEu j\u00e1 ouvi algumas pessoas sobre esse caso. Entre elas, uma psic\u00f3loga que atendeu a m\u00e3e da crian\u00e7a dias antes do parto. Ela me relatou que a jovem lhe disse que queria colocar o beb\u00ea para a ado\u00e7\u00e3o. Agora n\u00f3s vamos angariar mais elementos para ver como era a vida dessa menina. Familiares informaram que ela era m\u00e3e solteira e que teve uma gesta\u00e7\u00e3o normal\u201d, comentou.<\/p>\n\n\n\n<p>A Pol\u00edcia Civil deve continuar a investigar o caso para a conclus\u00e3o do inqu\u00e9rito.<\/p>\n\n\n\n<h3 class=\"wp-block-heading\">Infantic\u00eddio ou homic\u00eddio?<\/h3>\n\n\n\n<p>Para o advogado criminalista Ygor Salmen, o caso registrado em Faxinal deve causar grande discuss\u00e3o na esfera judicial. Segundo ele, a defesa pode alegar o infantic\u00eddio, crime que acontece durante o chamado estado puerperal, que \u00e9 o per\u00edodo que vai do deslocamento e expuls\u00e3o da placenta \u00e0 volta do organismo materno \u00e0s condi\u00e7\u00f5es anteriores \u00e0 gravidez.<\/p>\n\n\n\n<p>\u201cEste \u00e9 um per\u00edodo conturbado, em que h\u00e1 altera\u00e7\u00f5es fisiol\u00f3gicas e ps\u00edquicas na m\u00e3e, o que significaria que ela n\u00e3o teria responsabilidade sob os seus atos. Para confirmar isso, no entanto, a Justi\u00e7a exige a produ\u00e7\u00e3o de um laudo, que tem que provar que a mulher estava realmente abalada no momento do crime, o que eu acho pouco prov\u00e1vel neste caso devido ao lapso temporal. Na maioria das vezes, o infantic\u00eddio acontece quando a crian\u00e7a acabou de nascer e n\u00e3o dias depois\u201d, explicou Salmen.<\/p>\n\n\n\n<p>Al\u00e9m disso, o diagn\u00f3stico leva em considera\u00e7\u00e3o todo o hist\u00f3rico da gestante. \u201cN\u00f3s temos profissionais gabaritados para realizar esse trabalho. O infantic\u00eddio n\u00e3o \u00e9 um quadro que acontece \u2018do nada\u2019, mas vem de uma s\u00e9rie de ind\u00edcios ao longo do tempo, que requerem tratamento\u201d, finalizou.<\/p>\n\n\n\n<p>BandaB<\/p>\n","protected":false},"excerpt":{"rendered":"<p>O caso foi registrado nesta quarta-feira (17) em Faxinal, no interior do Paran\u00e1 .A\u00a0jovem de 18 anos\u00a0que\u00a0matou o filho rec\u00e9m-nascido\u00a0de apenas tr\u00eas dias com uma faca disse em depoimento que cometeu o crime \u201cpara que ela e o beb\u00ea pudessem se libertar\u201d. A mulher foi presa na manh\u00e3 desta quarta-feira (17) na cidade de Faxinal, [&hellip;]<\/p>\n","protected":false},"author":2,"featured_media":6994,"comment_status":"open","ping_status":"open","sticky":false,"template":"","format":"standard","meta":{"advanced_seo_description":"","jetpack_seo_html_title":"","jetpack_seo_noindex":false,"_jetpack_memberships_contains_paid_content":false,"footnotes":""},"categories":[33],"tags":[],"class_list":{"0":"post-6993","1":"post","2":"type-post","3":"status-publish","4":"format-standard","5":"has-post-thumbnail","7":"category-policia"},"jetpack_featured_media_url":"https:\/\/www.paranapraia.com.br\/wp-content\/uploads\/2019\/04\/recem-nascido-768x512.jpg","jetpack_sharing_enabled":true,"_links":{"self":[{"href":"https:\/\/www.paranapraia.com.br\/index.php\/wp-json\/wp\/v2\/posts\/6993"}],"collection":[{"href":"https:\/\/www.paranapraia.com.br\/index.php\/wp-json\/wp\/v2\/posts"}],"about":[{"href":"https:\/\/www.paranapraia.com.br\/index.php\/wp-json\/wp\/v2\/types\/post"}],"author":[{"embeddable":true,"href":"https:\/\/www.paranapraia.com.br\/index.php\/wp-json\/wp\/v2\/users\/2"}],"replies":[{"embeddable":true,"href":"https:\/\/www.paranapraia.com.br\/index.php\/wp-json\/wp\/v2\/comments?post=6993"}],"version-history":[{"count":1,"href":"https:\/\/www.paranapraia.com.br\/index.php\/wp-json\/wp\/v2\/posts\/6993\/revisions"}],"predecessor-version":[{"id":6995,"href":"https:\/\/www.paranapraia.com.br\/index.php\/wp-json\/wp\/v2\/posts\/6993\/revisions\/6995"}],"wp:featuredmedia":[{"embeddable":true,"href":"https:\/\/www.paranapraia.com.br\/index.php\/wp-json\/wp\/v2\/media\/6994"}],"wp:attachment":[{"href":"https:\/\/www.paranapraia.com.br\/index.php\/wp-json\/wp\/v2\/media?parent=6993"}],"wp:term":[{"taxonomy":"category","embeddable":true,"href":"https:\/\/www.paranapraia.com.br\/index.php\/wp-json\/wp\/v2\/categories?post=6993"},{"taxonomy":"post_tag","embeddable":true,"href":"https:\/\/www.paranapraia.com.br\/index.php\/wp-json\/wp\/v2\/tags?post=6993"}],"curies":[{"name":"wp","href":"https:\/\/api.w.org\/{rel}","templated":true}]}}