{"id":69928,"date":"2025-07-05T15:52:09","date_gmt":"2025-07-05T18:52:09","guid":{"rendered":"https:\/\/www.paranapraia.com.br\/?p=69928"},"modified":"2025-07-05T15:52:11","modified_gmt":"2025-07-05T18:52:11","slug":"prefeitura-abre-credenciamento-para-o-uso-de-espacos-publicos-durante-o-paranagua-motos","status":"publish","type":"post","link":"https:\/\/www.paranapraia.com.br\/index.php\/2025\/07\/05\/prefeitura-abre-credenciamento-para-o-uso-de-espacos-publicos-durante-o-paranagua-motos\/","title":{"rendered":"Prefeitura abre credenciamento para o uso de espa\u00e7os p\u00fablicos durante o Paranagu\u00e1 Motos"},"content":{"rendered":"\n<p>A Prefeitura de Paranagu\u00e1, por meio da Secretaria Municipal de Turismo (Setur) , publicou o Edital de Chamada P\u00fablica n\u00ba 010\/2025, para credenciamento de interessados na explora\u00e7\u00e3o de atividades comerciais durante o evento Paranagu\u00e1 Motos 2025, que acontecer\u00e1 nos dias 01, 02 e 03 de agosto, na Pra\u00e7a de Eventos \u2013 Centro Hist\u00f3rico.<\/p>\n\n\n\n<p>Quem atua nos ramos de gastronomia, bebidas, souvenirs, artigos tem\u00e1ticos e outros servi\u00e7os voltados ao p\u00fablico visitante deve acessar o edital para mais informa\u00e7\u00f5es:<\/p>\n\n\n\n<p>Acesse o edital completo aqui:<br><a href=\"https:\/\/www.paranagua.pr.gov.br\/Prefeitura%20abre%20credenciamento%20para%20o%20uso%20de%20espa%C3%A7os%20p%C3%BAblicos%20durante%20o%20Paranagu%C3%A1%20Motos%20%20Prazo%20para%20apresentar%20documenta%C3%A7%C3%A3o%20vai%20at%C3%A9%2018%20de%20julho.%20Empres%C3%A1rios%20que%20atuam%20no%20apoio%20ao%20turismo%20devem%20comparecer%20%C3%A0%20Prefeitura%20%20%20A%20Prefeitura%20de%20Paranagu%C3%A1,%20por%20meio%20da%20secretaria%20de%20turismo,%20publicou%20o%20Edital%20de%20Chamada%20P%C3%BAblica%20n%C2%BA%20010\/2025,%20para%20credenciamento%20de%20interessados%20na%20explora%C3%A7%C3%A3o%20de%20atividades%20comerciais%20durante%20o%20evento%20Paranagu%C3%A1%20Motos%202025,%20que%20acontecer%C3%A1%20nos%20dias%2001,%2002%20e%2003%20de%20agosto,%20na%20Pra%C3%A7a%20de%20Eventos%20%E2%80%93%20Centro%20Hist%C3%B3rico.%20Quem%20atua%20nos%20ramos%20de%20gastronomia,%20bebidas,%20souvenirs,%20artigos%20tem%C3%A1ticos%20e%20outros%20servi%C3%A7os%20voltados%20ao%20p%C3%BAblico%20visitante%20deve%20acessar%20o%20edital%20para%20mais%20informa%C3%A7%C3%B5es:%20%20AQUI%20INSERIR%20LINK%20EDITAL%20????%20Acesse%20o%20edital%20completo%20aqui:%20%20https:\/www.paranagua.pr.gov.br\/lic.php?licitacao_id=925%20%20Local%20para%20entrega%20da%20documenta%C3%A7%C3%A3o%20at%C3%A9%2018%20de%20julho:%20Rua%20J%C3%BAlia%20da%20Costa,%20322%20%E2%80%93%20Pal%C3%A1cio%20S%C3%A3o%20Jos%C3%A9.%20Sede%20Administrativa%20da%20Prefeitura%20de%20Paranagu%C3%A1.%20Informa%C3%A7%C3%B5es:%20(41)%203420-6003%20|%203422-6290%20E-mail:%20cpl@paranagua.pr.gov.br\">https:\/\/www.paranagua.pr.gov.br\/lic.php?licitacao_id=925<\/a><\/p>\n\n\n\n<p>Local para entrega da documenta\u00e7\u00e3o at\u00e9 18 de julho: Rua J\u00falia da Costa, 322 \u2013 Pal\u00e1cio S\u00e3o Jos\u00e9. Sede Administrativa da Prefeitura de Paranagu\u00e1.<br>Informa\u00e7\u00f5es: (41) 3420-6003 | 3422-6290 E-mail: cpl@paranagua.pr.gov.br<\/p>\n\n\n\n<p>Foto: Wilson Leandro  Prefeitura de Paranagu\u00e1 <\/p>\n","protected":false},"excerpt":{"rendered":"<p>A Prefeitura de Paranagu\u00e1, por meio da Secretaria Municipal de Turismo (Setur) , publicou o Edital de Chamada P\u00fablica n\u00ba 010\/2025, para credenciamento de interessados na explora\u00e7\u00e3o de atividades comerciais durante o evento Paranagu\u00e1 Motos 2025, que acontecer\u00e1 nos dias 01, 02 e 03 de agosto, na Pra\u00e7a de Eventos \u2013 Centro Hist\u00f3rico. Quem atua [&hellip;]<\/p>\n","protected":false},"author":2,"featured_media":69929,"comment_status":"open","ping_status":"open","sticky":false,"template":"","format":"standard","meta":{"advanced_seo_description":"","jetpack_seo_html_title":"","jetpack_seo_noindex":false,"_jetpack_memberships_contains_paid_content":false,"footnotes":""},"categories":[77],"tags":[],"class_list":{"0":"post-69928","1":"post","2":"type-post","3":"status-publish","4":"format-standard","5":"has-post-thumbnail","7":"category-paranagua"},"jetpack_featured_media_url":"https:\/\/www.paranapraia.com.br\/wp-content\/uploads\/2025\/07\/16815.jpg","jetpack_sharing_enabled":true,"_links":{"self":[{"href":"https:\/\/www.paranapraia.com.br\/index.php\/wp-json\/wp\/v2\/posts\/69928"}],"collection":[{"href":"https:\/\/www.paranapraia.com.br\/index.php\/wp-json\/wp\/v2\/posts"}],"about":[{"href":"https:\/\/www.paranapraia.com.br\/index.php\/wp-json\/wp\/v2\/types\/post"}],"author":[{"embeddable":true,"href":"https:\/\/www.paranapraia.com.br\/index.php\/wp-json\/wp\/v2\/users\/2"}],"replies":[{"embeddable":true,"href":"https:\/\/www.paranapraia.com.br\/index.php\/wp-json\/wp\/v2\/comments?post=69928"}],"version-history":[{"count":1,"href":"https:\/\/www.paranapraia.com.br\/index.php\/wp-json\/wp\/v2\/posts\/69928\/revisions"}],"predecessor-version":[{"id":69930,"href":"https:\/\/www.paranapraia.com.br\/index.php\/wp-json\/wp\/v2\/posts\/69928\/revisions\/69930"}],"wp:featuredmedia":[{"embeddable":true,"href":"https:\/\/www.paranapraia.com.br\/index.php\/wp-json\/wp\/v2\/media\/69929"}],"wp:attachment":[{"href":"https:\/\/www.paranapraia.com.br\/index.php\/wp-json\/wp\/v2\/media?parent=69928"}],"wp:term":[{"taxonomy":"category","embeddable":true,"href":"https:\/\/www.paranapraia.com.br\/index.php\/wp-json\/wp\/v2\/categories?post=69928"},{"taxonomy":"post_tag","embeddable":true,"href":"https:\/\/www.paranapraia.com.br\/index.php\/wp-json\/wp\/v2\/tags?post=69928"}],"curies":[{"name":"wp","href":"https:\/\/api.w.org\/{rel}","templated":true}]}}