{"id":69924,"date":"2025-07-05T11:24:05","date_gmt":"2025-07-05T14:24:05","guid":{"rendered":"https:\/\/www.paranapraia.com.br\/?p=69924"},"modified":"2025-07-05T11:24:08","modified_gmt":"2025-07-05T14:24:08","slug":"equipe-da-pmpr-salva-bebe-que-estava-sem-respirar","status":"publish","type":"post","link":"https:\/\/www.paranapraia.com.br\/index.php\/2025\/07\/05\/equipe-da-pmpr-salva-bebe-que-estava-sem-respirar\/","title":{"rendered":"Equipe da PMPR salva beb\u00ea que estava sem respirar"},"content":{"rendered":"\n<p>Uma equipe da Pol\u00edcia Militar do Paran\u00e1 (PMPR) salvou uma crian\u00e7a que estava se engasgando na tarde de quinta-feira (3), em Sarandi, Noroeste do Paran\u00e1.&nbsp;O que come\u00e7ou como um chamado de emerg\u00eancia terminou com o salvamento de um beb\u00ea de cinco meses, que j\u00e1 estava sem respirar.<\/p>\n\n\n\n<p>A equipe foi acionada para o endere\u00e7o e, ao chegar, deparou-se com a crian\u00e7a nos bra\u00e7os da fam\u00edlia, desacordada. Percebendo que a situa\u00e7\u00e3o era grave, os policiais assumiram a frente do socorro.<\/p>\n\n\n\n<p>Um dos militares iniciou a manobra de Heimlich, t\u00e9cnica espec\u00edfica para desobstruir as vias a\u00e9reas.&nbsp;<\/p>\n\n\n\n<p>A a\u00e7\u00e3o r\u00e1pida e a t\u00e9cnica foram fundamentais para o salvamento da crian\u00e7a. O beb\u00ea conseguiu expelir o objeto e voltou a respirar. Para garantir a seguran\u00e7a da crian\u00e7a, a equipe policial a encaminhou imediatamente para uma unidade de sa\u00fade, onde ela recebeu atendimento m\u00e9dico e foi constatado que estava fora de perigo e sem sequelas.<\/p>\n\n\n\n<figure class=\"wp-block-video\"><video controls src=\"https:\/\/www.paranapraia.com.br\/wp-content\/uploads\/2025\/07\/AUDIO-MAE.mp4\"><\/video><figcaption class=\"wp-element-caption\">Grava\u00e7\u00e3o do chamado pelo 190<\/figcaption><\/figure>\n\n\n\n<p>AEN\/PR<\/p>\n","protected":false},"excerpt":{"rendered":"<p>Uma equipe da Pol\u00edcia Militar do Paran\u00e1 (PMPR) salvou uma crian\u00e7a que estava se engasgando na tarde de quinta-feira (3), em Sarandi, Noroeste do Paran\u00e1.&nbsp;O que come\u00e7ou como um chamado de emerg\u00eancia terminou com o salvamento de um beb\u00ea de cinco meses, que j\u00e1 estava sem respirar. A equipe foi acionada para o endere\u00e7o e, [&hellip;]<\/p>\n","protected":false},"author":2,"featured_media":69926,"comment_status":"open","ping_status":"open","sticky":false,"template":"","format":"standard","meta":{"advanced_seo_description":"","jetpack_seo_html_title":"","jetpack_seo_noindex":false,"_jetpack_memberships_contains_paid_content":false,"footnotes":""},"categories":[33],"tags":[],"class_list":{"0":"post-69924","1":"post","2":"type-post","3":"status-publish","4":"format-standard","5":"has-post-thumbnail","7":"category-policia"},"jetpack_featured_media_url":"https:\/\/www.paranapraia.com.br\/wp-content\/uploads\/2025\/07\/whatsapp_image_2025-07-04_at_17.36.34.jpg","jetpack_sharing_enabled":true,"_links":{"self":[{"href":"https:\/\/www.paranapraia.com.br\/index.php\/wp-json\/wp\/v2\/posts\/69924"}],"collection":[{"href":"https:\/\/www.paranapraia.com.br\/index.php\/wp-json\/wp\/v2\/posts"}],"about":[{"href":"https:\/\/www.paranapraia.com.br\/index.php\/wp-json\/wp\/v2\/types\/post"}],"author":[{"embeddable":true,"href":"https:\/\/www.paranapraia.com.br\/index.php\/wp-json\/wp\/v2\/users\/2"}],"replies":[{"embeddable":true,"href":"https:\/\/www.paranapraia.com.br\/index.php\/wp-json\/wp\/v2\/comments?post=69924"}],"version-history":[{"count":1,"href":"https:\/\/www.paranapraia.com.br\/index.php\/wp-json\/wp\/v2\/posts\/69924\/revisions"}],"predecessor-version":[{"id":69927,"href":"https:\/\/www.paranapraia.com.br\/index.php\/wp-json\/wp\/v2\/posts\/69924\/revisions\/69927"}],"wp:featuredmedia":[{"embeddable":true,"href":"https:\/\/www.paranapraia.com.br\/index.php\/wp-json\/wp\/v2\/media\/69926"}],"wp:attachment":[{"href":"https:\/\/www.paranapraia.com.br\/index.php\/wp-json\/wp\/v2\/media?parent=69924"}],"wp:term":[{"taxonomy":"category","embeddable":true,"href":"https:\/\/www.paranapraia.com.br\/index.php\/wp-json\/wp\/v2\/categories?post=69924"},{"taxonomy":"post_tag","embeddable":true,"href":"https:\/\/www.paranapraia.com.br\/index.php\/wp-json\/wp\/v2\/tags?post=69924"}],"curies":[{"name":"wp","href":"https:\/\/api.w.org\/{rel}","templated":true}]}}