{"id":69906,"date":"2025-07-05T10:54:59","date_gmt":"2025-07-05T13:54:59","guid":{"rendered":"https:\/\/www.paranapraia.com.br\/?p=69906"},"modified":"2025-07-05T10:55:01","modified_gmt":"2025-07-05T13:55:01","slug":"predio-da-antiga-alfandega-de-paranagua-recebe-visita-tecnica-da-escola-de-formacao-de-turismo","status":"publish","type":"post","link":"https:\/\/www.paranapraia.com.br\/index.php\/2025\/07\/05\/predio-da-antiga-alfandega-de-paranagua-recebe-visita-tecnica-da-escola-de-formacao-de-turismo\/","title":{"rendered":"Pr\u00e9dio da antiga Alf\u00e2ndega de Paranagu\u00e1 recebe visita t\u00e9cnica da Escola de Forma\u00e7\u00e3o de Turismo"},"content":{"rendered":"\n<p>Na \u00faltima quinta-feira (4), a Secretaria Municipal de Turismo de Paranagu\u00e1 (Setur), por meio da Escola de Forma\u00e7\u00e3o de Turismo, promoveu mais uma visita guiada especial, desta vez ao pr\u00e9dio hist\u00f3rico da antiga Alf\u00e2ndega de Paranagu\u00e1, um dos marcos do patrim\u00f4nio cultural da cidade.<\/p>\n\n\n\n<p>A atividade contou com a participa\u00e7\u00e3o de aproximadamente 15 pessoas ligadas ao setor tur\u00edstico e ao trade local. A aula pr\u00e1tica teve como objetivo proporcionar uma imers\u00e3o na hist\u00f3ria e na arquitetura do edif\u00edcio, que j\u00e1 foi pe\u00e7a central no desenvolvimento econ\u00f4mico do litoral paranaense.<\/p>\n\n\n\n<p>Logo na chegada, o grupo foi recepcionado pelo delegado da Receita Federal, Gerson Faucz, e pelo delegado adjunto, Luciano do Carmo Andreoli. Eles compartilharam detalhes sobre a constru\u00e7\u00e3o, import\u00e2ncia econ\u00f4mica e os projetos de revitaliza\u00e7\u00e3o do espa\u00e7o. \u201cGostar\u00edamos muito de ver esse edif\u00edcio t\u00e3o importante restaurado. Em 2027, a Alf\u00e2ndega completa 200 anos e nosso desejo \u00e9 ter algo significativo j\u00e1 em andamento at\u00e9 essa data\u201d, destacou o delegado Gerson.<\/p>\n\n\n\n<p>Entre os visitantes estava Fernando Silva, estudante do curso t\u00e9cnico de Turismo do Senac, que relatou a import\u00e2ncia da experi\u00eancia. \u201cA visita \u00e0 antiga Alf\u00e2ndega foi enriquecedora e inspiradora. Tivemos acesso a informa\u00e7\u00f5es hist\u00f3ricas e arquitet\u00f4nicas detalhadas, guiadas por especialistas. Isso torna o aprendizado muito mais significativo para quem est\u00e1 se formando como guia de turismo\u201d, afirmou Fernando.<\/p>\n\n\n\n<p>Ele ainda destacou que o projeto da Escola de Forma\u00e7\u00e3o de Turismo tem proporcionado visitas a diversos pontos hist\u00f3ricos de Paranagu\u00e1, fortalecendo a conex\u00e3o dos alunos com o patrim\u00f4nio local e contribuindo para a forma\u00e7\u00e3o de profissionais qualificados e conscientes do valor hist\u00f3rico da cidade.<\/p>\n\n\n\n<p>A Alf\u00e2ndega de Paranagu\u00e1 foi criada em 1827 e passou a ter sede pr\u00f3pria em 1911, com a inaugura\u00e7\u00e3o do pr\u00e9dio atual. Pela sua relev\u00e2ncia hist\u00f3rica, a edifica\u00e7\u00e3o foi tombada como patrim\u00f4nio cultural em 8 de novembro de 1999. Dentro do pr\u00e9dio, os visitantes puderam observar documentos originais datados do in\u00edcio do s\u00e9culo XX, al\u00e9m de fotografias, objetos e registros que ajudam a contar a trajet\u00f3ria econ\u00f4mica e social da regi\u00e3o.<\/p>\n\n\n\n<p>Prefeitura de Paranagu\u00e1<\/p>\n","protected":false},"excerpt":{"rendered":"<p>Na \u00faltima quinta-feira (4), a Secretaria Municipal de Turismo de Paranagu\u00e1 (Setur), por meio da Escola de Forma\u00e7\u00e3o de Turismo, promoveu mais uma visita guiada especial, desta vez ao pr\u00e9dio hist\u00f3rico da antiga Alf\u00e2ndega de Paranagu\u00e1, um dos marcos do patrim\u00f4nio cultural da cidade. A atividade contou com a participa\u00e7\u00e3o de aproximadamente 15 pessoas ligadas [&hellip;]<\/p>\n","protected":false},"author":2,"featured_media":69907,"comment_status":"open","ping_status":"open","sticky":false,"template":"","format":"standard","meta":{"advanced_seo_description":"","jetpack_seo_html_title":"","jetpack_seo_noindex":false,"_jetpack_memberships_contains_paid_content":false,"footnotes":""},"categories":[77],"tags":[],"class_list":{"0":"post-69906","1":"post","2":"type-post","3":"status-publish","4":"format-standard","5":"has-post-thumbnail","7":"category-paranagua"},"jetpack_featured_media_url":"https:\/\/www.paranapraia.com.br\/wp-content\/uploads\/2025\/07\/thumb-12.jpeg","jetpack_sharing_enabled":true,"_links":{"self":[{"href":"https:\/\/www.paranapraia.com.br\/index.php\/wp-json\/wp\/v2\/posts\/69906"}],"collection":[{"href":"https:\/\/www.paranapraia.com.br\/index.php\/wp-json\/wp\/v2\/posts"}],"about":[{"href":"https:\/\/www.paranapraia.com.br\/index.php\/wp-json\/wp\/v2\/types\/post"}],"author":[{"embeddable":true,"href":"https:\/\/www.paranapraia.com.br\/index.php\/wp-json\/wp\/v2\/users\/2"}],"replies":[{"embeddable":true,"href":"https:\/\/www.paranapraia.com.br\/index.php\/wp-json\/wp\/v2\/comments?post=69906"}],"version-history":[{"count":1,"href":"https:\/\/www.paranapraia.com.br\/index.php\/wp-json\/wp\/v2\/posts\/69906\/revisions"}],"predecessor-version":[{"id":69908,"href":"https:\/\/www.paranapraia.com.br\/index.php\/wp-json\/wp\/v2\/posts\/69906\/revisions\/69908"}],"wp:featuredmedia":[{"embeddable":true,"href":"https:\/\/www.paranapraia.com.br\/index.php\/wp-json\/wp\/v2\/media\/69907"}],"wp:attachment":[{"href":"https:\/\/www.paranapraia.com.br\/index.php\/wp-json\/wp\/v2\/media?parent=69906"}],"wp:term":[{"taxonomy":"category","embeddable":true,"href":"https:\/\/www.paranapraia.com.br\/index.php\/wp-json\/wp\/v2\/categories?post=69906"},{"taxonomy":"post_tag","embeddable":true,"href":"https:\/\/www.paranapraia.com.br\/index.php\/wp-json\/wp\/v2\/tags?post=69906"}],"curies":[{"name":"wp","href":"https:\/\/api.w.org\/{rel}","templated":true}]}}