{"id":69900,"date":"2025-07-05T10:49:07","date_gmt":"2025-07-05T13:49:07","guid":{"rendered":"https:\/\/www.paranapraia.com.br\/?p=69900"},"modified":"2025-07-05T10:49:09","modified_gmt":"2025-07-05T13:49:09","slug":"proerd-forma-402-alunos-em-guaratuba","status":"publish","type":"post","link":"https:\/\/www.paranapraia.com.br\/index.php\/2025\/07\/05\/proerd-forma-402-alunos-em-guaratuba\/","title":{"rendered":"PROERD forma 402 alunos em Guaratuba"},"content":{"rendered":"\n<p>Nesta sexta-feira (4), 402 alunos do 5\u00ba ano de cinco escolas da rede municipal de Guaratuba participaram da formatura do Programa Educacional de Resist\u00eancia \u00e0s Drogas e \u00e0 Viol\u00eancia (Proerd). A cerim\u00f4nia foi realizada na Igreja Sagrada Fam\u00edlia e contou com a presen\u00e7a de autoridades, familiares, professores e policiais.<\/p>\n\n\n\n<p>O programa \u00e9 uma parceria entre a Prefeitura de Guaratuba, por meio da Secretaria Municipal de Educa\u00e7\u00e3o, e a Pol\u00edcia Militar do Paran\u00e1. O munic\u00edpio fornece materiais did\u00e1ticos, camisetas e estrutura para a formatura, enquanto a PMPR disponibiliza o instrutor, Cabo Fran\u00e7a, respons\u00e1vel por ministrar as 10 li\u00e7\u00f5es do curr\u00edculo.<\/p>\n\n\n\n<p>Receberam o Proerd neste semestre as escolas municipais Juraci Luiza Pereira, Olga Silveira, Heinz Wittitz, Adolpho Vercesi e Sebasti\u00e3o Silveira.<\/p>\n\n\n\n<p>Representando o Batalh\u00e3o de Patrulha Escolar Comunit\u00e1ria (BPEC), estiveram presentes o Subtenente Alexandre Zipperer e o 2\u00ba Sargento Dirlei. A vice-prefeita e secret\u00e1ria de Educa\u00e7\u00e3o, Evani Cordeiro Justus, e o presidente da C\u00e2mara Municipal, Ricardo Borba, tamb\u00e9m participaram da solenidade.<\/p>\n\n\n\n<p>O Proerd ensina crian\u00e7as a tomarem decis\u00f5es seguras e respons\u00e1veis, abordando temas como press\u00e3o de colegas, bullying, controle emocional, comunica\u00e7\u00e3o e os perigos das drogas.<\/p>\n\n\n\n<p>Prefeitura de Guaratuba<\/p>\n","protected":false},"excerpt":{"rendered":"<p>Nesta sexta-feira (4), 402 alunos do 5\u00ba ano de cinco escolas da rede municipal de Guaratuba participaram da formatura do Programa Educacional de Resist\u00eancia \u00e0s Drogas e \u00e0 Viol\u00eancia (Proerd). A cerim\u00f4nia foi realizada na Igreja Sagrada Fam\u00edlia e contou com a presen\u00e7a de autoridades, familiares, professores e policiais. O programa \u00e9 uma parceria entre [&hellip;]<\/p>\n","protected":false},"author":2,"featured_media":69901,"comment_status":"open","ping_status":"open","sticky":false,"template":"","format":"standard","meta":{"advanced_seo_description":"","jetpack_seo_html_title":"","jetpack_seo_noindex":false,"_jetpack_memberships_contains_paid_content":false,"footnotes":""},"categories":[99],"tags":[],"class_list":{"0":"post-69900","1":"post","2":"type-post","3":"status-publish","4":"format-standard","5":"has-post-thumbnail","7":"category-guaratuba"},"jetpack_featured_media_url":"https:\/\/www.paranapraia.com.br\/wp-content\/uploads\/2025\/07\/WhatsApp-Image-2025-07-04-at-15.25.07.jpeg","jetpack_sharing_enabled":true,"_links":{"self":[{"href":"https:\/\/www.paranapraia.com.br\/index.php\/wp-json\/wp\/v2\/posts\/69900"}],"collection":[{"href":"https:\/\/www.paranapraia.com.br\/index.php\/wp-json\/wp\/v2\/posts"}],"about":[{"href":"https:\/\/www.paranapraia.com.br\/index.php\/wp-json\/wp\/v2\/types\/post"}],"author":[{"embeddable":true,"href":"https:\/\/www.paranapraia.com.br\/index.php\/wp-json\/wp\/v2\/users\/2"}],"replies":[{"embeddable":true,"href":"https:\/\/www.paranapraia.com.br\/index.php\/wp-json\/wp\/v2\/comments?post=69900"}],"version-history":[{"count":1,"href":"https:\/\/www.paranapraia.com.br\/index.php\/wp-json\/wp\/v2\/posts\/69900\/revisions"}],"predecessor-version":[{"id":69902,"href":"https:\/\/www.paranapraia.com.br\/index.php\/wp-json\/wp\/v2\/posts\/69900\/revisions\/69902"}],"wp:featuredmedia":[{"embeddable":true,"href":"https:\/\/www.paranapraia.com.br\/index.php\/wp-json\/wp\/v2\/media\/69901"}],"wp:attachment":[{"href":"https:\/\/www.paranapraia.com.br\/index.php\/wp-json\/wp\/v2\/media?parent=69900"}],"wp:term":[{"taxonomy":"category","embeddable":true,"href":"https:\/\/www.paranapraia.com.br\/index.php\/wp-json\/wp\/v2\/categories?post=69900"},{"taxonomy":"post_tag","embeddable":true,"href":"https:\/\/www.paranapraia.com.br\/index.php\/wp-json\/wp\/v2\/tags?post=69900"}],"curies":[{"name":"wp","href":"https:\/\/api.w.org\/{rel}","templated":true}]}}