{"id":69897,"date":"2025-07-05T10:47:12","date_gmt":"2025-07-05T13:47:12","guid":{"rendered":"https:\/\/www.paranapraia.com.br\/?p=69897"},"modified":"2025-07-05T10:47:15","modified_gmt":"2025-07-05T13:47:15","slug":"apresentado-a-populacao-o-projeto-final-de-recuperacao-da-orla-de-guaratuba","status":"publish","type":"post","link":"https:\/\/www.paranapraia.com.br\/index.php\/2025\/07\/05\/apresentado-a-populacao-o-projeto-final-de-recuperacao-da-orla-de-guaratuba\/","title":{"rendered":"Apresentado \u00e0 popula\u00e7\u00e3o o Projeto final de recupera\u00e7\u00e3o da Orla de Guaratuba\u00a0\u00a0"},"content":{"rendered":"\n<p>Na noite de quarta-feira (3), a equipe t\u00e9cnica da Unilivre em parceria com o ITTI\/UFPR apresentou, na C\u00e2mara Municipal, a vers\u00e3o final do Estudo de Impacto Ambiental (EIA-RIMA) do projeto de recupera\u00e7\u00e3o da orla que foi contratado pela Prefeitura de Guaratuba. O prefeito Mauricio Lense junto com secret\u00e1rios municipais acompanharam a reuni\u00e3o.&nbsp;<\/p>\n\n\n\n<p>Entre as principais estruturas previstas est\u00e3o o engordamento das praias com milh\u00f5es de metros c\u00fabicos de areia, constru\u00e7\u00e3o de espig\u00f5es, guias-correntes e headlands. Com 4,7 km de extens\u00e3o, o projeto abrange as regi\u00f5es da Praia Central, Prainha e Caieiras, e tem como objetivo combater a eros\u00e3o costeira, prevenir alagamentos e promover melhorias urban\u00edsticas e culturais. As interven\u00e7\u00f5es incluem obras mar\u00edtimas, drenagem urbana e revitaliza\u00e7\u00e3o de espa\u00e7os p\u00fablicos.<\/p>\n\n\n\n<p>&nbsp;Na Praia Central, por exemplo, ser\u00e3o criadas duas guias-correntes, um headland de 220 metros e novo sistema de drenagem com cerca de dois quil\u00f4metros de tubula\u00e7\u00f5es.<\/p>\n\n\n\n<p>Ap\u00f3s sugest\u00f5es da comunidade durante audi\u00eancia p\u00fablica em maio, o guia-corrente inicialmente previsto ao lado do Morro do Cristo foi deslocado para a altura do Rio Brejatuba, na \u201cPraia das Canoas\u201d, com canal de cerca de 70 metros de largura.&nbsp;<\/p>\n\n\n\n<p>A proposta agora segue para as etapas de licenciamento ambiental e contrata\u00e7\u00e3o das obras, sendo considerada uma das maiores interven\u00e7\u00f5es de reestrutura\u00e7\u00e3o costeira do munic\u00edpio.<\/p>\n\n\n\n<p>Confira o projeto&nbsp;<a href=\"http:\/\/portal.guaratuba.pr.gov.br\/bdimages\/links\/71\/Reunia%CC%83o%20Ca%CC%82mara%2003_07_25_1%20(1).pdf\" target=\"_blank\" rel=\"noreferrer noopener\"><strong>aqui<\/strong><\/a><\/p>\n\n\n\n<p>Prefeitura de Guaratuba<\/p>\n","protected":false},"excerpt":{"rendered":"<p>Na noite de quarta-feira (3), a equipe t\u00e9cnica da Unilivre em parceria com o ITTI\/UFPR apresentou, na C\u00e2mara Municipal, a vers\u00e3o final do Estudo de Impacto Ambiental (EIA-RIMA) do projeto de recupera\u00e7\u00e3o da orla que foi contratado pela Prefeitura de Guaratuba. O prefeito Mauricio Lense junto com secret\u00e1rios municipais acompanharam a reuni\u00e3o.&nbsp; Entre as principais [&hellip;]<\/p>\n","protected":false},"author":2,"featured_media":69898,"comment_status":"open","ping_status":"open","sticky":false,"template":"","format":"standard","meta":{"advanced_seo_description":"","jetpack_seo_html_title":"","jetpack_seo_noindex":false,"_jetpack_memberships_contains_paid_content":false,"footnotes":""},"categories":[99],"tags":[],"class_list":{"0":"post-69897","1":"post","2":"type-post","3":"status-publish","4":"format-standard","5":"has-post-thumbnail","7":"category-guaratuba"},"jetpack_featured_media_url":"https:\/\/www.paranapraia.com.br\/wp-content\/uploads\/2025\/07\/IMG_3575-scaled.jpg","jetpack_sharing_enabled":true,"_links":{"self":[{"href":"https:\/\/www.paranapraia.com.br\/index.php\/wp-json\/wp\/v2\/posts\/69897"}],"collection":[{"href":"https:\/\/www.paranapraia.com.br\/index.php\/wp-json\/wp\/v2\/posts"}],"about":[{"href":"https:\/\/www.paranapraia.com.br\/index.php\/wp-json\/wp\/v2\/types\/post"}],"author":[{"embeddable":true,"href":"https:\/\/www.paranapraia.com.br\/index.php\/wp-json\/wp\/v2\/users\/2"}],"replies":[{"embeddable":true,"href":"https:\/\/www.paranapraia.com.br\/index.php\/wp-json\/wp\/v2\/comments?post=69897"}],"version-history":[{"count":1,"href":"https:\/\/www.paranapraia.com.br\/index.php\/wp-json\/wp\/v2\/posts\/69897\/revisions"}],"predecessor-version":[{"id":69899,"href":"https:\/\/www.paranapraia.com.br\/index.php\/wp-json\/wp\/v2\/posts\/69897\/revisions\/69899"}],"wp:featuredmedia":[{"embeddable":true,"href":"https:\/\/www.paranapraia.com.br\/index.php\/wp-json\/wp\/v2\/media\/69898"}],"wp:attachment":[{"href":"https:\/\/www.paranapraia.com.br\/index.php\/wp-json\/wp\/v2\/media?parent=69897"}],"wp:term":[{"taxonomy":"category","embeddable":true,"href":"https:\/\/www.paranapraia.com.br\/index.php\/wp-json\/wp\/v2\/categories?post=69897"},{"taxonomy":"post_tag","embeddable":true,"href":"https:\/\/www.paranapraia.com.br\/index.php\/wp-json\/wp\/v2\/tags?post=69897"}],"curies":[{"name":"wp","href":"https:\/\/api.w.org\/{rel}","templated":true}]}}