{"id":69894,"date":"2025-07-04T17:26:46","date_gmt":"2025-07-04T20:26:46","guid":{"rendered":"https:\/\/www.paranapraia.com.br\/?p=69894"},"modified":"2025-07-04T17:26:50","modified_gmt":"2025-07-04T20:26:50","slug":"inscricoes-para-curso-de-libras-da-secretaria-de-inclusao-comecam-na-proxima-segunda-feira-7-em-paranagua","status":"publish","type":"post","link":"https:\/\/www.paranapraia.com.br\/index.php\/2025\/07\/04\/inscricoes-para-curso-de-libras-da-secretaria-de-inclusao-comecam-na-proxima-segunda-feira-7-em-paranagua\/","title":{"rendered":"Inscri\u00e7\u00f5es para Curso de Libras da Secretaria de Inclus\u00e3o come\u00e7am na pr\u00f3xima segunda-feira (7) em Paranagu\u00e1"},"content":{"rendered":"\n<p>A Prefeitura de Paranagu\u00e1 por meio da Secretaria Municipal de inclus\u00e3o (Semi), informa que na pr\u00f3xima segunda-feira (7), estar\u00e3o abertas as inscri\u00e7\u00f5es para o curso de Libras nos n\u00edveis: Kids, B\u00e1sico e Intermedi\u00e1rio. Al\u00e9m disso, ser\u00e1 composta uma nova turma de ensino b\u00e1sico destinada aos funcion\u00e1rios p\u00fablicos atuantes nas seguintes secretarias municipais: sa\u00fade e seguran\u00e7a.&nbsp;<\/p>\n\n\n\n<p>Ainda segundo a Semi, as aulas ocorrem nas quartas-feiras nas depend\u00eancias da Unespar. Os interessados em participar devem acompanhar as redes sociais da Secretaria Municipal de Inclus\u00e3o. Confira a programa\u00e7\u00e3o:<\/p>\n\n\n\n<p>B\u00e1sico (servidores): das 8h \u00e0s 9h30<br>Intermedi\u00e1rio (p\u00fablico em geral): das 10h \u00e0s 11h30<br>Kids (idades de 7 a 14 anos): das 14h \u00e0s 15h30<br>B\u00e1sico (p\u00fablico em geral): das 16h \u00e0s 17h30<\/p>\n\n\n\n<p>Prefeitura de Paranagu\u00e1 <\/p>\n","protected":false},"excerpt":{"rendered":"<p>A Prefeitura de Paranagu\u00e1 por meio da Secretaria Municipal de inclus\u00e3o (Semi), informa que na pr\u00f3xima segunda-feira (7), estar\u00e3o abertas as inscri\u00e7\u00f5es para o curso de Libras nos n\u00edveis: Kids, B\u00e1sico e Intermedi\u00e1rio. Al\u00e9m disso, ser\u00e1 composta uma nova turma de ensino b\u00e1sico destinada aos funcion\u00e1rios p\u00fablicos atuantes nas seguintes secretarias municipais: sa\u00fade e seguran\u00e7a.&nbsp; [&hellip;]<\/p>\n","protected":false},"author":2,"featured_media":69895,"comment_status":"open","ping_status":"open","sticky":false,"template":"","format":"standard","meta":{"advanced_seo_description":"","jetpack_seo_html_title":"","jetpack_seo_noindex":false,"_jetpack_memberships_contains_paid_content":false,"footnotes":""},"categories":[77],"tags":[],"class_list":{"0":"post-69894","1":"post","2":"type-post","3":"status-publish","4":"format-standard","5":"has-post-thumbnail","7":"category-paranagua"},"jetpack_featured_media_url":"https:\/\/www.paranapraia.com.br\/wp-content\/uploads\/2025\/07\/thumb-9-1.jpeg","jetpack_sharing_enabled":true,"_links":{"self":[{"href":"https:\/\/www.paranapraia.com.br\/index.php\/wp-json\/wp\/v2\/posts\/69894"}],"collection":[{"href":"https:\/\/www.paranapraia.com.br\/index.php\/wp-json\/wp\/v2\/posts"}],"about":[{"href":"https:\/\/www.paranapraia.com.br\/index.php\/wp-json\/wp\/v2\/types\/post"}],"author":[{"embeddable":true,"href":"https:\/\/www.paranapraia.com.br\/index.php\/wp-json\/wp\/v2\/users\/2"}],"replies":[{"embeddable":true,"href":"https:\/\/www.paranapraia.com.br\/index.php\/wp-json\/wp\/v2\/comments?post=69894"}],"version-history":[{"count":1,"href":"https:\/\/www.paranapraia.com.br\/index.php\/wp-json\/wp\/v2\/posts\/69894\/revisions"}],"predecessor-version":[{"id":69896,"href":"https:\/\/www.paranapraia.com.br\/index.php\/wp-json\/wp\/v2\/posts\/69894\/revisions\/69896"}],"wp:featuredmedia":[{"embeddable":true,"href":"https:\/\/www.paranapraia.com.br\/index.php\/wp-json\/wp\/v2\/media\/69895"}],"wp:attachment":[{"href":"https:\/\/www.paranapraia.com.br\/index.php\/wp-json\/wp\/v2\/media?parent=69894"}],"wp:term":[{"taxonomy":"category","embeddable":true,"href":"https:\/\/www.paranapraia.com.br\/index.php\/wp-json\/wp\/v2\/categories?post=69894"},{"taxonomy":"post_tag","embeddable":true,"href":"https:\/\/www.paranapraia.com.br\/index.php\/wp-json\/wp\/v2\/tags?post=69894"}],"curies":[{"name":"wp","href":"https:\/\/api.w.org\/{rel}","templated":true}]}}