{"id":69882,"date":"2025-07-04T12:15:51","date_gmt":"2025-07-04T15:15:51","guid":{"rendered":"https:\/\/www.paranapraia.com.br\/?p=69882"},"modified":"2025-07-04T12:15:53","modified_gmt":"2025-07-04T15:15:53","slug":"dos-jogos-escolares-para-o-mundo-paranaense-e-prata-no-mundial-de-ginastica-ritmica","status":"publish","type":"post","link":"https:\/\/www.paranapraia.com.br\/index.php\/2025\/07\/04\/dos-jogos-escolares-para-o-mundo-paranaense-e-prata-no-mundial-de-ginastica-ritmica\/","title":{"rendered":"Dos Jogos Escolares para o mundo: paranaense \u00e9 prata no Mundial de Gin\u00e1stica R\u00edtmica"},"content":{"rendered":"\n<p>Os Jogos Escolares do Paran\u00e1 (Jeps) revelavam um talento promissor para o esporte paranaense em 2022. Tr\u00eas anos se passaram e, h\u00e1 duas semanas, Julia Anny Colere Cruz, 14 anos, subiu ao p\u00f3dio do Mundial J\u00fanior de Gin\u00e1stica R\u00edtmica, em Sofia, na Bulg\u00e1ria, com o uniforme da Sele\u00e7\u00e3o Brasileira.<\/p>\n\n\n\n<p>A conquista de Julia e das integrantes de sua equipe, todas com idade entre 13 e 15 anos, recebeu destaque internacional e foi celebrada por f\u00e3s de gin\u00e1stica em todo o Brasil. E a comunidade escolar do Col\u00e9gio Estadual Vereador Raulino Costacurta, em Colombo, na Regi\u00e3o Metropolitana de Curitiba, teve motivos especiais para comemorar.<\/p>\n\n\n\n<p>\u201cNossos pais e alunos se orgulham de ter uma ex-colega na Sele\u00e7\u00e3o Brasileira, representando o Brasil, o Paran\u00e1 e o nosso Col\u00e9gio Raulino Costacurta para o mundo todo. Todos n\u00f3s ficamos encantados\u201d, afirma o diretor do col\u00e9gio, Marcelo Zanesco.<\/p>\n\n\n\n<p>A prata na prova conjunto-geral foi a primeira medalha mundial da hist\u00f3ria da gin\u00e1stica r\u00edtmica brasileira. No dia seguinte, Julia e as colegas Andriely Cichovicz, Amanda Manente, Alice Medeiros e Clara Vaz repetiram a dose e conquistaram, tamb\u00e9m, a prata na prova dos cinco arcos.<\/p>\n\n\n\n<p>Hoje uma das maiores promessas da gin\u00e1stica r\u00edtmica brasileira, Julia Cruz estudou no col\u00e9gio entre 2021 e 2023. No Raulino Costacurta, encontrou um ambiente prop\u00edcio para conciliar os estudos com os treinos no Clube Agir, sediado na Secretaria de Estado do Esporte do Paran\u00e1 (Sees-PR), em Curitiba. Pelo col\u00e9gio, participou de competi\u00e7\u00f5es e venceu campeonatos, adquirindo experi\u00eancia para os desafios que viriam.<\/p>\n\n\n\n<p>\u201cAqui no Col\u00e9gio Raulino n\u00f3s apoiamos&nbsp;nossos alunos em qualquer competi\u00e7\u00e3o esportiva que eles v\u00e3o disputar. E a Julia se sentiu acolhida com isso, sentiu como a escola se preocupava com ela e at\u00e9 mesmo com as condi\u00e7\u00f5es f\u00edsicas dela, porque \u00e9 um esporte que exige muito\u201d, acrescenta Zanesco.<\/p>\n\n\n\n<p>\u201cA escola e os professores sempre me apoiaram muito em rela\u00e7\u00e3o \u00e0 gin\u00e1stica, por exemplo, quando eu estava cansada e eles me ajudavam a continuar, ou quando eu perdia aulas e provas e eles me ajudavam a repor. O apoio deles foi incr\u00edvel\u201d, completa Julia.<\/p>\n\n\n\n<p><strong>DESTAQUE ESTADUAL<\/strong>&nbsp;\u2013 Nascida nos Estados Unidos e filha de pais brasileiros, Julia veio aos dois anos de idade para o Paran\u00e1. Em Colombo, ainda crian\u00e7a, teve o primeiro contato com a gin\u00e1stica.<\/p>\n\n\n\n<p>\u201cQuando eu era menor, eu adorava ficar brincando e dando estrelinha. E minha m\u00e3e estudou Educa\u00e7\u00e3o F\u00edsica e tamb\u00e9m trabalhava com gin\u00e1stica. Ent\u00e3o, quando eu tinha seis anos, ela me levou para fazer um teste no Clube Agir\u201d, recorda a ginasta. \u201cFiquei um m\u00eas na escolinha e me chamaram para a equipe de alto rendimento. Fui crescendo e, no ano passado, fui convocada para a Sele\u00e7\u00e3o Brasileira\u201d.<\/p>\n\n\n\n<p>Aos 11 anos, Julia representou o col\u00e9gio nos Jogos Escolares de 2022 e brilhou com tr\u00eas medalhas \u2013 ouro nos arcos, prata no individual-geral e prata por equipes. O desempenho rendeu \u00e0 jovem uma vaga nos Jogos Escolares Brasileiros, no Rio de Janeiro, onde tamb\u00e9m foi ao p\u00f3dio com duas medalhas de prata, nos arcos e na prova por equipes.<\/p>\n\n\n\n<p>No ano seguinte, o destaque veio em outras competi\u00e7\u00f5es estaduais e nacionais. Com cinco medalhas de prata, a colombense foi vice-campe\u00e3 absoluta nos Jogos da Juventude do Paran\u00e1 (Jojups). A seletiva para a Sele\u00e7\u00e3o Brasileira, no final do ano, foi o caminho natural para tanto talento. \u201cChegar na Sele\u00e7\u00e3o Brasileira era algo que passava pela minha cabe\u00e7a, mas era um sonho distante. N\u00e3o imaginava que realmente fosse acontecer, porque s\u00e3o muitas meninas treinando e tentando\u201d, relata.<\/p>\n\n\n\n<p>Mais do que a realiza\u00e7\u00e3o de um sonho, a convoca\u00e7\u00e3o representou uma mudan\u00e7a total na vida da ginasta. Em 2024, Julia se mudou para Aracaju (SE), sede do centro de treinamento da Sele\u00e7\u00e3o Brasileira de Gin\u00e1stica R\u00edtmica. Na capital sergipana, a jovem enfrenta o desafio de morar longe da fam\u00edlia pela primeira vez, enquanto mant\u00e9m uma rotina de atleta profissional: s\u00e3o 8 horas di\u00e1rias de treinos, intercaladas com os estudos em uma escola particular.<\/p>\n\n\n\n<p>As viagens tamb\u00e9m se tornaram mais frequentes. Antes da conquista hist\u00f3rica na Bulg\u00e1ria, Julia j\u00e1 havia representado a Sele\u00e7\u00e3o Brasileira em torneios na Guatemala e nos Emirados \u00c1rabes Unidos. A experi\u00eancia internacional e os resultados recentes s\u00f3 motivam a jovem em busca de seu principal objetivo: disputar os Jogos Ol\u00edmpicos.<\/p>\n\n\n\n<p>\u201cNo Mundial, t\u00ednhamos a expectativa de pegar uma final e ficar acima do sexto lugar, que era a melhor coloca\u00e7\u00e3o do Brasil at\u00e9 ent\u00e3o. Quando descobrimos que t\u00ednhamos ficado em segundo lugar, foi incr\u00edvel, um sonho, porque ningu\u00e9m esperava\u201d, conta, sobre as medalhas conquistadas na Bulg\u00e1ria.<\/p>\n\n\n\n<p>\u201cMeu objetivo, como de todo atleta, \u00e9 uma Olimp\u00edada. Depois do Mundial J\u00fanior, esse sonho ficou bem real na minha cabe\u00e7a. Se for da vontade de Deus, espero entrar para a sele\u00e7\u00e3o adulta, e acredito que posso chegar l\u00e1\u201d, projeta Julia.<\/p>\n\n\n\n<figure class=\"wp-block-image\"><a href=\"https:\/\/www.parana.pr.gov.br\/Galeria-de-Imagens\/Dos-Jogos-Escolares-para-o-mundo-colombense-sobre-ao-podio-no-Mundial-Junior-de#&amp;gid=1&amp;pid=10\"><img decoding=\"async\" src=\"https:\/\/www.parana.pr.gov.br\/sites\/default\/arquivos_restritos\/files\/imagem\/2025-07\/simone_ferraro-cbg_4.jpg\" alt=\"SEED - Jogos Escolares para o mundo: colombense brilha com medalha de prata no Mundial J\u00fanior de Gin\u00e1stica R\u00edtmica\"\/><\/a><figcaption class=\"wp-element-caption\">Foto: Simone Ferraro\/CBG<\/figcaption><\/figure>\n\n\n\n<p><br><strong>APOIO DO COL\u00c9GIO&nbsp;<\/strong>\u2013 Mesmo com apenas 14 anos de idade, Julia Cruz j\u00e1 tem muitas hist\u00f3rias para contar. O Col\u00e9gio Estadual Raulino Costacurta, em Colombo, foi palco de algumas delas.<\/p>\n\n\n\n<p>Enquanto cursava os anos finais do Ensino Fundamental no col\u00e9gio, Julia treinava at\u00e9 5 horas por dia no Clube Agir, refer\u00eancia na forma\u00e7\u00e3o de talentos para a gin\u00e1stica r\u00edtmica brasileira. A rotina corrida s\u00f3 foi superada com apoio de professores e da dire\u00e7\u00e3o escolar.<\/p>\n\n\n\n<p>\u201cO diretor Marcelo e a vice-diretora Karin sempre apoiaram e fizeram o poss\u00edvel para que a J\u00falia pudesse participar das competi\u00e7\u00f5es, conseguir as passagens, pagar as despesas. Eles sempre foram grandes apoiadores nesse sentido tamb\u00e9m\u201d, comenta a m\u00e3e de Julia, Giovana Colere.<\/p>\n\n\n\n<p>O incentivo ao talento da jovem ginasta n\u00e3o parou por a\u00ed: al\u00e9m de viabilizar a participa\u00e7\u00e3o de Julia em competi\u00e7\u00f5es como os Jogos Escolares, a dire\u00e7\u00e3o do Col\u00e9gio mobilizou a comunidade escolar e realizou vaquinhas para a compra de materiais necess\u00e1rios \u00e0 pr\u00e1tica da gin\u00e1stica. O diretor e a vice-diretora, Karin Castanheira, tamb\u00e9m apoiaram a estudante com a aquisi\u00e7\u00e3o de uma bola de gin\u00e1stica r\u00edtmica profissional, item que chega a custar quase R$ 1 mil.<\/p>\n\n\n\n<p>\u201cEra bem caro e minha fam\u00edlia n\u00e3o tinha condi\u00e7\u00f5es de comprar naquele momento. Ent\u00e3o, foi bem importante\u201d, conta Julia.<\/p>\n\n\n\n<p>A conquista da ginasta na Bulg\u00e1ria levou os nomes da Sele\u00e7\u00e3o Brasileira, do Clube Agir e do Col\u00e9gio Estadual Vereador Raulino Costacurta ao reconhecimento mundial. No col\u00e9gio, entretanto, o impacto do sucesso de Julia \u00e9 sentido h\u00e1 ainda mais tempo. \u201cO esporte, aqui, \u00e9 alinhado \u00e0 educa\u00e7\u00e3o, \u00e0 disciplina e ao racioc\u00ednio do aluno. Um bom atleta tem que ser um bom aluno e, com isso, ele acaba motivando o pr\u00f3ximo, que chama o pr\u00f3ximo e o pr\u00f3ximo, e assim vai. Estamos muito felizes com isso\u201d, destaca o diretor.<\/p>\n\n\n\n<p>O sucesso de colegas em competi\u00e7\u00f5es, junto \u00e0 oferta de treinos de diferentes modalidades no componente curricular de Educa\u00e7\u00e3o F\u00edsica e em Aulas Especializadas de Treinamento Esportivo (AETEs), s\u00e3o fatores que motivam demais estudantes \u00e0 pr\u00e1tica esportiva.<\/p>\n\n\n\n<p>Conforme a dire\u00e7\u00e3o escolar, basquete, jud\u00f4, karat\u00ea e xadrez est\u00e3o entre os esportes praticados por estudantes do col\u00e9gio, que atende cerca de 700 alunos do 6\u00b0 ano do Ensino Fundamental \u00e0 3\u00b0 S\u00e9rie do Ensino M\u00e9dio.<\/p>\n\n\n\n<p>Para Julia, a rela\u00e7\u00e3o com o col\u00e9gio tamb\u00e9m vai al\u00e9m da inspira\u00e7\u00e3o aos mais jovens. Mesmo a dist\u00e2ncia, a ginasta mant\u00e9m contato com antigos colegas e professores, com quem compartilha as conquistas no esporte. A fam\u00edlia da atleta, que ainda mora em Colombo, tamb\u00e9m fortalece os la\u00e7os com a escola \u2013 a irm\u00e3, Bella, ainda estuda no Raulino Costacurta, enquanto os pais, Washington e Giovana, continuam atuantes na rotina escolar.<\/p>\n\n\n\n<p>\u201cO col\u00e9gio foi muito importante para eu estar aqui hoje. \u00c9 muito legal como eles t\u00eam muitos jovens atletas e apoiam o esporte\u201d, lembra a ginasta. \u201cQuando eu era menor, eu via as meninas indo para mundiais, campeonatos pan-americanos, e era meu sonho estar aqui tamb\u00e9m. Eu tinha elas como inspira\u00e7\u00f5es, e fico feliz que outras criancinhas me vejam como inspira\u00e7\u00e3o hoje em dia\u201d.<\/p>\n\n\n\n<p><strong>JOGOS ESCOLARES<\/strong>&nbsp;\u2013 Os Jogos Escolares do Paran\u00e1 (Jeps) s\u00e3o uma realiza\u00e7\u00e3o do Governo do Estado, por meio das secretarias da Educa\u00e7\u00e3o e do Esporte, em parceria com N\u00facleos Regionais de Educa\u00e7\u00e3o (NREs), Escrit\u00f3rios Regionais do Esporte (EREs), prefeituras e a Federa\u00e7\u00e3o Paranaense do Desporto Escolar.<\/p>\n\n\n\n<p>Consolidados no calend\u00e1rio esportivo e escolar do Estado, os Jeps chegaram \u00e0 71\u00aa edi\u00e7\u00e3o em 2025. Neste ano, a competi\u00e7\u00e3o reuniu mais de 55 mil participantes, de quase 1,2 mil escolas das redes p\u00fablica e particular. Os jovens atletas disputam modalidades individuais e coletivas, como atletismo, atletismo paradesportivo, basquete, futsal, futsal paradesportivo, handebol, t\u00eanis de mesa, v\u00f4lei de praia, v\u00f4lei e xadrez.<\/p>\n\n\n\n<p>\u201cOs Jogos Escolares do Paran\u00e1 s\u00e3o uma refer\u00eancia na forma\u00e7\u00e3o de novos talentos para o esporte paranaenses. Mais do que isso, cumprem o objetivo de incentivar a pr\u00e1tica esportiva no ambiente escolar e contribuem para o desenvolvimento f\u00edsico, emocional e social dos estudantes\u201d, ressalta o secret\u00e1rio de Estado da Educa\u00e7\u00e3o, Roni Miranda.<\/p>\n\n\n\n<p>As fases regional e macrorregional dos Jeps 2025 j\u00e1 foram realizadas. Toledo (categoria de 12 a 14 anos) e Foz do Igua\u00e7u (categoria de 15 a 17 anos), no Oeste do Estado, receber\u00e3o as etapas finais, previstas para julho e agosto.<\/p>\n\n\n\n<p>J\u00e1 os Jogos da Juventude do Paran\u00e1 (Jojups) s\u00e3o voltados a estudantes de 14 a 17 anos, das redes p\u00fablica e privada de ensino. Neste ano, a 37\u00aa edi\u00e7\u00e3o dos Jojups j\u00e1 movimentou mais de 16,7 mil participantes de 307 munic\u00edpios.<\/p>\n\n\n\n<p>Os classificados na etapa regional garantiram vaga na fase macrorregional, que ocorrer\u00e1 entre os dias 14 e 17 de agosto nas cidades de Irati, Ivaipor\u00e3, Nova Esperan\u00e7a e Planalto. J\u00e1 a grande final estadual ser\u00e1 realizada em outubro, em Pato Branco. A disputa do atletismo acontecer\u00e1 separadamente, no final de julho, em Campo Mour\u00e3o.<\/p>\n\n\n\n<p>AEN\/PR<\/p>\n","protected":false},"excerpt":{"rendered":"<p>Os Jogos Escolares do Paran\u00e1 (Jeps) revelavam um talento promissor para o esporte paranaense em 2022. Tr\u00eas anos se passaram e, h\u00e1 duas semanas, Julia Anny Colere Cruz, 14 anos, subiu ao p\u00f3dio do Mundial J\u00fanior de Gin\u00e1stica R\u00edtmica, em Sofia, na Bulg\u00e1ria, com o uniforme da Sele\u00e7\u00e3o Brasileira. A conquista de Julia e das [&hellip;]<\/p>\n","protected":false},"author":2,"featured_media":69883,"comment_status":"open","ping_status":"open","sticky":false,"template":"","format":"standard","meta":{"advanced_seo_description":"","jetpack_seo_html_title":"","jetpack_seo_noindex":false,"_jetpack_memberships_contains_paid_content":false,"footnotes":""},"categories":[40],"tags":[],"class_list":{"0":"post-69882","1":"post","2":"type-post","3":"status-publish","4":"format-standard","5":"has-post-thumbnail","7":"category-destaques"},"jetpack_featured_media_url":"https:\/\/www.paranapraia.com.br\/wp-content\/uploads\/2025\/07\/simone_ferraro-cbg_1.jpg","jetpack_sharing_enabled":true,"_links":{"self":[{"href":"https:\/\/www.paranapraia.com.br\/index.php\/wp-json\/wp\/v2\/posts\/69882"}],"collection":[{"href":"https:\/\/www.paranapraia.com.br\/index.php\/wp-json\/wp\/v2\/posts"}],"about":[{"href":"https:\/\/www.paranapraia.com.br\/index.php\/wp-json\/wp\/v2\/types\/post"}],"author":[{"embeddable":true,"href":"https:\/\/www.paranapraia.com.br\/index.php\/wp-json\/wp\/v2\/users\/2"}],"replies":[{"embeddable":true,"href":"https:\/\/www.paranapraia.com.br\/index.php\/wp-json\/wp\/v2\/comments?post=69882"}],"version-history":[{"count":1,"href":"https:\/\/www.paranapraia.com.br\/index.php\/wp-json\/wp\/v2\/posts\/69882\/revisions"}],"predecessor-version":[{"id":69884,"href":"https:\/\/www.paranapraia.com.br\/index.php\/wp-json\/wp\/v2\/posts\/69882\/revisions\/69884"}],"wp:featuredmedia":[{"embeddable":true,"href":"https:\/\/www.paranapraia.com.br\/index.php\/wp-json\/wp\/v2\/media\/69883"}],"wp:attachment":[{"href":"https:\/\/www.paranapraia.com.br\/index.php\/wp-json\/wp\/v2\/media?parent=69882"}],"wp:term":[{"taxonomy":"category","embeddable":true,"href":"https:\/\/www.paranapraia.com.br\/index.php\/wp-json\/wp\/v2\/categories?post=69882"},{"taxonomy":"post_tag","embeddable":true,"href":"https:\/\/www.paranapraia.com.br\/index.php\/wp-json\/wp\/v2\/tags?post=69882"}],"curies":[{"name":"wp","href":"https:\/\/api.w.org\/{rel}","templated":true}]}}