{"id":69879,"date":"2025-07-04T12:13:28","date_gmt":"2025-07-04T15:13:28","guid":{"rendered":"https:\/\/www.paranapraia.com.br\/?p=69879"},"modified":"2025-07-04T12:13:31","modified_gmt":"2025-07-04T15:13:31","slug":"apos-sabado-de-sol-nova-frente-fria-impacta-o-tempo-no-parana-no-domingo-preve-simepar","status":"publish","type":"post","link":"https:\/\/www.paranapraia.com.br\/index.php\/2025\/07\/04\/apos-sabado-de-sol-nova-frente-fria-impacta-o-tempo-no-parana-no-domingo-preve-simepar\/","title":{"rendered":"Ap\u00f3s s\u00e1bado de sol, nova frente fria impacta o tempo no Paran\u00e1 no domingo, prev\u00ea Simepar"},"content":{"rendered":"\n<p>No inverno, como \u00e9 caracter\u00edstica da esta\u00e7\u00e3o, o amanhecer \u00e9 gelado. Mas entre as manh\u00e3s e as tardes, as condi\u00e7\u00f5es do tempo podem mudar e \u00e9 o que ocorrer\u00e1 neste s\u00e1bado (5), prev\u00ea o&nbsp;Simepar (Sistema de Tecnologia e Monitoramento Ambiental do Paran\u00e1). No per\u00edodo da tarde ser\u00e1 poss\u00edvel matar a saudade do sol. No domingo (06), entretanto, uma nova frente fria se desloca para o oceano na altura do Rio Grande do Sul, causando no Paran\u00e1 novo decl\u00ednio das temperaturas no per\u00edodo da tarde. Muitas cidades ter\u00e3o nebulosidade e chuva fraca.<\/p>\n\n\n\n<p>De acordo com o Simepar, o amanhecer desta sexta-feira manteve o padr\u00e3o de temperaturas abaixo de 10\u00b0C, principalmente na metade Sul do Paran\u00e1. A nebulosidade segue presente no Leste, Campos Gerais e Centro Sul, onde podem ocorrer chuvas fracas e chuviscos ocasionais.&nbsp;<\/p>\n\n\n\n<p>No s\u00e1bado, ainda com o amanhecer gelado, h\u00e1 previs\u00e3o de geada fraca no Sudoeste e Sul do Estado. \u00c0 tarde as condi\u00e7\u00f5es do tempo melhoram. \u201cNo Leste e Centro-Sul, devido \u00e0 mudan\u00e7a na circula\u00e7\u00e3o dos ventos, o sol volta a aparecer com maior intensidade, principalmente no per\u00edodo da tarde do s\u00e1bado. Ainda entre nuvens, o sol far\u00e1 com que as temperaturas se elevem um pouco em rela\u00e7\u00e3o aos \u00faltimos dias. Teremos temperaturas entre 15\u00b0C e 17\u00b0C\u201d, explica Paulo Barbieri, meteorologista do Simepar.<\/p>\n\n\n\n<p>No domingo, o dia come\u00e7a novamente com temperaturas baixas principalmente na metade Sul do Paran\u00e1. Permanece a previs\u00e3o de geada para as regi\u00f5es Centro-Sul, Sul e Sudoeste, em \u00e1reas pr\u00f3ximas \u00e0 divisa com Santa Catarina. \u201cJ\u00e1 no decorrer do dia, o deslocamento de uma frente fria sobre o oceano na altura do Uruguai e Rio Grande do Sul, favorece o aumento da nebulosidade na regi\u00e3o Leste e nos Campos Gerais do Paran\u00e1, devido \u00e0 mudan\u00e7a na circula\u00e7\u00e3o dos ventos\u201d, detalha Barbieri.<\/p>\n\n\n\n<p>Por conta da frente fria, na tarde de domingo as temperaturas subir\u00e3o menos do que s\u00e1bado. Na Capital a m\u00e1xima n\u00e3o deve passar de 15\u00b0C, com registro de chuvas fracas ocasionais entre o final da tarde e a noite de domingo. Nas demais regi\u00f5es o tempo segue est\u00e1vel com predom\u00ednio de sol, e temperaturas chegando aos 22\u00b0C.<\/p>\n\n\n\n<p>Como a frente fria n\u00e3o atravessar\u00e1 o Paran\u00e1, dessa vez os impactos passar\u00e3o r\u00e1pido. Na pr\u00f3xima semana o tempo come\u00e7a a secar por todo o Estado, ou seja, os registros de chuva ser\u00e3o menos frequentes. As m\u00ednimas seguem mais baixas em Palmas, entre 6\u00b0C e 8\u00b0C, e as m\u00e1ximas mais altas est\u00e3o previstas para o Noroeste, entre 21\u00b0C e 25\u00b0C.<\/p>\n\n\n\n<p><strong>SIMEPAR&nbsp;<\/strong>\u2013 Com uma estrutura de 120 esta\u00e7\u00f5es meteorol\u00f3gicas telem\u00e9tricas autom\u00e1ticas, tr\u00eas radares meteorol\u00f3gicos e cinco sensores de descargas atmosf\u00e9ricas, o Simepar \u00e9 respons\u00e1vel por fornecer dados meteorol\u00f3gicos para \u00f3rg\u00e3os como a Coordenadoria da Defesa Civil e a Secretaria do Desenvolvimento Sustent\u00e1vel, de modo a facilitar a\u00e7\u00f5es de resposta a situa\u00e7\u00f5es extremas. S\u00e3o monitoradas desde situa\u00e7\u00f5es causadas por chuvas extremas, como enxurradas, deslizamentos e alagamentos, at\u00e9 situa\u00e7\u00f5es como inc\u00eandios e secas.<\/p>\n\n\n\n<p>Dados mais detalhados da previs\u00e3o do tempo para os 399 munic\u00edpios paranaenses est\u00e3o dispon\u00edveis no site&nbsp;<a href=\"https:\/\/www.simepar.br\/\" target=\"_blank\" rel=\"noreferrer noopener\">www.simepar.br.<\/a>&nbsp;A previs\u00e3o tem duas atualiza\u00e7\u00f5es di\u00e1rias. Para cada cidade \u00e9 poss\u00edvel saber o quanto deve chover, temperaturas m\u00ednimas e m\u00e1ximas previstas, umidade relativa do ar e vento, com detalhamento por hora para a data e o dia seguinte.<\/p>\n\n\n\n<p>AEN\/PR<\/p>\n","protected":false},"excerpt":{"rendered":"<p>No inverno, como \u00e9 caracter\u00edstica da esta\u00e7\u00e3o, o amanhecer \u00e9 gelado. Mas entre as manh\u00e3s e as tardes, as condi\u00e7\u00f5es do tempo podem mudar e \u00e9 o que ocorrer\u00e1 neste s\u00e1bado (5), prev\u00ea o&nbsp;Simepar (Sistema de Tecnologia e Monitoramento Ambiental do Paran\u00e1). No per\u00edodo da tarde ser\u00e1 poss\u00edvel matar a saudade do sol. No domingo [&hellip;]<\/p>\n","protected":false},"author":2,"featured_media":69880,"comment_status":"open","ping_status":"open","sticky":false,"template":"","format":"standard","meta":{"advanced_seo_description":"","jetpack_seo_html_title":"","jetpack_seo_noindex":false,"_jetpack_memberships_contains_paid_content":false,"footnotes":""},"categories":[84],"tags":[],"class_list":{"0":"post-69879","1":"post","2":"type-post","3":"status-publish","4":"format-standard","5":"has-post-thumbnail","7":"category-clima"},"jetpack_featured_media_url":"https:\/\/www.paranapraia.com.br\/wp-content\/uploads\/2025\/07\/roberto4_2.jpg","jetpack_sharing_enabled":true,"_links":{"self":[{"href":"https:\/\/www.paranapraia.com.br\/index.php\/wp-json\/wp\/v2\/posts\/69879"}],"collection":[{"href":"https:\/\/www.paranapraia.com.br\/index.php\/wp-json\/wp\/v2\/posts"}],"about":[{"href":"https:\/\/www.paranapraia.com.br\/index.php\/wp-json\/wp\/v2\/types\/post"}],"author":[{"embeddable":true,"href":"https:\/\/www.paranapraia.com.br\/index.php\/wp-json\/wp\/v2\/users\/2"}],"replies":[{"embeddable":true,"href":"https:\/\/www.paranapraia.com.br\/index.php\/wp-json\/wp\/v2\/comments?post=69879"}],"version-history":[{"count":1,"href":"https:\/\/www.paranapraia.com.br\/index.php\/wp-json\/wp\/v2\/posts\/69879\/revisions"}],"predecessor-version":[{"id":69881,"href":"https:\/\/www.paranapraia.com.br\/index.php\/wp-json\/wp\/v2\/posts\/69879\/revisions\/69881"}],"wp:featuredmedia":[{"embeddable":true,"href":"https:\/\/www.paranapraia.com.br\/index.php\/wp-json\/wp\/v2\/media\/69880"}],"wp:attachment":[{"href":"https:\/\/www.paranapraia.com.br\/index.php\/wp-json\/wp\/v2\/media?parent=69879"}],"wp:term":[{"taxonomy":"category","embeddable":true,"href":"https:\/\/www.paranapraia.com.br\/index.php\/wp-json\/wp\/v2\/categories?post=69879"},{"taxonomy":"post_tag","embeddable":true,"href":"https:\/\/www.paranapraia.com.br\/index.php\/wp-json\/wp\/v2\/tags?post=69879"}],"curies":[{"name":"wp","href":"https:\/\/api.w.org\/{rel}","templated":true}]}}